{"id":2192,"date":"2012-03-14T23:13:49","date_gmt":"2012-03-14T22:13:49","guid":{"rendered":"http:\/\/www.caths.cz\/wordpress\/?p=2192"},"modified":"2012-03-14T23:13:49","modified_gmt":"2012-03-14T22:13:49","slug":"jake-zavody-bude-poradat-sk-handicapovanych-cyklistu-praha-nutrend-specialized-cycling-v-roce-2012","status":"publish","type":"post","link":"https:\/\/www.caths.cz\/wordpress\/jake-zavody-bude-poradat-sk-handicapovanych-cyklistu-praha-nutrend-specialized-cycling-v-roce-2012\/","title":{"rendered":"Jak\u00e9 z\u00e1vody bude po\u0159\u00e1dat SK Handicapovan\u00fdch cyklist\u016f Praha &#8211; NUTREND SPECIALIZED Cycling v roce 2012?"},"content":{"rendered":"<p align=\"justify\">\nTradi\u010dn\u00ed po\u0159adatel z\u00e1vod\u016f pro cyklisty s handicapem i bez handicapu, SK Handicapovan\u00fdch cyklist\u016f Praha \u2013 NUTREND SPECIALIZED CYCLING, zve\u0159ejnil sv\u016fj po\u0159adatelsk\u00fd pl\u00e1n pro rok 2012.<br \/>\nPraha se m\u00e1 na co t\u011b\u0161it, prakticky v\u0161echny z\u00e1vody, kter\u00e9 tento t\u00fdm po\u0159\u00e1d\u00e1 se dost\u00e1vaj\u00ed do renomovan\u00fdch evropsk\u00fdch \u010di \u010desk\u00fdch seri\u00e1l\u016f.<\/p>\n<p align=\"justify\"> Pro handicapovan\u00e9 cyklisty bude pak skute\u010dnou v\u00fdzvou p\u0159ipravovan\u00e1 Para-cycling EUROPEAN CUP TOUR. O co jde? Po\u0159adatel\u00e9 SK HCP oslovili dal\u0161\u00ed vybran\u00e9 po\u0159adatele Evropsk\u00e9ho poh\u00e1ru handicapovan\u00fdch cyklist\u016f za\u0159azen\u00fdch do kategorie P1 a propojili jednotliv\u00e9 z\u00e1vody v bodovan\u00fd seri\u00e1l. Vznik\u00e1 tak unik\u00e1tn\u00ed projekt, jeho\u017e fin\u00e1le uvid\u00edme v z\u00e1\u0159\u00ed v Praze na Strahov\u011b.<img decoding=\"async\" src=\"\/wordpress\/image\/k_clankum\/ecp_cup_logo.jpg\" ALIGN=\"right\" HSPACE=5 VSPACE=5\"> <br \/> V\u00edce o Para-cycling European Cup Tour p\u0159ineseme v samostatn\u00e9m \u010dl\u00e1nku, ale u\u017e nyn\u00ed \u010dten\u00e1\u0159i www.caths.cz mohou jako v\u016fbec prvn\u00ed vid\u011bt logo tohoto z\u00e1vodu. <\/p>\n<p> <strong> Po\u0159adatelsk\u00e9 novinky SK Handicapovan\u00fdch cyklist\u016f Praha &#8211; NUTREND SPECIALIZED Cycling v roce 2012:<\/strong> <\/p>\n<p> 1) z\u00e1vod horsk\u00fdch kol KING OF PRAGUE MTB je za\u0159azen do presti\u017en\u00ed poh\u00e1rov\u00e9 s\u00e9rie horsk\u00fdch kol CENTRAL EUROPEAN CUP<br \/> 2) cyklokrosov\u00fd z\u00e1vod Pra\u017esk\u00fd cyklokros bude sou\u010d\u00e1st\u00ed n\u00e1rodn\u00edho cyklokrosov\u00e9ho poh\u00e1ru TOI TOI CUP ml\u00e1de\u017enick\u00fdch kategori\u00ed<br \/> 3) budeme po\u0159\u00e1dat celopra\u017esk\u00fd z\u00e1vod MTB z\u00e1kladn\u00edch \u0161kol s n\u00e1zvem Velk\u00e1 cena Prahy 17 Z\u00e1kladn\u00edch \u0161kol aneb hled\u00e1me nov\u00e9ho Jaroslava Kulhav\u00e9ho, Michala Prokopa, Radom\u00edra \u0160im\u016fnka&#8230;<br \/> 4) tradi\u010dn\u00ed silni\u010dn\u00ed fin\u00e1lov\u00fd z\u00e1vod Evropsk\u00e9ho poh\u00e1ru handicapovan\u00fdch cyklist\u016f v Praze na Strahov\u011b bude dvoudenn\u00ed a vrac\u00edme zp\u011bt jeho integra\u010dn\u00ed podobu \u2013 v obou dnech se pojede i fin\u00e1lov\u00fd z\u00e1vod \u010cesk\u00e9ho poh\u00e1ru ml\u00e1de\u017enick\u00fdch a juniorsk\u00fdch kategori\u00ed na silnici a kone\u010dn\u011b i z\u00e1vod kategori\u00ed Hobby a Masters, kter\u00fd se uskute\u010dn\u00ed jako popul\u00e1rn\u00ed Memori\u00e1l Ev\u017eena Cihl\u00e1\u0159e<br \/> 5) SK HCP je gener\u00e1ln\u00edm po\u0159adatelem Para Cycling European CUP TOUR 2012 \u2013 propojen\u00ed z\u00e1vod\u016f Evropsk\u00e9ho poh\u00e1ru handicapovan\u00fdch cyklist\u016f<\/p>\n<p> <strong>P\u0159ehled z\u00e1vod\u016f:<\/strong><\/p>\n<p> 22.4. ne KING OF PRAGUE MTB + BMX I. \u2013 CENTRAL EUROPEAN CUP (Praha \u2013 \u0158epy)<br \/> 27.6. st Velk\u00e1 cena Prahy 17 Z\u00e1kladn\u00edch \u0161kol (Praha \u2013 \u0158epy)<br \/> 29.9. \u2013 30.9. so+ne Para-cycling EUROPEAN CUP Tour 2012 Final race, Fin\u00e1le \u010cesk\u00e9ho poh\u00e1ru ml\u00e1de\u017ee na silnici, Memori\u00e1l Ev\u017eena Cihl\u00e1\u0159e (Praha \u2013 Strahov)<br \/> 10.11. so KING OF PRAGUE MTB + BMX II. \u2013 ve\u0159ejn\u00fd z\u00e1vod na trati Pra\u017esk\u00e9ho cyklokrosu (Praha \u2013 \u0158epy)<br \/> 11.11. ne Pra\u017esk\u00fd cyklokros TOI TOI CUP a \u010cesk\u00fd poh\u00e1r Masters (Praha \u2013 \u0158epy)<br \/> listopad, prosinec, leden \u010cesk\u00fd poh\u00e1r handicapovan\u00fdch cyklist\u016f na dr\u00e1ze a mezin\u00e1rodn\u00ed M\u010cR handicapovan\u00fdch cyklist\u016f na dr\u00e1ze (Praha \u2013 Motol) <\/p>\n<p> V\u00edce informac\u00ed, propozice a aktuality na <a href=\"http:\/\/www.skhcp.cz\/\" target=\"_blank\"> www.skhcp.cz<\/a><\/p>\n","protected":false},"excerpt":{"rendered":"<a href=\"https:\/\/www.caths.cz\/wordpress\/jake-zavody-bude-poradat-sk-handicapovanych-cyklistu-praha-nutrend-specialized-cycling-v-roce-2012\/\"><img loading=\"lazy\" decoding=\"async\" width=\"100\" height=\"100\" src=\"https:\/\/www.caths.cz\/wordpress\/wp-content\/plugins\/thumbnail-for-excerpts\/tfe_no_thumb.png\" class=\"alignleft wp-post-image tfe\" alt=\"\" title=\"\" \/><\/a><p>Tradi\u010dn\u00ed po\u0159adatel z\u00e1vod\u016f pro cyklisty s handicapem i bez handicapu, SK Handicapovan\u00fdch cyklist\u016f Praha \u2013 NUTREND SPECIALIZED CYCLING, zve\u0159ejnil sv\u016fj po\u0159adatelsk\u00fd pl\u00e1n pro rok 2012. Praha se m\u00e1 na co [&hellip;]<\/p>\n","protected":false},"author":1,"featured_media":0,"comment_status":"closed","ping_status":"closed","sticky":false,"template":"","format":"standard","meta":{"ngg_post_thumbnail":0,"footnotes":""},"categories":[40],"tags":[],"class_list":["post-2192","post","type-post","status-publish","format-standard","hentry","category-pojed-s-nami"],"_links":{"self":[{"href":"https:\/\/www.caths.cz\/wordpress\/wp-json\/wp\/v2\/posts\/2192","targetHints":{"allow":["GET"]}}],"collection":[{"href":"https:\/\/www.caths.cz\/wordpress\/wp-json\/wp\/v2\/posts"}],"about":[{"href":"https:\/\/www.caths.cz\/wordpress\/wp-json\/wp\/v2\/types\/post"}],"author":[{"embeddable":true,"href":"https:\/\/www.caths.cz\/wordpress\/wp-json\/wp\/v2\/users\/1"}],"replies":[{"embeddable":true,"href":"https:\/\/www.caths.cz\/wordpress\/wp-json\/wp\/v2\/comments?post=2192"}],"version-history":[{"count":0,"href":"https:\/\/www.caths.cz\/wordpress\/wp-json\/wp\/v2\/posts\/2192\/revisions"}],"wp:attachment":[{"href":"https:\/\/www.caths.cz\/wordpress\/wp-json\/wp\/v2\/media?parent=2192"}],"wp:term":[{"taxonomy":"category","embeddable":true,"href":"https:\/\/www.caths.cz\/wordpress\/wp-json\/wp\/v2\/categories?post=2192"},{"taxonomy":"post_tag","embeddable":true,"href":"https:\/\/www.caths.cz\/wordpress\/wp-json\/wp\/v2\/tags?post=2192"}],"curies":[{"name":"wp","href":"https:\/\/api.w.org\/{rel}","templated":true}]}}