{"id":2160,"date":"2012-02-10T12:29:55","date_gmt":"2012-02-10T11:29:55","guid":{"rendered":"http:\/\/www.caths.cz\/wordpress\/?p=2160"},"modified":"2012-02-10T12:29:55","modified_gmt":"2012-02-10T11:29:55","slug":"sledujte-zive-prenosy-z-ms-v-cyklistice","status":"publish","type":"post","link":"https:\/\/www.caths.cz\/wordpress\/sledujte-zive-prenosy-z-ms-v-cyklistice\/","title":{"rendered":"Sledujte \u017eiv\u00e9 p\u0159enosy z MS v cyklistice"},"content":{"rendered":"<p align=\"justify\">\nDne\u0161n\u00ed den bude na dr\u00e1hov\u00e9m mistrovstv\u00ed sv\u011bta pat\u0159it st\u00edhac\u00edm z\u00e1vod\u016fm v\u0161ech mu\u017esk\u00fdch kategori\u00ed C. Postupn\u011b se v nich p\u0159edstav\u00ed Ivo Koblasa, nov\u011b p\u0159eklasifikovan\u00fd do kategorie C2. D\u00e1le Michal Stark (C2),  Miroslav Dongres (C3), Ji\u0159\u00ed Bou\u0161ka (C4) a nakonec Jirka Je\u017eek (C4) \u2013 obh\u00e1jce lo\u0148sk\u00e9ho titulu mistra sv\u011bta.<\/p>\n<p>Jejich j\u00edzdy m\u016f\u017eete \u017eiv\u011b sledovat na internetov\u00e9 TV stanici <a href=\"http:\/\/www.ustream.tv\/channel\/uci-para-cycling-world-championships-2012\" target=\"_blank\"> zde<\/a><\/p>\n","protected":false},"excerpt":{"rendered":"<a href=\"https:\/\/www.caths.cz\/wordpress\/sledujte-zive-prenosy-z-ms-v-cyklistice\/\"><img loading=\"lazy\" decoding=\"async\" width=\"100\" height=\"100\" src=\"https:\/\/www.caths.cz\/wordpress\/wp-content\/plugins\/thumbnail-for-excerpts\/tfe_no_thumb.png\" class=\"alignleft wp-post-image tfe\" alt=\"\" title=\"\" \/><\/a><p>Dne\u0161n\u00ed den bude na dr\u00e1hov\u00e9m mistrovstv\u00ed sv\u011bta pat\u0159it st\u00edhac\u00edm z\u00e1vod\u016fm v\u0161ech mu\u017esk\u00fdch kategori\u00ed C. Postupn\u011b se v nich p\u0159edstav\u00ed Ivo Koblasa, nov\u011b p\u0159eklasifikovan\u00fd do kategorie C2. D\u00e1le Michal Stark (C2), [&hellip;]<\/p>\n","protected":false},"author":1,"featured_media":0,"comment_status":"closed","ping_status":"closed","sticky":false,"template":"","format":"standard","meta":{"ngg_post_thumbnail":0,"footnotes":""},"categories":[2],"tags":[],"class_list":["post-2160","post","type-post","status-publish","format-standard","hentry","category-cyklistika"],"_links":{"self":[{"href":"https:\/\/www.caths.cz\/wordpress\/wp-json\/wp\/v2\/posts\/2160","targetHints":{"allow":["GET"]}}],"collection":[{"href":"https:\/\/www.caths.cz\/wordpress\/wp-json\/wp\/v2\/posts"}],"about":[{"href":"https:\/\/www.caths.cz\/wordpress\/wp-json\/wp\/v2\/types\/post"}],"author":[{"embeddable":true,"href":"https:\/\/www.caths.cz\/wordpress\/wp-json\/wp\/v2\/users\/1"}],"replies":[{"embeddable":true,"href":"https:\/\/www.caths.cz\/wordpress\/wp-json\/wp\/v2\/comments?post=2160"}],"version-history":[{"count":0,"href":"https:\/\/www.caths.cz\/wordpress\/wp-json\/wp\/v2\/posts\/2160\/revisions"}],"wp:attachment":[{"href":"https:\/\/www.caths.cz\/wordpress\/wp-json\/wp\/v2\/media?parent=2160"}],"wp:term":[{"taxonomy":"category","embeddable":true,"href":"https:\/\/www.caths.cz\/wordpress\/wp-json\/wp\/v2\/categories?post=2160"},{"taxonomy":"post_tag","embeddable":true,"href":"https:\/\/www.caths.cz\/wordpress\/wp-json\/wp\/v2\/tags?post=2160"}],"curies":[{"name":"wp","href":"https:\/\/api.w.org\/{rel}","templated":true}]}}