{"id":2158,"date":"2012-02-08T14:11:42","date_gmt":"2012-02-08T13:11:42","guid":{"rendered":"http:\/\/www.caths.cz\/wordpress\/?p=2158"},"modified":"2012-02-08T14:11:42","modified_gmt":"2012-02-08T13:11:42","slug":"napinavy-prilet-cyklistu-na-mistrovstvi-sveta","status":"publish","type":"post","link":"https:\/\/www.caths.cz\/wordpress\/napinavy-prilet-cyklistu-na-mistrovstvi-sveta\/","title":{"rendered":"Nap\u00ednav\u00fd p\u0159\u00edlet cyklist\u016f na mistrovstv\u00ed sv\u011bta"},"content":{"rendered":"<p align=\"justify\">\nCyklist\u00e9 maj\u00ed za sebou v d\u011bji\u0161ti dr\u00e1hov\u00e9ho mistrovstv\u00ed sv\u011bta prvn\u00ed dva dny. A\u017e do \u00fatern\u00edho odpoledne ov\u0161em nebylo jasn\u00e9, jestli si v\u016fbec sednou na kolo. <\/p>\n<p align=\"justify\"> B\u011bhem p\u0159estupu v Amsterdamu leti\u0161tn\u00ed person\u00e1l nep\u0159elo\u017eil z letadla z Prahy \u017e\u00e1dn\u00e1 zavazadla, ani kola. Do Los Angeles tud\u00ed\u017e v\u00fdprava dorazila velmi nalehko, zato s velk\u00fdmi obavami, co bude d\u00e1l a kdy se se sv\u00fdmi koly a osobn\u00edmi zavazadly setkaj\u00ed.<br \/> Na\u0161t\u011bst\u00ed v\u0161e dob\u0159e dopadlo a v \u00fater\u00fd kola i ta\u0161ky dorazily. D\u00edky po\u0159adatel\u016fm, kte\u0159\u00ed vy\u0161li \u010desk\u00e9mu t\u00fdmu vst\u0159\u00edc, mohli cyklist\u00e9 i ve ve\u010dern\u00edch hodin\u00e1ch odtr\u00e9novat. <\/p>\n<p> <img decoding=\"async\" src=\"\/wordpress\/image\/k_clankum\/la1\/1.jpg\"> <\/p>\n<p> <img decoding=\"async\" src=\"\/wordpress\/image\/k_clankum\/la1\/2.jpg\"> <\/p>\n<p> <img decoding=\"async\" src=\"\/wordpress\/image\/k_clankum\/la1\/3.jpg\"> <\/p>\n<p> <img decoding=\"async\" src=\"\/wordpress\/image\/k_clankum\/la1\/4.jpg\"> <\/p>\n<p> FOTO: S. Je\u017ekov\u00e1<\/p>\n","protected":false},"excerpt":{"rendered":"<a href=\"https:\/\/www.caths.cz\/wordpress\/napinavy-prilet-cyklistu-na-mistrovstvi-sveta\/\"><img loading=\"lazy\" decoding=\"async\" width=\"100\" height=\"100\" src=\"https:\/\/www.caths.cz\/wordpress\/wp-content\/plugins\/thumbnail-for-excerpts\/tfe_no_thumb.png\" class=\"alignleft wp-post-image tfe\" alt=\"\" title=\"\" \/><\/a><p>Cyklist\u00e9 maj\u00ed za sebou v d\u011bji\u0161ti dr\u00e1hov\u00e9ho mistrovstv\u00ed sv\u011bta prvn\u00ed dva dny. A\u017e do \u00fatern\u00edho odpoledne ov\u0161em nebylo jasn\u00e9, jestli si v\u016fbec sednou na kolo. B\u011bhem p\u0159estupu v Amsterdamu leti\u0161tn\u00ed [&hellip;]<\/p>\n","protected":false},"author":1,"featured_media":0,"comment_status":"closed","ping_status":"closed","sticky":false,"template":"","format":"standard","meta":{"ngg_post_thumbnail":0,"footnotes":""},"categories":[2],"tags":[],"class_list":["post-2158","post","type-post","status-publish","format-standard","hentry","category-cyklistika"],"_links":{"self":[{"href":"https:\/\/www.caths.cz\/wordpress\/wp-json\/wp\/v2\/posts\/2158","targetHints":{"allow":["GET"]}}],"collection":[{"href":"https:\/\/www.caths.cz\/wordpress\/wp-json\/wp\/v2\/posts"}],"about":[{"href":"https:\/\/www.caths.cz\/wordpress\/wp-json\/wp\/v2\/types\/post"}],"author":[{"embeddable":true,"href":"https:\/\/www.caths.cz\/wordpress\/wp-json\/wp\/v2\/users\/1"}],"replies":[{"embeddable":true,"href":"https:\/\/www.caths.cz\/wordpress\/wp-json\/wp\/v2\/comments?post=2158"}],"version-history":[{"count":0,"href":"https:\/\/www.caths.cz\/wordpress\/wp-json\/wp\/v2\/posts\/2158\/revisions"}],"wp:attachment":[{"href":"https:\/\/www.caths.cz\/wordpress\/wp-json\/wp\/v2\/media?parent=2158"}],"wp:term":[{"taxonomy":"category","embeddable":true,"href":"https:\/\/www.caths.cz\/wordpress\/wp-json\/wp\/v2\/categories?post=2158"},{"taxonomy":"post_tag","embeddable":true,"href":"https:\/\/www.caths.cz\/wordpress\/wp-json\/wp\/v2\/tags?post=2158"}],"curies":[{"name":"wp","href":"https:\/\/api.w.org\/{rel}","templated":true}]}}