{"id":2156,"date":"2012-02-05T23:26:41","date_gmt":"2012-02-05T22:26:41","guid":{"rendered":"http:\/\/www.caths.cz\/wordpress\/?p=2156"},"modified":"2012-02-05T23:26:41","modified_gmt":"2012-02-05T22:26:41","slug":"integracni-proces-mezi-caths-a-cstps","status":"publish","type":"post","link":"https:\/\/www.caths.cz\/wordpress\/integracni-proces-mezi-caths-a-cstps\/","title":{"rendered":"Integra\u010dn\u00ed proces mezi \u010cATHS a \u010cSTPS"},"content":{"rendered":"<p align=\"justify\">Veden\u00ed \u010cATHS nikdy nepop\u00edralo, \u017ee je p\u0159ipraveno uskute\u010dnit integra\u010dn\u00ed proces mezi \u010cATHS a \u010cSTPS a to vzhledem k okolnostem, kter\u00e9 ohro\u017euj\u00ed start \u010desk\u00fdch sportovc\u016f na paralympijsk\u00fdch hr\u00e1ch v Lond\u00fdn\u011b 2012, n\u00e1tlaku instituc\u00ed a nov\u011b i zastaven\u00ed financov\u00e1n\u00ed \u010desk\u00e9ho sportu handicapovan\u00fdch.<br \/>\nNicm\u00e9n\u011b \u010cATHS chce respektovat n\u00e1zor z\u00e1stupc\u016f sport\u016f a klub\u016f a jejich v\u00fdzvu ze dne 20.prosince 2011, zajistit sportovc\u016fm a reprezenta\u010dn\u00edm t\u00fdm\u016fm neru\u0161enou p\u0159\u00edpravu na paralympijsk\u00e9 hry v Lond\u00fdn\u011b 2012 a i z tohoto d\u016fvodu hodl\u00e1 integra\u010dn\u00ed proces p\u0159ipravit na z\u00e1v\u011br roku 2012.\n<\/p>\n<p align=\"justify\">Veden\u00ed \u010cATHS se domn\u00edv\u00e1, \u017ee integra\u010dn\u00ed proces obou subjekt\u016f mus\u00ed b\u00fdt proveden tak, aby nov\u011b vznikl\u00e1 organizace byla funk\u010dn\u00edm, \u017eivotaschopn\u00fdm uskupen\u00edm, kter\u00e9 bude dlouhodob\u011b slou\u017eit ku prosp\u011bchu sportovc\u016f, nikoliv jako n\u00e1stroj realizace osobn\u00edch ambic\u00ed. Integra\u010dn\u00ed proces tedy mus\u00ed prob\u011bhnout p\u0159irozen\u00fdm, nen\u00e1siln\u00fdm postupem. V\u00fdsledkem by v opa\u010dn\u00e9m p\u0159\u00edpad\u011b byl jenom dal\u0161\u00ed rozkol. Integrace mus\u00ed b\u00fdt u\u010din\u011bna s rozmyslem, svobodn\u011b, po kompromisn\u00ed dohod\u011b obou organizac\u00ed, s minim\u00e1ln\u00edm naru\u0161en\u00edm sportovn\u00edch aktivit. <\/p>\n<p> \u010cATHS bude se z\u00e1stupci \u010cSTPS jednat a integraci realizovat za zcela vyrovnan\u00fdch a korektn\u00edch podm\u00ednek. <br \/> Veden\u00ed \u010cATHS bude d\u016fsledn\u011b db\u00e1t na to, aby po integraci nebyl naru\u0161en osv\u011bd\u010den\u00fd syst\u00e9m fungov\u00e1n\u00ed a financov\u00e1n\u00ed jednotliv\u00fdch sport\u016f, reprezentac\u00ed, administrativn\u00edho a informa\u010dn\u00edho servisu \u010di podpora a po\u0159adatelstv\u00ed sportovn\u00edch sout\u011b\u017e\u00ed, na kter\u00fd jsou sportovci \u010cATHS zvykl\u00ed. <\/p>\n<p> V souvislosti s t\u00edm veden\u00ed \u010cATHS vyzvalo z\u00e1stupce \u010cSTPS ke spole\u010dn\u00e9 sch\u016fzce neju\u017e\u0161\u00edho veden\u00ed obou organizac\u00ed v term\u00ednech 4. p\u0159\u00edpadn\u011b 5. \u00fanora 2012 tak, aby na v\u00fdsledky sch\u016fzky mohlo b\u00fdt nav\u00e1z\u00e1no na VG \u010cPV, kter\u00e9 zased\u00e1 v pond\u011bl\u00ed 6.2. 2012. <br \/> Smyslem sch\u016fzky m\u011blo b\u00fdt rychl\u00e9 zah\u00e1jen\u00ed spole\u010dn\u00fdch jedn\u00e1n\u00ed obou organizac\u00ed, vedouc\u00ed ke vzniku Memoranda o spolupr\u00e1ci p\u0159i integraci tak, jak je definov\u00e1no v jednom z po\u017eadavk\u016f IPC, formulovan\u00fdch dopisem ze dne 2.2.2012 a kone\u010dn\u011b, nem\u011bnn\u00e9 nastaven\u00ed nekonfliktn\u00edch komunika\u010dn\u00edch pravidel mezi ob\u011bma subjekty.<br \/> Veden\u00ed \u010cSTPS osobn\u00ed sch\u016fzku odm\u00edtlo, trv\u00e1 na p\u00edsemn\u00e9 komunikaci. Veden\u00ed \u010cATHS je p\u0159ipraveno d\u00e1le postupovat podle instrukc\u00ed IPC tak, aby byl zaji\u0161t\u011bn start na\u0161ich sportovc\u016f na LPH v Lond\u00fdn\u011b 2012. <\/p>\n","protected":false},"excerpt":{"rendered":"<a href=\"https:\/\/www.caths.cz\/wordpress\/integracni-proces-mezi-caths-a-cstps\/\"><img loading=\"lazy\" decoding=\"async\" width=\"100\" height=\"100\" src=\"https:\/\/www.caths.cz\/wordpress\/wp-content\/plugins\/thumbnail-for-excerpts\/tfe_no_thumb.png\" class=\"alignleft wp-post-image tfe\" alt=\"\" title=\"\" \/><\/a><p>Veden\u00ed \u010cATHS nikdy nepop\u00edralo, \u017ee je p\u0159ipraveno uskute\u010dnit integra\u010dn\u00ed proces mezi \u010cATHS a \u010cSTPS a to vzhledem k okolnostem, kter\u00e9 ohro\u017euj\u00ed start \u010desk\u00fdch sportovc\u016f na paralympijsk\u00fdch hr\u00e1ch v Lond\u00fdn\u011b 2012, [&hellip;]<\/p>\n","protected":false},"author":1,"featured_media":0,"comment_status":"closed","ping_status":"closed","sticky":false,"template":"","format":"standard","meta":{"ngg_post_thumbnail":0,"footnotes":""},"categories":[1],"tags":[],"class_list":["post-2156","post","type-post","status-publish","format-standard","hentry","category-nezarazene"],"_links":{"self":[{"href":"https:\/\/www.caths.cz\/wordpress\/wp-json\/wp\/v2\/posts\/2156","targetHints":{"allow":["GET"]}}],"collection":[{"href":"https:\/\/www.caths.cz\/wordpress\/wp-json\/wp\/v2\/posts"}],"about":[{"href":"https:\/\/www.caths.cz\/wordpress\/wp-json\/wp\/v2\/types\/post"}],"author":[{"embeddable":true,"href":"https:\/\/www.caths.cz\/wordpress\/wp-json\/wp\/v2\/users\/1"}],"replies":[{"embeddable":true,"href":"https:\/\/www.caths.cz\/wordpress\/wp-json\/wp\/v2\/comments?post=2156"}],"version-history":[{"count":0,"href":"https:\/\/www.caths.cz\/wordpress\/wp-json\/wp\/v2\/posts\/2156\/revisions"}],"wp:attachment":[{"href":"https:\/\/www.caths.cz\/wordpress\/wp-json\/wp\/v2\/media?parent=2156"}],"wp:term":[{"taxonomy":"category","embeddable":true,"href":"https:\/\/www.caths.cz\/wordpress\/wp-json\/wp\/v2\/categories?post=2156"},{"taxonomy":"post_tag","embeddable":true,"href":"https:\/\/www.caths.cz\/wordpress\/wp-json\/wp\/v2\/tags?post=2156"}],"curies":[{"name":"wp","href":"https:\/\/api.w.org\/{rel}","templated":true}]}}