{"id":2155,"date":"2012-02-03T22:50:40","date_gmt":"2012-02-03T21:50:40","guid":{"rendered":"http:\/\/www.caths.cz\/wordpress\/?p=2155"},"modified":"2012-02-03T22:50:40","modified_gmt":"2012-02-03T21:50:40","slug":"poslankyne-zastavila-financovani-sportu-handicapovanych","status":"publish","type":"post","link":"https:\/\/www.caths.cz\/wordpress\/poslankyne-zastavila-financovani-sportu-handicapovanych\/","title":{"rendered":"Poslankyn\u011b zastavila financov\u00e1n\u00ed sportu handicapovan\u00fdch"},"content":{"rendered":"<p align=\"justify\">\nVe \u010dtvrtek se na dal\u0161\u00edm zased\u00e1n\u00ed V\u00fdkonn\u00e9ho gr\u00e9mia \u010cesk\u00e9ho paralympijsk\u00e9ho v\u00fdboru jednalo o kritick\u00e9 situaci ve sportu handicapovan\u00fdch.<br \/> <br \/>\nPozitivn\u00ed zpr\u00e1vou je skute\u010dnost, \u017ee VG \u010cPV se usneslo a za souhlasu v\u0161ech z\u00e1stupc\u016f jednotliv\u00fdch svaz\u016f i odhlasovalo zn\u011bn\u00ed dopisu \u010cPV, kter\u00fd je adresov\u00e1n v\u00fdkonn\u00e9mu \u0159editeli Mezin\u00e1rodn\u00edho paralympijsk\u00e9ho v\u00fdboru Xavierovi Gonzalesovi. V dopise jsou pops\u00e1ny podniknut\u00e9 skute\u010dnosti vedouc\u00ed k n\u00e1prav\u011b bod\u016f, kritizovan\u00fdch ze strany IPC a spojen\u00fdch s pozastaven\u00edm \u010dlenstv\u00ed \u010cesk\u00e9mu paralympijsk\u00e9mu v\u00fdboru a je vyslovena v\u00edra v op\u011btovn\u00e9 obnoven\u00ed licence \u010cesk\u00e9mu paralympijsk\u00e9mu v\u00fdboru, tak aby se na\u0161i reprezentanti mohli z\u00fa\u010dastnit Letn\u00edch paralympijsk\u00fdch her v Lond\u00fdn\u011b 2012.\n<\/p>\n<p align=\"justify\"> Ne\u010dekan\u00e1 ud\u00e1lost se stala v pr\u016fb\u011bhu zased\u00e1n\u00ed VG. Jedn\u00e1n\u00ed nav\u0161t\u00edvila poslankyn\u011b Lenka Kohoutov\u00e1 (ODS), kter\u00e1 informovala p\u0159\u00edtomn\u00e9 V\u00fdkonn\u00e9 gr\u00e9mium o tom, \u017ee na jedn\u00e1n\u00ed u ministra \u0161kolstv\u00ed byl projedn\u00e1n jej\u00ed n\u00e1vrh, d\u00edky kter\u00e9mu bylo rozhodnuto o okam\u017eit\u00e9m zastaven\u00ed financov\u00e1n\u00ed sportu handicapovan\u00fdch v \u010cesk\u00e9 republice, dokud nebudou vy\u0159e\u0161eny podm\u00ednky IPC. Ministr \u0161kolstv\u00ed, ml\u00e1de\u017ee a t\u011blov\u00fdchovy Josef Dobe\u0161 (VV) n\u00e1vrh poslankyn\u011b Kohoutov\u00e9 p\u0159ijal. Pro vy\u0159e\u0161en\u00ed cel\u00e9ho probl\u00e9mu stanovila pan\u00ed poslankyn\u011b ultimativn\u00ed datum 9.2.2012. <\/p>\n<p> Handicapovan\u00ed sportovci tak dost\u00e1vaj\u00ed dal\u0161\u00ed krutou r\u00e1nu. Pot\u00e9, co se v roce 2004 stali rukojm\u00edmi sporu funkcion\u00e1\u0159\u016f o moc a finance se tato situace opakuje i v sou\u010dasn\u00e9 dob\u011b. Handicapovan\u00ed sportovci, pokud budou cht\u00edt sportovat a reprezentovat na paralympijsk\u00fdch hr\u00e1ch, se mus\u00ed pod\u0159\u00eddit dikt\u00e1tu funkcion\u00e1\u0159\u016f a politik\u016f, vzd\u00e1t se samospr\u00e1vn\u00e9ho \u0159\u00edzen\u00ed sv\u00e9ho svazu.<\/p>\n<p> Prvn\u00edmi sportovci, kte\u0159\u00ed si v praxi vyzkou\u0161\u00ed jak\u00e9 to je reprezentovat \u010ceskou republiku na sv\u00e9 n\u00e1klady budou cyklist\u00e9, kte\u0159\u00ed v pond\u011bl\u00ed odl\u00e9taj\u00ed na dr\u00e1hov\u00e9 mistrovstv\u00ed sv\u011bta do USA. <\/p>\n<p> Veden\u00ed \u010cATHS je pod n\u00e1siln\u00fdm politick\u00fdm n\u00e1rodn\u00edm i mezin\u00e1rodn\u00edm n\u00e1tlakem a hrozbou z\u00e1sadn\u00edch restriktivn\u00edch opat\u0159en\u00ed v\u016f\u010di sv\u00fdm sportovc\u016fm p\u0159ipraveno jednat s \u010cSTPS o politicky na\u0159\u00edzen\u00e9 integraci obou subjekt\u016f s p\u0159edpokladem ukon\u010den\u00ed integra\u010dn\u00edho procesu do konce roku 2012. <\/p>\n<p> Dal\u0161\u00ed zased\u00e1n\u00ed VG je pl\u00e1nov\u00e1no na pond\u011bl\u00ed 6.2. 2012. <\/p>\n","protected":false},"excerpt":{"rendered":"<a href=\"https:\/\/www.caths.cz\/wordpress\/poslankyne-zastavila-financovani-sportu-handicapovanych\/\"><img loading=\"lazy\" decoding=\"async\" width=\"100\" height=\"100\" src=\"https:\/\/www.caths.cz\/wordpress\/wp-content\/plugins\/thumbnail-for-excerpts\/tfe_no_thumb.png\" class=\"alignleft wp-post-image tfe\" alt=\"\" title=\"\" \/><\/a><p>Ve \u010dtvrtek se na dal\u0161\u00edm zased\u00e1n\u00ed V\u00fdkonn\u00e9ho gr\u00e9mia \u010cesk\u00e9ho paralympijsk\u00e9ho v\u00fdboru jednalo o kritick\u00e9 situaci ve sportu handicapovan\u00fdch. Pozitivn\u00ed zpr\u00e1vou je skute\u010dnost, \u017ee VG \u010cPV se usneslo a za souhlasu [&hellip;]<\/p>\n","protected":false},"author":1,"featured_media":0,"comment_status":"closed","ping_status":"closed","sticky":false,"template":"","format":"standard","meta":{"ngg_post_thumbnail":0,"footnotes":""},"categories":[1],"tags":[],"class_list":["post-2155","post","type-post","status-publish","format-standard","hentry","category-nezarazene"],"_links":{"self":[{"href":"https:\/\/www.caths.cz\/wordpress\/wp-json\/wp\/v2\/posts\/2155","targetHints":{"allow":["GET"]}}],"collection":[{"href":"https:\/\/www.caths.cz\/wordpress\/wp-json\/wp\/v2\/posts"}],"about":[{"href":"https:\/\/www.caths.cz\/wordpress\/wp-json\/wp\/v2\/types\/post"}],"author":[{"embeddable":true,"href":"https:\/\/www.caths.cz\/wordpress\/wp-json\/wp\/v2\/users\/1"}],"replies":[{"embeddable":true,"href":"https:\/\/www.caths.cz\/wordpress\/wp-json\/wp\/v2\/comments?post=2155"}],"version-history":[{"count":0,"href":"https:\/\/www.caths.cz\/wordpress\/wp-json\/wp\/v2\/posts\/2155\/revisions"}],"wp:attachment":[{"href":"https:\/\/www.caths.cz\/wordpress\/wp-json\/wp\/v2\/media?parent=2155"}],"wp:term":[{"taxonomy":"category","embeddable":true,"href":"https:\/\/www.caths.cz\/wordpress\/wp-json\/wp\/v2\/categories?post=2155"},{"taxonomy":"post_tag","embeddable":true,"href":"https:\/\/www.caths.cz\/wordpress\/wp-json\/wp\/v2\/tags?post=2155"}],"curies":[{"name":"wp","href":"https:\/\/api.w.org\/{rel}","templated":true}]}}