{"id":2154,"date":"2012-02-02T07:43:20","date_gmt":"2012-02-02T06:43:20","guid":{"rendered":"http:\/\/www.caths.cz\/wordpress\/?p=2154"},"modified":"2012-02-02T07:43:20","modified_gmt":"2012-02-02T06:43:20","slug":"anketni-otazka-ziska-jiri-jezek-v-los-angeles-sedmy-titul-mistra-sveta","status":"publish","type":"post","link":"https:\/\/www.caths.cz\/wordpress\/anketni-otazka-ziska-jiri-jezek-v-los-angeles-sedmy-titul-mistra-sveta\/","title":{"rendered":"Anketn\u00ed ot\u00e1zka: Z\u00edsk\u00e1 Ji\u0159\u00ed Je\u017eek v Los Angeles sedm\u00fd titul mistra sv\u011bta?"},"content":{"rendered":"<p align=\"justify\">\nP\u0159ed rokem jsme v t\u00e9to anket\u011b zve\u0159ejnili ot\u00e1zku: &#8222;Z\u00edsk\u00e1 Jirka Je\u017eek na dr\u00e1hov\u00e9m mistrovstv\u00ed sv\u011bta v italsk\u00e9m Montichiari sv\u016fj \u0161est\u00fd titul mistra sv\u011bta?&#8220; V\u00edce ne\u017e 60% z v\u00e1s vyslovilo n\u00e1zor, \u017ee ano. A tipovali jste spr\u00e1vn\u011b. Jirka si skute\u010dn\u011b dojel v It\u00e1lii pro sv\u016fj \u0161est\u00fd titul sv\u011btov\u00e9ho \u0161ampiona.<\/p>\n<p align=\"justify\"><img decoding=\"async\" src=\"\/wordpress\/image\/k_clankum\/anketa1142.jpg\" ALIGN=\"right\" HSPACE=8 VSPACE=8\"> S ro\u010dn\u00edm odstupem se pomalu, ale jist\u011b, pozornost cyklistick\u00e9 ve\u0159ejnosti obrac\u00ed k bl\u00ed\u017e\u00edc\u00edmu se mistrovstv\u00ed sv\u011bta na dr\u00e1ze v USA. <br \/>Zpr\u00e1vy z na\u0161eho cyklistick\u00e9ho reprezenta\u010dn\u00edho t\u00fdmu i ned\u00e1vn\u00e9 v\u00fdsledky Jirky Je\u017eka p\u0159i fin\u00e1lov\u00e9m z\u00e1vod\u011b \u010cesk\u00e9ho poh\u00e1ru hovo\u0159\u00ed jasnou \u0159e\u010d\u00ed. Jirka m\u00e1 \u017eivotn\u00ed formu. <\/p>\n<p> Bude to sta\u010dit k zisku sedm\u00e9ho titulu mistra sv\u011bta? Konkurence v Jirkov\u011b kategorii C4 je skute\u010dn\u011b velik\u00e1.<\/p>\n<p> Tipujte v na\u0161\u00ed anketn\u00ed ot\u00e1zce: Z\u00edsk\u00e1 Ji\u0159\u00ed Je\u017eek v USA sv\u016fj sedm\u00fd titul mistra sv\u011bta? <\/p>\n","protected":false},"excerpt":{"rendered":"<a href=\"https:\/\/www.caths.cz\/wordpress\/anketni-otazka-ziska-jiri-jezek-v-los-angeles-sedmy-titul-mistra-sveta\/\"><img loading=\"lazy\" decoding=\"async\" width=\"100\" height=\"100\" src=\"https:\/\/www.caths.cz\/wordpress\/wp-content\/plugins\/thumbnail-for-excerpts\/tfe_no_thumb.png\" class=\"alignleft wp-post-image tfe\" alt=\"\" title=\"\" \/><\/a><p>P\u0159ed rokem jsme v t\u00e9to anket\u011b zve\u0159ejnili ot\u00e1zku: &#8222;Z\u00edsk\u00e1 Jirka Je\u017eek na dr\u00e1hov\u00e9m mistrovstv\u00ed sv\u011bta v italsk\u00e9m Montichiari sv\u016fj \u0161est\u00fd titul mistra sv\u011bta?&#8220; V\u00edce ne\u017e 60% z v\u00e1s vyslovilo n\u00e1zor, [&hellip;]<\/p>\n","protected":false},"author":1,"featured_media":0,"comment_status":"closed","ping_status":"closed","sticky":false,"template":"","format":"standard","meta":{"ngg_post_thumbnail":0,"footnotes":""},"categories":[39],"tags":[],"class_list":["post-2154","post","type-post","status-publish","format-standard","hentry","category-caths-anketa"],"_links":{"self":[{"href":"https:\/\/www.caths.cz\/wordpress\/wp-json\/wp\/v2\/posts\/2154","targetHints":{"allow":["GET"]}}],"collection":[{"href":"https:\/\/www.caths.cz\/wordpress\/wp-json\/wp\/v2\/posts"}],"about":[{"href":"https:\/\/www.caths.cz\/wordpress\/wp-json\/wp\/v2\/types\/post"}],"author":[{"embeddable":true,"href":"https:\/\/www.caths.cz\/wordpress\/wp-json\/wp\/v2\/users\/1"}],"replies":[{"embeddable":true,"href":"https:\/\/www.caths.cz\/wordpress\/wp-json\/wp\/v2\/comments?post=2154"}],"version-history":[{"count":0,"href":"https:\/\/www.caths.cz\/wordpress\/wp-json\/wp\/v2\/posts\/2154\/revisions"}],"wp:attachment":[{"href":"https:\/\/www.caths.cz\/wordpress\/wp-json\/wp\/v2\/media?parent=2154"}],"wp:term":[{"taxonomy":"category","embeddable":true,"href":"https:\/\/www.caths.cz\/wordpress\/wp-json\/wp\/v2\/categories?post=2154"},{"taxonomy":"post_tag","embeddable":true,"href":"https:\/\/www.caths.cz\/wordpress\/wp-json\/wp\/v2\/tags?post=2154"}],"curies":[{"name":"wp","href":"https:\/\/api.w.org\/{rel}","templated":true}]}}