{"id":2144,"date":"2012-02-01T01:05:53","date_gmt":"2012-02-01T00:05:53","guid":{"rendered":"http:\/\/www.caths.cz\/wordpress\/?p=2144"},"modified":"2012-02-01T01:05:53","modified_gmt":"2012-02-01T00:05:53","slug":"cykliste-v-zaverecne-fazi-pripravy-na-drahove-mistrovstvi-sveta-v-los-angeles","status":"publish","type":"post","link":"https:\/\/www.caths.cz\/wordpress\/cykliste-v-zaverecne-fazi-pripravy-na-drahove-mistrovstvi-sveta-v-los-angeles\/","title":{"rendered":"Cyklist\u00e9 v z\u00e1v\u011bre\u010dn\u00e9 f\u00e1zi p\u0159\u00edpravy na dr\u00e1hov\u00e9 mistrovstv\u00ed sv\u011bta v Los Angeles"},"content":{"rendered":"<p align=\"justify\">   U\u017e jen 8 dn\u00ed zb\u00fdv\u00e1 do zah\u00e1jen\u00ed druh\u00e9ho nejv\u00fdznamn\u011bj\u0161\u00edho sportovn\u00edho podniku handicapovan\u00fdch sportovc\u016f roku 2012. Do Los Angeles m\u00ed\u0159\u00ed nejlep\u0161\u00ed cyklist\u00e9 sv\u011bta a budou zde bojovat o tituly mistr\u016f sv\u011bta na dr\u00e1ze.\n<\/p>\n<p align=\"justify\"> Reprezenta\u010dn\u00ed t\u00fdm t\u011blesn\u011b a zrakov\u011b handicapovan\u00fdch cyklist\u016f budou reprezentovat:<br \/> Ji\u0159\u00ed Je\u017eek, Michal Stark, Miroslav Dongres, Tereza Diepoldov\u00e1 a tandem sprinter\u016f Pavel Bur\u00e1\u0148 s Ale\u0161em Moravcem. <\/p>\n<p> Na\u0161e pozornost se bude up\u00edrat p\u0159edev\u0161\u00edm na osobu Ji\u0159\u00edho Je\u017eka. P\u011btin\u00e1sobn\u00fd paralympijsk\u00fd v\u00edt\u011bz a \u0161estin\u00e1sobn\u00fd mistr sv\u011bta m\u00e1 za sebou kvalitn\u00ed ale tak\u00e9 velmi n\u00e1ro\u010dnou p\u0159\u00edpravu. <br \/> <img decoding=\"async\" src=\"\/wordpress\/image\/sekretarky\/MS LA\/395.JPG\" ALIGN=\"right\" HSPACE=5 VSPACE=5\"> \u010casy, kter\u00fdch dos\u00e1hnul z pln\u00e9ho tr\u00e9ninku p\u0159i ned\u00e1vn\u00e9m fin\u00e1lov\u00e9m z\u00e1vod\u011b \u010cesk\u00e9ho poh\u00e1ru jsou Jirkov\u00fdm rekordem na specifick\u00e9 motolsk\u00e9 dr\u00e1ze a pro n\u00e1s obrovskou medailovou nad\u011bj\u00ed v mistrovsk\u00e9m z\u00e1vod\u011b.<br \/> <em> \u201eJirka m\u00e1 na medaili a pojede na medaili. Pouh\u00fd standardn\u00ed tr\u00e9ninkov\u00fd v\u00fdkon mu p\u0159i sou\u010dasn\u00e9 form\u011b sta\u010d\u00ed na um\u00edst\u011bn\u00ed na stupn\u00edch v\u00edt\u011bz\u016f a pokud mu z\u00e1vod vyjde podle na\u0161ich p\u0159edstav, m\u00e1me se skute\u010dn\u011b na co t\u011b\u0161it\u201c<\/em> p\u0159ibli\u017euje v\u00fdkonnost sv\u011btov\u00e9 cyklistick\u00e9 legendy tren\u00e9r Viktor Zapletal. <\/p>\n<p> Velmi dobrou formu tak\u00e9 prokazuje zku\u0161en\u00fd Michal Stark jeho\u017e forma stoup\u00e1 vzh\u016fru ka\u017ed\u00fdm tr\u00e9ninkem. Cyklistick\u00fd veter\u00e1n se podle vlastn\u00edch slov c\u00edt\u00ed velmi dob\u0159e a p\u0159edpokl\u00e1d\u00e1 se, \u017ee znovu bude pat\u0159it k medailov\u00fdm favorit\u016fm z\u00e1vod\u016f. <em> \u201eMichal u\u017e je zcela v po\u0159\u00e1dku po \u00faraze, kter\u00fd mu zabr\u00e1nil startovat na silni\u010dn\u00edm mistrovstv\u00ed sv\u011bta. V tr\u00e9ninku jezd\u00ed v\u00fdborn\u011b, byl bych velmi spokojen\u00fd s um\u00edst\u011bn\u00edm v elitn\u00ed p\u011btce.\u201c<\/em> hodnot\u00ed \u0161ance Michala Starka reprezenta\u010dn\u00ed tren\u00e9r. <\/p>\n<p> <img decoding=\"async\" src=\"\/wordpress\/image\/sekretarky\/MS LA\/596.JPG\" ALIGN=\"right\" HSPACE=5 VSPACE=5\"> Medaile se naopak ne\u010dekaj\u00ed od Terezy Diepoldov\u00e9, Miroslava Dongrese a tandemu. <em> \u201e\u00dasp\u011bchem pro M\u00edru a tandem by bylo um\u00edst\u011bn\u00ed v prvn\u00ed sv\u011btov\u00e9 osmi\u010dce. Ale bude to velmi t\u011b\u017ek\u00e9. Nicm\u00e9n\u011b, pokud by jim z\u00e1vod vy\u0161el, mohou zajet vynikaj\u00edc\u00ed v\u00fdkony. Pro tandem by byl postup mezi prvn\u00edch osm doslova v\u00fdhrou, proto\u017ee ve vy\u0159azovac\u00edch boj\u00edch bychom mohli naplno vyu\u017e\u00edt sprintersk\u00e9 zku\u0161enosti Pavla Bur\u00e1n\u011b a za ur\u010dit\u00fdch okolnost\u00ed by n\u00e1\u0161 tandem mohl j\u00edt velmi vysoko. Pro Terku je to prvn\u00ed dr\u00e1hov\u00fd z\u00e1vod podobn\u00e9 \u00farovn\u011b. Pojede si pro zku\u0161enosti, nic nemus\u00ed, na\u0161\u00edm c\u00edlem je kvalitn\u00ed p\u0159\u00edprava na Lond\u00fdn 2012\u201c <\/em> uzav\u00edr\u00e1 p\u0159edstaven\u00ed na\u0161ich reprezentant\u016f Viktor Zapletal. <\/p>\n","protected":false},"excerpt":{"rendered":"<a href=\"https:\/\/www.caths.cz\/wordpress\/cykliste-v-zaverecne-fazi-pripravy-na-drahove-mistrovstvi-sveta-v-los-angeles\/\"><img loading=\"lazy\" decoding=\"async\" width=\"100\" height=\"100\" src=\"https:\/\/www.caths.cz\/wordpress\/wp-content\/plugins\/thumbnail-for-excerpts\/tfe_no_thumb.png\" class=\"alignleft wp-post-image tfe\" alt=\"\" title=\"\" \/><\/a><p>U\u017e jen 8 dn\u00ed zb\u00fdv\u00e1 do zah\u00e1jen\u00ed druh\u00e9ho nejv\u00fdznamn\u011bj\u0161\u00edho sportovn\u00edho podniku handicapovan\u00fdch sportovc\u016f roku 2012. Do Los Angeles m\u00ed\u0159\u00ed nejlep\u0161\u00ed cyklist\u00e9 sv\u011bta a budou zde bojovat o tituly mistr\u016f sv\u011bta [&hellip;]<\/p>\n","protected":false},"author":1,"featured_media":0,"comment_status":"closed","ping_status":"closed","sticky":false,"template":"","format":"standard","meta":{"ngg_post_thumbnail":0,"footnotes":""},"categories":[2],"tags":[],"class_list":["post-2144","post","type-post","status-publish","format-standard","hentry","category-cyklistika"],"_links":{"self":[{"href":"https:\/\/www.caths.cz\/wordpress\/wp-json\/wp\/v2\/posts\/2144","targetHints":{"allow":["GET"]}}],"collection":[{"href":"https:\/\/www.caths.cz\/wordpress\/wp-json\/wp\/v2\/posts"}],"about":[{"href":"https:\/\/www.caths.cz\/wordpress\/wp-json\/wp\/v2\/types\/post"}],"author":[{"embeddable":true,"href":"https:\/\/www.caths.cz\/wordpress\/wp-json\/wp\/v2\/users\/1"}],"replies":[{"embeddable":true,"href":"https:\/\/www.caths.cz\/wordpress\/wp-json\/wp\/v2\/comments?post=2144"}],"version-history":[{"count":0,"href":"https:\/\/www.caths.cz\/wordpress\/wp-json\/wp\/v2\/posts\/2144\/revisions"}],"wp:attachment":[{"href":"https:\/\/www.caths.cz\/wordpress\/wp-json\/wp\/v2\/media?parent=2144"}],"wp:term":[{"taxonomy":"category","embeddable":true,"href":"https:\/\/www.caths.cz\/wordpress\/wp-json\/wp\/v2\/categories?post=2144"},{"taxonomy":"post_tag","embeddable":true,"href":"https:\/\/www.caths.cz\/wordpress\/wp-json\/wp\/v2\/tags?post=2144"}],"curies":[{"name":"wp","href":"https:\/\/api.w.org\/{rel}","templated":true}]}}