{"id":2128,"date":"2012-01-06T00:39:10","date_gmt":"2012-01-05T23:39:10","guid":{"rendered":"http:\/\/www.caths.cz\/wordpress\/?p=2128"},"modified":"2012-01-06T00:39:10","modified_gmt":"2012-01-05T23:39:10","slug":"cely-mesic-budou-cykliste-na-magistratu","status":"publish","type":"post","link":"https:\/\/www.caths.cz\/wordpress\/cely-mesic-budou-cykliste-na-magistratu\/","title":{"rendered":"Cel\u00fd m\u011bs\u00edc budou cyklist\u00e9 na magistr\u00e1tu"},"content":{"rendered":"<p align=\"justify\">   Fotografie Michala \u010cerven\u00e9ho z mistrovstv\u00ed sv\u011bta handicapovan\u00fdch cyklist\u016f v d\u00e1nsk\u00e9m Roskilde, jsou od v\u010derej\u0161\u00edho dne vystaveny v pas\u00e1\u017ei Magistr\u00e1tu Hlavn\u00edho m\u011bsta Prahy v Jungmannov\u011b ulici.\n<\/p>\n<p align=\"justify\"> Fotografie ocen\u011bn\u00e9 presti\u017en\u00ed cenou Czech Press Photo &#8211; Canon Junior Award jsou p\u0159\u00edstupn\u00e9 \u0161irok\u00e9 ve\u0159ejnosti a v\u00fdstava ihned vzbudila pozornost. <br \/> Jak jsme ji\u017e informovali, v\u00fdstava fotografi\u00ed Michala \u010cerven\u00e9ho postupn\u011b poputuje \u010ceskou republikou a bude propagovat n\u00e1\u0161 cyklistick\u00fd t\u00fdm na cest\u011b k paralympijsk\u00fdm hr\u00e1m v Lond\u00fdn\u011b 2012.<br \/> Magistr\u00e1t Hlavn\u00edho m\u011bsta Prahy bude hostitelem v\u00fdstavy do 30. ledna 2012. Pot\u00e9 se v\u00fdstava p\u0159esune do Fakultn\u00ed nemocnice Motol.<\/p>\n<p> <img decoding=\"async\" src=\"\/wordpress\/image\/sekretarky\/Vernisaz\/praha_vystava_1.jpg\"><\/p>\n<p> <img decoding=\"async\" src=\"\/wordpress\/image\/sekretarky\/Vernisaz\/praha_vystava_2.jpg\"><\/p>\n","protected":false},"excerpt":{"rendered":"<a href=\"https:\/\/www.caths.cz\/wordpress\/cely-mesic-budou-cykliste-na-magistratu\/\"><img loading=\"lazy\" decoding=\"async\" width=\"100\" height=\"100\" src=\"https:\/\/www.caths.cz\/wordpress\/wp-content\/plugins\/thumbnail-for-excerpts\/tfe_no_thumb.png\" class=\"alignleft wp-post-image tfe\" alt=\"\" title=\"\" \/><\/a><p>Fotografie Michala \u010cerven\u00e9ho z mistrovstv\u00ed sv\u011bta handicapovan\u00fdch cyklist\u016f v d\u00e1nsk\u00e9m Roskilde, jsou od v\u010derej\u0161\u00edho dne vystaveny v pas\u00e1\u017ei Magistr\u00e1tu Hlavn\u00edho m\u011bsta Prahy v Jungmannov\u011b ulici. Fotografie ocen\u011bn\u00e9 presti\u017en\u00ed cenou Czech [&hellip;]<\/p>\n","protected":false},"author":1,"featured_media":0,"comment_status":"closed","ping_status":"closed","sticky":false,"template":"","format":"standard","meta":{"ngg_post_thumbnail":0,"footnotes":""},"categories":[6],"tags":[],"class_list":["post-2128","post","type-post","status-publish","format-standard","hentry","category-caths-info"],"_links":{"self":[{"href":"https:\/\/www.caths.cz\/wordpress\/wp-json\/wp\/v2\/posts\/2128","targetHints":{"allow":["GET"]}}],"collection":[{"href":"https:\/\/www.caths.cz\/wordpress\/wp-json\/wp\/v2\/posts"}],"about":[{"href":"https:\/\/www.caths.cz\/wordpress\/wp-json\/wp\/v2\/types\/post"}],"author":[{"embeddable":true,"href":"https:\/\/www.caths.cz\/wordpress\/wp-json\/wp\/v2\/users\/1"}],"replies":[{"embeddable":true,"href":"https:\/\/www.caths.cz\/wordpress\/wp-json\/wp\/v2\/comments?post=2128"}],"version-history":[{"count":0,"href":"https:\/\/www.caths.cz\/wordpress\/wp-json\/wp\/v2\/posts\/2128\/revisions"}],"wp:attachment":[{"href":"https:\/\/www.caths.cz\/wordpress\/wp-json\/wp\/v2\/media?parent=2128"}],"wp:term":[{"taxonomy":"category","embeddable":true,"href":"https:\/\/www.caths.cz\/wordpress\/wp-json\/wp\/v2\/categories?post=2128"},{"taxonomy":"post_tag","embeddable":true,"href":"https:\/\/www.caths.cz\/wordpress\/wp-json\/wp\/v2\/tags?post=2128"}],"curies":[{"name":"wp","href":"https:\/\/api.w.org\/{rel}","templated":true}]}}