{"id":2127,"date":"2012-01-05T02:36:43","date_gmt":"2012-01-05T01:36:43","guid":{"rendered":"http:\/\/www.caths.cz\/wordpress\/?p=2127"},"modified":"2012-01-05T02:36:43","modified_gmt":"2012-01-05T01:36:43","slug":"anketni-otazka-je-spravne-slucovat-kategorie-s-ruznymi-handicapy-v-ramci-paralympijskych-her","status":"publish","type":"post","link":"https:\/\/www.caths.cz\/wordpress\/anketni-otazka-je-spravne-slucovat-kategorie-s-ruznymi-handicapy-v-ramci-paralympijskych-her\/","title":{"rendered":"Anketn\u00ed ot\u00e1zka: Je spr\u00e1vn\u00e9 slu\u010dovat kategorie s r\u016fzn\u00fdmi handicapy v r\u00e1mci paralympijsk\u00fdch her?"},"content":{"rendered":"<p align=\"justify\">\n\u010c\u00e1st paralympijsk\u00fdch sport\u016f se pro bl\u00ed\u017e\u00edc\u00ed se paralympijsk\u00e9 hry pot\u00fdk\u00e1 se stejn\u00fdm probl\u00e9mem \u2013 slu\u010dov\u00e1n\u00edm kategori\u00ed.<\/p>\n<p align=\"justify\"> N\u011bkter\u00e9 p\u0159\u00edpady jsou a\u017e absurdn\u00ed, nap\u0159\u00edklad silni\u010dn\u00ed cyklistick\u00fd z\u00e1vod pojedou spole\u010dn\u011b jezdci kategori\u00ed C1 a\u017e C3. V praxi to znamen\u00e1, zjednodu\u0161en\u011b \u0159e\u010deno, \u017ee cyklist\u00e9, kter\u00fdm chyb\u00ed horn\u00ed i doln\u00ed kon\u010detina (C1) pojedou spole\u010dn\u00fd z\u00e1vod s cyklisty s nadkolenn\u00ed amputac\u00ed (C2), ale tak\u00e9 s cyklisty, kte\u0159\u00ed maj\u00ed v\u0161echny kon\u010detiny a jejich handicap je sp\u00ed\u0161e koordina\u010dn\u00ed, nervosvalov\u00fd (C3). <img decoding=\"async\" src=\"\/wordpress\/image\/k_clankum\/anketa16.jpg\" ALIGN=\"right\" HSPACE=5 VSPACE=5\"><br \/> Z pohledu cyklist\u016f kategorie C1 a C2 v podstat\u011b neregul\u00e9rn\u00ed z\u00e1vod, co\u017e sami sportovci, zcela otev\u0159en\u011b a pochopiteln\u011b, d\u00e1vaj\u00ed najevo. Pro uk\u00e1zku sta\u010d\u00ed porovnat sv\u011btov\u00e9 rekordy zm\u00edn\u011bn\u00fdch handicap\u016f na dr\u00e1ze. Nem\u011b\u0159iteln\u00e1 v\u011bc. <br \/> Probl\u00e9my se slu\u010dov\u00e1n\u00edm kategori\u00ed tr\u00e1p\u00ed i dal\u0161\u00ed velk\u00e9 sporty, nap\u0159\u00edklad atletiku a plav\u00e1n\u00ed. <br \/> Co je vlastn\u011b d\u016fvodem, pro\u010d slu\u010dovat kategorie? <br \/> Po\u010det sad medail\u00ed pro jednotliv\u00e9 sporty. V r\u00e1mci paralympijsk\u00fdch her je striktn\u011b d\u00e1n po\u010det medailov\u00fdch sad. Jednotliv\u00e9 sporty se tomuto pravidlu mus\u00ed pod\u0159\u00eddit a jsou nuceny, aby zachovaly jednotliv\u00e9 discipl\u00edny, s\u00e1hnout k nepopul\u00e1rn\u00edm opat\u0159en\u00edm \u2013 slu\u010dov\u00e1n\u00ed kategori\u00ed, anebo discipl\u00ednu z programu her vypust\u00ed, co\u017e je ov\u0161em pro v\u011bt\u0161inu discipl\u00edn likvida\u010dn\u00ed a do programu dal\u0161\u00edch her se ji\u017e jen t\u011b\u017eko vr\u00e1t\u00ed.<br \/> Atletika i p\u0159es slou\u010den\u00ed kategori\u00ed byla nucena, oproti programu posledn\u00edho MS, vylou\u010dit z paralympi\u00e1dy je\u0161t\u011b 40 (!) discipl\u00edn. <br \/> Plav\u00e1n\u00ed sice kategorie neslu\u010duje, ale rovnou vy\u0159adilo n\u011bkter\u00e9 discipl\u00edny o kter\u00e9 bude program lond\u00fdnsk\u00fdch her chud\u0161\u00ed. Redukce se dotkla nejv\u00edce kategori\u00ed S1-S3, tedy plavc\u016f s nejv\u011bt\u0161\u00edm handicapem. Ale redukovalo se i v ostatn\u00edch kategori\u00edch, nap\u0159. &#8222;zlat\u00e1&#8220; discipl\u00edna na\u0161\u00ed dvojn\u00e1sobn\u00e9 paralympijsk\u00e9 v\u00edt\u011bzky B\u011bly Hlav\u00e1\u010dkov\u00e9 &#8211; T\u0159eb\u00ednov\u00e9 &#8211; 50 m znak byla tak\u00e9 z programu paralympijsk\u00fdch her vy\u0159azena. <br \/> \u0158ada medailist\u016f mistrovstv\u00ed sv\u011bta, kde se z\u00e1vod\u00ed po jednotliv\u00fdch kategori\u00edch s odpov\u00eddaj\u00edc\u00edm handicapem, &#8222;d\u00edky&#8220; slu\u010dovac\u00edmu opat\u0159en\u00ed vypad\u00e1v\u00e1 z boj\u016f o paralympijsk\u00fd titul a p\u0159\u00edpadn\u00e9 um\u00edst\u011bn\u00ed v prvn\u00ed p\u011btce, \u010di dokonce zisk bronzu je pro n\u011b v podstat\u011b zlatem.<br \/> Je toto opat\u0159en\u00ed IPC spr\u00e1vn\u00e9? <\/p>\n<p><strong> Co si mysl\u00edte vy: <br \/>Je spr\u00e1vn\u00e9 slu\u010dovat kategorie s r\u016fzn\u00fdmi handicapy v r\u00e1mci paralympijsk\u00fdch her? <\/strong> <\/p>\n","protected":false},"excerpt":{"rendered":"<a href=\"https:\/\/www.caths.cz\/wordpress\/anketni-otazka-je-spravne-slucovat-kategorie-s-ruznymi-handicapy-v-ramci-paralympijskych-her\/\"><img loading=\"lazy\" decoding=\"async\" width=\"100\" height=\"100\" src=\"https:\/\/www.caths.cz\/wordpress\/wp-content\/plugins\/thumbnail-for-excerpts\/tfe_no_thumb.png\" class=\"alignleft wp-post-image tfe\" alt=\"\" title=\"\" \/><\/a><p>\u010c\u00e1st paralympijsk\u00fdch sport\u016f se pro bl\u00ed\u017e\u00edc\u00ed se paralympijsk\u00e9 hry pot\u00fdk\u00e1 se stejn\u00fdm probl\u00e9mem \u2013 slu\u010dov\u00e1n\u00edm kategori\u00ed. N\u011bkter\u00e9 p\u0159\u00edpady jsou a\u017e absurdn\u00ed, nap\u0159\u00edklad silni\u010dn\u00ed cyklistick\u00fd z\u00e1vod pojedou spole\u010dn\u011b jezdci kategori\u00ed C1 [&hellip;]<\/p>\n","protected":false},"author":1,"featured_media":0,"comment_status":"closed","ping_status":"closed","sticky":false,"template":"","format":"standard","meta":{"ngg_post_thumbnail":0,"footnotes":""},"categories":[39],"tags":[],"class_list":["post-2127","post","type-post","status-publish","format-standard","hentry","category-caths-anketa"],"_links":{"self":[{"href":"https:\/\/www.caths.cz\/wordpress\/wp-json\/wp\/v2\/posts\/2127","targetHints":{"allow":["GET"]}}],"collection":[{"href":"https:\/\/www.caths.cz\/wordpress\/wp-json\/wp\/v2\/posts"}],"about":[{"href":"https:\/\/www.caths.cz\/wordpress\/wp-json\/wp\/v2\/types\/post"}],"author":[{"embeddable":true,"href":"https:\/\/www.caths.cz\/wordpress\/wp-json\/wp\/v2\/users\/1"}],"replies":[{"embeddable":true,"href":"https:\/\/www.caths.cz\/wordpress\/wp-json\/wp\/v2\/comments?post=2127"}],"version-history":[{"count":0,"href":"https:\/\/www.caths.cz\/wordpress\/wp-json\/wp\/v2\/posts\/2127\/revisions"}],"wp:attachment":[{"href":"https:\/\/www.caths.cz\/wordpress\/wp-json\/wp\/v2\/media?parent=2127"}],"wp:term":[{"taxonomy":"category","embeddable":true,"href":"https:\/\/www.caths.cz\/wordpress\/wp-json\/wp\/v2\/categories?post=2127"},{"taxonomy":"post_tag","embeddable":true,"href":"https:\/\/www.caths.cz\/wordpress\/wp-json\/wp\/v2\/tags?post=2127"}],"curies":[{"name":"wp","href":"https:\/\/api.w.org\/{rel}","templated":true}]}}