{"id":2125,"date":"2012-01-03T02:35:50","date_gmt":"2012-01-03T01:35:50","guid":{"rendered":"http:\/\/www.caths.cz\/wordpress\/?p=2125"},"modified":"2012-01-03T02:35:50","modified_gmt":"2012-01-03T01:35:50","slug":"prehled-nejvyznamnejsich-sportovnich-akci-roku-2012","status":"publish","type":"post","link":"https:\/\/www.caths.cz\/wordpress\/prehled-nejvyznamnejsich-sportovnich-akci-roku-2012\/","title":{"rendered":"P\u0159ehled nejv\u00fdznamn\u011bj\u0161\u00edch sportovn\u00edch akc\u00ed roku 2012"},"content":{"rendered":"<p align=\"justify\">\nPoj\u010fme si p\u0159ibl\u00ed\u017eit, jak\u00fdch nejd\u016fle\u017eit\u011bj\u0161\u00edch mezin\u00e1rodn\u00edch akc\u00ed se z\u00fa\u010dastn\u00ed na\u0161i sportovci v roce 2012.<\/p>\n<h3>ZIMN\u00cd SPORTY<\/h3>\n<p> <strong><font color=\"#0066CC\">Sjezdov\u00e9 ly\u017eov\u00e1n\u00ed<\/font><\/strong><br \/> Ly\u017ea\u0159e \u010dekaj\u00ed \u010dty\u0159i podniky Evropsk\u00e9ho poh\u00e1ru. <\/p>\n<ul style=\"line-height:140%\">\n<li><strong>Sestri\u00e9re (10.-15.1.2012)<\/strong><\/li>\n<li><strong>Abtenau (19.-22-1.2012)<\/strong><\/li>\n<li><strong>Atre Terme (25.-27.1.2012)<\/strong><\/li>\n<li><strong>\u0160pindler\u016fv Ml\u00fdn (23.-25.2.2012)<\/strong><\/li>\n<\/ul>\n<p> <strong><font color=\"#0066CC\">Sledge hokej<\/font><\/strong><br \/> Hokejist\u00e9 se ji\u017e nyn\u00ed p\u0159ipravuj\u00ed na vrcholnou akci \u2013 mistrovstv\u00ed sv\u011bta. V pam\u011bti m\u00e1me je\u0161t\u011b \u00fasp\u011bch na\u0161\u00ed v\u00fdpravy na ZOH ve Vancouveru i lo\u0148skou fin\u00e1lovou \u00fa\u010dast na ME. V\u011b\u0159me, \u017ee se na\u0161i chlapci v Norsku probojuj\u00ed co nejd\u00e1le a potvrd\u00ed tak sv\u00e9 postaven\u00ed v elitn\u00ed sv\u011btov\u00e9 p\u011btce. <\/p>\n<ul style=\"line-height:140%\">\n<li><strong>Hamar (21.3.-2.4.2012)<\/strong><\/li>\n<\/ul>\n<hr>\n<h3>LETN\u00cd SPORTY<\/h3>\n<p> Vrcholem roku pro paralympijsk\u00e9 sporty budou Letn\u00ed paralympijsk\u00e9 hry v Lond\u00fdn\u011b. A patrn\u011b na cel\u00e9m sv\u011bt\u011b nenajdeme fanou\u0161ka, kter\u00fd by tento sportovn\u00ed sv\u00e1tek ponechal bez pov\u0161imnut\u00ed.<\/p>\n<p> <strong>LPH Lond\u00fdn (29.8.-9.9.2012)<\/strong><\/p>\n<p> <strong><font color=\"#0066CC\">Atletika<\/font><\/strong><br \/> Kr\u00e1lovna sportu je tradi\u010dn\u011b velmi skromn\u00e1 na po\u0159\u00e1d\u00e1n\u00ed mezin\u00e1rodn\u00edch z\u00e1vod\u016f, ale letos se &#8222;pochlapila&#8220; a na\u0161e pozornost se tedy zam\u011b\u0159\u00ed na dva v\u00fdznamn\u00e9 mezin\u00e1rodn\u00ed sportovn\u00ed podniky. <\/p>\n<ul style=\"line-height:140%\">\n<li><strong>ME &#8211; Stadsknaal (19.-28.6.2012)<\/strong><\/li>\n<li><strong>MM\u010cR &#8211; Olomouc (6.-8.7.2012)<\/strong><\/li>\n<\/ul>\n<p> <strong><font color=\"#0066CC\">Cyklistika<\/font><\/strong><br \/> Bezkonkuren\u010dn\u011b nejaktivn\u011bj\u0161\u00ed paralympijsk\u00fd sport, jako jedin\u00fd po\u0159\u00e1d\u00e1 v paralympijsk\u00e9m roce i mistrovstv\u00ed sv\u011bta, s\u00e9rii sv\u011btov\u00fdch poh\u00e1r\u016f i seri\u00e1l poh\u00e1r\u016f evropsk\u00fdch.<\/p>\n<ul style=\"line-height:140%\">\n<li><strong>MS dr\u00e1ha &#8211; Los Angeles (9.-12.2.2012)<\/strong><\/li>\n<li><strong>SP &#8211; \u0158\u00edm (25.-27.5.2012)<\/strong><\/li>\n<li><strong>SP &#8211; Segovia (15.-17.6.2012)<\/strong><\/li>\n<li><strong>SP &#8211; Baie Comeau (6.-8.7.2012)<\/strong><\/li>\n<li><strong>EP &#8211; Vr\u00e1tn\u00e1 (5.-6.5.2012)<\/strong><\/li>\n<li><strong>EP &#8211; Piacenza (19.-20.5.2012)<\/strong><\/li>\n<li><strong>EP &#8211; Elzach (23.-24.6.2012)<\/strong><\/li>\n<li><strong>EP &#8211; Holzkirchen (27.-28.7. 2012)<\/strong><\/li>\n<li><strong>EP &#8211; Praha (28.-29.9.2012)<\/strong><\/li>\n<\/ul>\n<p> <strong><font color=\"#0066CC\">Lukost\u0159elba<\/font><\/strong><br \/> Jsme r\u00e1di, \u017ee nejv\u00fdznamn\u011bj\u0161\u00ed mezin\u00e1rodn\u00ed podnik lukost\u0159elc\u016f bude po\u0159\u00e1d\u00e1n v \u010cesk\u00e9 republice. <\/p>\n<ul style=\"line-height:140%\">\n<li><strong>World Ranking Tournament &#8211; NMnM (10.-15.7.2012)<\/strong><\/li>\n<\/ul>\n<p> <strong><font color=\"#0066CC\">Plav\u00e1n\u00ed<\/font><\/strong><br \/> Dlouhodob\u011b poklidn\u00fd paralympijsk\u00fd sport, pokud jde o po\u0159adatelstv\u00ed mezin\u00e1rodn\u00edch akc\u00ed. D\u00edky koleg\u016fm z N\u011bmecka, kte\u0159\u00ed roz\u0161\u00ed\u0159ili sv\u00e9 n\u00e1rodn\u00ed mistrovstv\u00ed na mezin\u00e1rodn\u00ed, \u010dek\u00e1 plavce alespo\u0148 jedna ostr\u00e1 prov\u011brka p\u0159ed LPH v odpov\u00eddaj\u00edc\u00ed konkurenci. <\/p>\n<ul style=\"line-height:140%\">\n<li><strong>MM N\u011bmecka &#8211; Berlin (28.6.-1.7.2012)<\/strong><\/li>\n<\/ul>\n<p> <strong><font color=\"#0066CC\">Stoln\u00ed tenis<\/font><\/strong><br \/> \u010cty\u0159i velk\u00e9 mezin\u00e1rodn\u00ed turnaje d\u016fle\u017eit\u00e9 pro z\u00edsk\u00e1n\u00ed bod\u016f pot\u0159ebn\u00fdch pro nasazen\u00ed do paralympijsk\u00e9ho turnaje. <\/p>\n<ul style=\"line-height:140%\">\n<li><strong>Lignano Open (20.-25.3.2012)<\/strong><\/li>\n<li><strong>Jordan Open (9.-14.4.2012)<\/strong><\/li>\n<li><strong>Slovenia Open (8.-13.5.2012)<\/strong><\/li>\n<li><strong>Slovakia Open (22.-27.5.2012)<\/strong><\/li>\n<\/ul>\n<p> <strong><font color=\"#0066CC\">St\u0159elba<\/font><\/strong><br \/> St\u0159elci budou sv\u00e9 \u00fasil\u00ed sm\u011b\u0159ovat ke sv\u011btov\u00e9mu poh\u00e1ru. <\/p>\n<ul style=\"line-height:140%\">\n<li><strong>SP &#8211; Szczezin (12.-14.4.2012)<\/strong><\/li>\n<\/ul>\n","protected":false},"excerpt":{"rendered":"<a href=\"https:\/\/www.caths.cz\/wordpress\/prehled-nejvyznamnejsich-sportovnich-akci-roku-2012\/\"><img loading=\"lazy\" decoding=\"async\" width=\"100\" height=\"100\" src=\"https:\/\/www.caths.cz\/wordpress\/wp-content\/plugins\/thumbnail-for-excerpts\/tfe_no_thumb.png\" class=\"alignleft wp-post-image tfe\" alt=\"\" title=\"\" \/><\/a><p>Poj\u010fme si p\u0159ibl\u00ed\u017eit, jak\u00fdch nejd\u016fle\u017eit\u011bj\u0161\u00edch mezin\u00e1rodn\u00edch akc\u00ed se z\u00fa\u010dastn\u00ed na\u0161i sportovci v roce 2012. ZIMN\u00cd SPORTY Sjezdov\u00e9 ly\u017eov\u00e1n\u00ed Ly\u017ea\u0159e \u010dekaj\u00ed \u010dty\u0159i podniky Evropsk\u00e9ho poh\u00e1ru. Sestri\u00e9re (10.-15.1.2012) Abtenau (19.-22-1.2012) Atre Terme [&hellip;]<\/p>\n","protected":false},"author":1,"featured_media":0,"comment_status":"closed","ping_status":"closed","sticky":false,"template":"","format":"standard","meta":{"ngg_post_thumbnail":0,"footnotes":""},"categories":[6],"tags":[],"class_list":["post-2125","post","type-post","status-publish","format-standard","hentry","category-caths-info"],"_links":{"self":[{"href":"https:\/\/www.caths.cz\/wordpress\/wp-json\/wp\/v2\/posts\/2125","targetHints":{"allow":["GET"]}}],"collection":[{"href":"https:\/\/www.caths.cz\/wordpress\/wp-json\/wp\/v2\/posts"}],"about":[{"href":"https:\/\/www.caths.cz\/wordpress\/wp-json\/wp\/v2\/types\/post"}],"author":[{"embeddable":true,"href":"https:\/\/www.caths.cz\/wordpress\/wp-json\/wp\/v2\/users\/1"}],"replies":[{"embeddable":true,"href":"https:\/\/www.caths.cz\/wordpress\/wp-json\/wp\/v2\/comments?post=2125"}],"version-history":[{"count":0,"href":"https:\/\/www.caths.cz\/wordpress\/wp-json\/wp\/v2\/posts\/2125\/revisions"}],"wp:attachment":[{"href":"https:\/\/www.caths.cz\/wordpress\/wp-json\/wp\/v2\/media?parent=2125"}],"wp:term":[{"taxonomy":"category","embeddable":true,"href":"https:\/\/www.caths.cz\/wordpress\/wp-json\/wp\/v2\/categories?post=2125"},{"taxonomy":"post_tag","embeddable":true,"href":"https:\/\/www.caths.cz\/wordpress\/wp-json\/wp\/v2\/tags?post=2125"}],"curies":[{"name":"wp","href":"https:\/\/api.w.org\/{rel}","templated":true}]}}