{"id":2123,"date":"2012-01-01T17:20:13","date_gmt":"2012-01-01T16:20:13","guid":{"rendered":"http:\/\/www.caths.cz\/wordpress\/?p=2123"},"modified":"2012-01-01T17:20:13","modified_gmt":"2012-01-01T16:20:13","slug":"at-je-to-stastny-paralympijsky-rok-2012","status":"publish","type":"post","link":"https:\/\/www.caths.cz\/wordpress\/at-je-to-stastny-paralympijsky-rok-2012\/","title":{"rendered":"A\u0165 je to \u0161\u0165astn\u00fd, paralympijsk\u00fd rok 2012!"},"content":{"rendered":"<p align=\"justify\">\nOdstartovali jsme paralympijsk\u00fd rok 2012. Rok, na kter\u00fd se \u0159ada sportovc\u016f chyst\u00e1 s maxim\u00e1ln\u00edm \u00fasil\u00edm, rok, kter\u00fd je dlouho o\u010dek\u00e1v\u00e1n.<\/p>\n<p align=\"justify\"> Co p\u0159inese?<\/p>\n<p> P\u0159ejme si, aby p\u0159eva\u017eovaly ty dobr\u00e9 v\u011bci&#8230;<br \/> P\u0159ejme si zdrav\u00ed, pohodu, klid a \u00fasp\u011bchy v tom co d\u011bl\u00e1me, p\u0159ejme si radost ze sportovn\u00edch v\u00fdkon\u016f a ze sportu.<br \/> P\u0159ejme si, a\u0165 \u010desk\u00fd sport kone\u010dn\u011b kr\u00e1\u010d\u00ed po rovn\u00e9, p\u0159ehledn\u00e9 a upraven\u00e9 cest\u011b.<br \/> P\u0159ejme si v\u00edce, ne\u017e jen hrstku, t\u011bch, kte\u0159\u00ed mohou \u010desk\u00e9mu sportu a sportovc\u016fm pomoci.<br \/> P\u0159ejme si, a\u0165 se na t\u011bchto str\u00e1nk\u00e1ch zase za rok potk\u00e1me a a\u0165 si m\u016f\u017eeme \u0159\u00edct: \u201ea\u0165 je ten Nov\u00fd rok alespo\u0148 tak \u00fasp\u011b\u0161n\u00fd, jako byl ten lo\u0148sk\u00fd&#8230;\u201c<\/p>\n<p> A my, nej\u010dten\u011bj\u0161\u00ed informa\u010dn\u00ed server sportu handicapovan\u00fdch, www.caths.cz, v\u00e1s budeme ka\u017ed\u00fd den informovat, jak se toto p\u0159\u00e1n\u00ed napl\u0148uje.<br \/> Jsme r\u00e1di, \u017ee v\u00e1s n\u00e1\u0161 web bav\u00ed, t\u011b\u0161\u00edme se na ten olympijsk\u00fd a paralympijsk\u00fd rok 2012 spole\u010dn\u011b s V\u00e1mi. <\/p>\n<p> Va\u0161e redakce www.caths.cz<\/p>\n","protected":false},"excerpt":{"rendered":"<a href=\"https:\/\/www.caths.cz\/wordpress\/at-je-to-stastny-paralympijsky-rok-2012\/\"><img loading=\"lazy\" decoding=\"async\" width=\"100\" height=\"100\" src=\"https:\/\/www.caths.cz\/wordpress\/wp-content\/plugins\/thumbnail-for-excerpts\/tfe_no_thumb.png\" class=\"alignleft wp-post-image tfe\" alt=\"\" title=\"\" \/><\/a><p>Odstartovali jsme paralympijsk\u00fd rok 2012. Rok, na kter\u00fd se \u0159ada sportovc\u016f chyst\u00e1 s maxim\u00e1ln\u00edm \u00fasil\u00edm, rok, kter\u00fd je dlouho o\u010dek\u00e1v\u00e1n. Co p\u0159inese? P\u0159ejme si, aby p\u0159eva\u017eovaly ty dobr\u00e9 v\u011bci&#8230; P\u0159ejme [&hellip;]<\/p>\n","protected":false},"author":1,"featured_media":0,"comment_status":"closed","ping_status":"closed","sticky":false,"template":"","format":"standard","meta":{"ngg_post_thumbnail":0,"footnotes":""},"categories":[6],"tags":[],"class_list":["post-2123","post","type-post","status-publish","format-standard","hentry","category-caths-info"],"_links":{"self":[{"href":"https:\/\/www.caths.cz\/wordpress\/wp-json\/wp\/v2\/posts\/2123","targetHints":{"allow":["GET"]}}],"collection":[{"href":"https:\/\/www.caths.cz\/wordpress\/wp-json\/wp\/v2\/posts"}],"about":[{"href":"https:\/\/www.caths.cz\/wordpress\/wp-json\/wp\/v2\/types\/post"}],"author":[{"embeddable":true,"href":"https:\/\/www.caths.cz\/wordpress\/wp-json\/wp\/v2\/users\/1"}],"replies":[{"embeddable":true,"href":"https:\/\/www.caths.cz\/wordpress\/wp-json\/wp\/v2\/comments?post=2123"}],"version-history":[{"count":0,"href":"https:\/\/www.caths.cz\/wordpress\/wp-json\/wp\/v2\/posts\/2123\/revisions"}],"wp:attachment":[{"href":"https:\/\/www.caths.cz\/wordpress\/wp-json\/wp\/v2\/media?parent=2123"}],"wp:term":[{"taxonomy":"category","embeddable":true,"href":"https:\/\/www.caths.cz\/wordpress\/wp-json\/wp\/v2\/categories?post=2123"},{"taxonomy":"post_tag","embeddable":true,"href":"https:\/\/www.caths.cz\/wordpress\/wp-json\/wp\/v2\/tags?post=2123"}],"curies":[{"name":"wp","href":"https:\/\/api.w.org\/{rel}","templated":true}]}}