{"id":2122,"date":"2011-12-31T02:09:26","date_gmt":"2011-12-31T01:09:26","guid":{"rendered":"http:\/\/www.caths.cz\/wordpress\/?p=2122"},"modified":"2011-12-31T02:09:26","modified_gmt":"2011-12-31T01:09:26","slug":"to-byl-rok-2011-cast-2-cerven-prosinec-2011","status":"publish","type":"post","link":"https:\/\/www.caths.cz\/wordpress\/to-byl-rok-2011-cast-2-cerven-prosinec-2011\/","title":{"rendered":"To byl rok 2011 ! \u010c\u00e1st 2. (\u010derven \u2013 prosinec 2011)"},"content":{"rendered":"<p align=\"justify\">\n<h4><font color=\"#0066CC\">\u010cerven<\/font><\/h4>\n<p> <strong>12.6. Cyklist\u00e9 p\u0159iv\u00e1\u017eej\u00ed \u010dty\u0159i medalie ze sv\u011btov\u00e9ho poh\u00e1ru!<\/strong><\/p>\n<p> \u010cty\u0159i cenn\u00e9 kovy p\u0159iv\u00e1\u017eej\u00ed \u010dlenov\u00e9 reprezenta\u010dn\u00edho t\u00fdmu t\u011blesn\u011b a zrakov\u011b handicapovan\u00fdch cyklist\u016f ze Sv\u011btov\u00e9ho poh\u00e1ru ve \u0161pan\u011blsk\u00e9 Segovii a znovu tak potvrdili svou pozici v absolutn\u00ed sv\u011btov\u00e9 \u0161pi\u010dce. <\/p>\n<p> <strong>19.6. Handbiker Honza Tom\u00e1nek se dostal mezi elitn\u00ed evropskou osmi\u010dku<\/strong><\/p>\n<p> Reprezentant \u010cesk\u00e9 republiky Jan Tom\u00e1nek vyu\u017eil dom\u00e1c\u00edho prost\u0159ed\u00ed a v kompletn\u00ed evropsk\u00e9 konkurenci obsadil vynikaj\u00edc\u00ed 6. m\u00edsto v z\u00e1vodech kategorie P1 EHC v Lounech <\/p>\n<p> <strong>21.6. U\u017e zn\u00e1me nov\u00e9 mistry \u010cesk\u00e9 republiky v maratonu horsk\u00fdch kol<\/strong><\/p>\n<p> Po\u010das\u00ed si podobn\u011b jako to lo\u0148sk\u00e9 usmyslelo, \u017ee z\u00e1vody trochu vylep\u0161\u00ed a zdramatizuje. Na\u0161t\u011bst\u00ed se letos nekonaly povodn\u011b, ale i tak byla tra\u0165 par\u00e1dn\u011b promo\u010den\u00e1 a chv\u00edlemi p\u0159ipom\u00ednala sp\u00ed\u0161e bahenn\u00ed l\u00e1zn\u011b. <\/p>\n<p> <strong>27.6. Atleti voz\u00ed\u010dk\u00e1\u0159i splnili na M\u010cR \u010dtrn\u00e1ct &#8222;A&#8220; limit\u016f<\/strong><\/p>\n<p> Za \u00fa\u010dasti v\u00edce ne\u017e 50 sportovc\u016f prob\u011bhlo uplynul\u00fd v\u00edkend v Nov\u00e9m M\u011bst\u011b nad Metuj\u00ed Mistrovstv\u00ed republiky v atletice. Celkem 9 t\u011blesn\u011b posti\u017een\u00fdch atlet\u016f splnilo &#8222;A&#8220; limit pro letn\u00ed paralympijsk\u00e9 hry v Lond\u00fdn\u011b. <\/p>\n<h4><font color=\"#0066CC\">\u010cervenec<\/font><\/h4>\n<p> <strong>7.7. Jan Pov\u00fd\u0161il vybojoval na ME bronz<\/strong><img decoding=\"async\" src=\"\/wordpress\/image\/k_clankum\/rok11_6.jpg\" ALIGN=\"right\" HSPACE=5 VSPACE=5\"><\/p>\n<p> St\u0159eda p\u0159inesla \u010desk\u00fdm barv\u00e1m dal\u0161\u00ed medaili. Honza Pov\u00fd\u0161il vybojoval v z\u00e1vod\u011b na 100m voln\u00fd zp\u016fsob bronzovou medaili \u010dasem 1:23,03 a skon\u010dil tak t\u0159et\u00ed za sv\u00fdmi v\u011b\u010dn\u00fdmi rivaly \u0160pan\u011blem Oribem a Francouzem Smetaninem. <\/p>\n<p> <strong>8.7. V Berl\u00edn\u011b z\u00e1sluhou Jana Pov\u00fd\u0161ila cinklo zlato!<\/strong><\/p>\n<p> To, v co jsme tajn\u011b doufali, se stalo skute\u010dnost\u00ed a Honza Pov\u00fd\u0161il vybojoval na mistrovstv\u00ed Evropy ve sv\u00e9 kr\u00e1lovsk\u00e9 discipl\u00edn\u011b &#8211; 150m polohov\u00fd z\u00e1vod-zlatou medaili. <\/p>\n<p> <strong>9.7. Ji\u0159\u00ed Je\u017eek vyhr\u00e1l \u010dasovku sv\u011btov\u00e9ho poh\u00e1ru, Tereza Diepoldov\u00e1 m\u00e1 st\u0159\u00edbrnou medaili!<\/strong><\/p>\n<p> P\u0159esn\u011b ve 14 hodin m\u00edstn\u00edho \u010dasu se vydal na tra\u0165 fin\u00e1lov\u00e9ho z\u00e1vodu sv\u011btov\u00e9ho poh\u00e1ru v \u010dasovce \u00fa\u0159aduj\u00edc\u00ed mistr sv\u011bta v t\u00e9to discipl\u00edn\u011b &#8211; Ji\u0159\u00ed Je\u017eek. A vr\u00e1til se do c\u00edle velmi brzy, v nejlep\u0161\u00edm \u010dase dne a t\u00edm p\u00e1dem i jako v\u00edt\u011bz z\u00e1vodu sv\u011btov\u00e9ho poh\u00e1ru. <\/p>\n<p><img decoding=\"async\" src=\"\/wordpress\/image\/k_clankum\/rok11_7.JPG\" ALIGN=\"right\" HSPACE=5 VSPACE=5\"> <strong>11.7. Historick\u00fd \u00fasp\u011bch \u010desk\u00e9 cyklistiky &#8211; Ji\u0159\u00ed Je\u017eek celkov\u00fdm v\u00edt\u011bzem sv\u011btov\u00e9ho poh\u00e1ru!<\/strong><\/p>\n<p> Historick\u00fd \u00fasp\u011bch \u010desk\u00e9 cyklistiky handicapovan\u00fdch p\u0159iv\u00e1\u017e\u00ed z kanadsk\u00e9ho Baie Comeau \u010desk\u00e1 reprezentace t\u011blesn\u011b handicapovan\u00fdch cyklist\u016f. Po p\u00e1te\u010dn\u00edm v\u00edt\u011bzstv\u00ed v \u010dasovce, dok\u00e1zal p\u011btin\u00e1sobn\u00fd paralympijsk\u00fd v\u00edt\u011bz a \u0161estin\u00e1sobn\u00fd mistr sv\u011bta Ji\u0159\u00ed Je\u017eek zv\u00edt\u011bzit i v silni\u010dn\u00edm z\u00e1vod\u011b a stal se tak celkov\u00fdm v\u00edt\u011bzem sv\u011btov\u00e9ho poh\u00e1ru pro rok 2011. <\/p>\n<p> <strong>16.7. Dru\u017estvo mu\u017e\u016f p\u0159iveze z MS v lukost\u0159elb\u011b zlato !!<\/strong><\/p>\n<p> V\u010dera byly na programu mistrovstv\u00ed sv\u011bta eliminace v sout\u011b\u017ei dru\u017estvev. S nejvy\u0161\u0161\u00edmi ambicemi do nich nastupovalo dru\u017estvo W1 ve slo\u017een\u00ed Drahon\u00ednsk\u00fd, Barto\u0161, \u0160ebek. V nap\u00ednav\u00e9m boji o prvn\u00ed m\u00edsto nakonec na\u0161i porazili dru\u017estvo USA a z\u00edskali zlato. <\/p>\n<p> <strong>17.7. David Drahon\u00ednsk\u00fd m\u00e1 st\u0159\u00edbro!<\/strong><\/p>\n<p> David Drahon\u00ednsk\u00fd se v discipl\u00edn\u011b kladkov\u00fd luk W1 probojoval eliminacemi jednotlivc\u016f a\u017e do dne\u0161n\u00edho fin\u00e1le. V n\u011bm se v souboji o zlatou medaili utkal s Finem Kinnunenem. Ve velmi nap\u00ednav\u00e9m fin\u00e1le nakonec David sv\u00e9mu soupe\u0159i podlehl a z\u00edskal st\u00edbrnou medaili. Ostatn\u00edm \u010desk\u00fdm lukost\u0159elc\u016fm se da\u0159ilo m\u00e9n\u011b. <\/p>\n<p> <strong>18.7. Honza Tom\u00e1nek dvakr\u00e1t prvn\u00ed na Slovensku<\/strong><\/p>\n<p> Na\u0161e sou\u010dasn\u00e1 handbikov\u00e1 jedni\u010dka Jan Tom\u00e1nek potvrdil opr\u00e1vn\u011bnost nominace na MS v D\u00e1nsku, kdy\u017e zv\u00edt\u011bzil v silni\u010dn\u00edm z\u00e1vod\u011b i \u010dasovce ve Vr\u00e1tn\u00e9, kde se jel dal\u0161\u00ed podnik Evropsk\u00e9ho poh\u00e1ru cyklist\u016f. <\/p>\n<p> <strong>24.7. Ohl\u00e9dnut\u00ed za ME v plav\u00e1n\u00ed Berl\u00edn 2011<\/strong><\/p>\n<p> ME 2001 v Berl\u00edn\u011b skon\u010dilo pro \u010desk\u00fd t\u00fdm \u00fasp\u011b\u0161n\u011b. Zlat\u00e9 medaile dovezli dom\u016f Jan Pov\u00fd\u0161il a Arno\u0161t Petr\u00e1\u010dek, Honza nav\u00edc st\u0159\u00edbro a bronz. <\/p>\n<p> <strong>31.7. Petra Hurtov\u00e1, Radek Fabi\u00e1n a Tom\u00e1\u0161 Kajnar jsou nov\u00fdmi mistry \u010cesk\u00e9 republiky handicapovan\u00fdch cyklist\u016f v kategorii XC horsk\u00fdch kol<\/strong><\/p>\n<p> S podm\u00e1\u010denou, bl\u00e1tivou a velmi t\u011b\u017ekou trat\u00ed se museli pot\u00fdkat \u00fa\u010dastn\u00edci Mistrovstv\u00ed \u010cesk\u00e9 republiky horsk\u00fdch kol handicapovan\u00fdch cyklist\u016f. V\u00fdborn\u011b p\u0159ipraven\u00e9 z\u00e1vody s po\u010detnou div\u00e1ckou kulisou zvl\u00e1dli nejl\u00e9pe handbike\u0159i Radek Fabi\u00e1n, Petra Hurtov\u00e1 a v kategorii cyklist\u016f pak Tom\u00e1\u0161 Kajnar (5), kter\u00fd si vypracoval b\u011bhem z\u00e1vodu tak velk\u00fd n\u00e1skok, \u017ee ho nezbrzdil ani defekt zadn\u00edho kola, se kter\u00fdm absolvoval posledn\u00ed okruh n\u00e1ro\u010dn\u00e9ho z\u00e1vodu. <\/p>\n<h4><font color=\"#0066CC\">Srpen<\/font><\/h4>\n<p> <strong>4.8. Zem\u0159el slavn\u00fd televizn\u00ed koment\u00e1tor, cyklistick\u00fd expert a velk\u00fd propag\u00e1tor cyklistiky handicapovan\u00fdch, Robert Bakal\u00e1\u0159 <\/strong><\/p>\n<p> Je\u0161t\u011b p\u0159ed p\u00e1r dny jsem s n\u00edm mluvil. Se sm\u00edchem zji\u0161\u0165oval &#8222;drby&#8220; o m\u00fdch sv\u011b\u0159enc\u00edch, d\u011blal si legraci ze sv\u00e9 rakoviny, domlouvali jsme se, \u017ee bude komentovat halov\u00fd Evropsk\u00fd poh\u00e1r v cyklistice, kter\u00fd p\u0159ipravujeme na leden, pl\u00e1novali jsme vytvo\u0159it telemost pro televizn\u00ed redakci Eurosportu z bl\u00ed\u017e\u00edc\u00edho se mistrovstv\u00ed sv\u011bta handicapovan\u00fdch cyklist\u016f v D\u00e1nsku&#8230; Ve st\u0159edu 3.8. r\u00e1no, ve v\u011bku 71 let Robert Bakal\u00e1\u0159 n\u00e1hle zem\u0159el. <\/p>\n<p> <strong>8.8. Stoln\u00ed tenist\u00e9 p\u0159ivezli bronz z Pekingu<\/strong><\/p>\n<p> Trio stoln\u00edch tenist\u016f Karabec, Horut, Lambert odjelo koncem \u010dervence na letos ji\u017e p\u00e1t\u00fd \u010dty\u0159ic\u00edtkov\u00fd turnaj leto\u0161n\u00ed sez\u00f3ny. Lo\u0148\u0161t\u00ed st\u0159\u00edbrn\u00ed medailist\u00e9 z mistrovstv\u00ed sv\u011bta, dvojice Horut &#8211; Lambert, vybojovala bronzovou medaili. <\/p>\n<p> <strong>9.8. Otev\u0159en\u00e9 mistrovstv\u00ed \u010cR ve sportovn\u00ed st\u0159elb\u011b<\/strong><img decoding=\"async\" src=\"\/wordpress\/image\/k_clankum\/rok11_8.jpg\" ALIGN=\"right\" HSPACE=5 VSPACE=5\"><\/p>\n<p> O v\u00edkendu se v Olomouci rozd\u00e1valy tituly Mistra republiky ve sportovn\u00ed st\u0159elb\u011b. Mistrovsk\u00e9 tituly vybojovali Vladim\u00edr Mar\u010dan v discipl\u00edn\u00e1ch sportovn\u00ed pistole 30+30 ran a vzduchov\u00e1 pistole 60 ran. Roman Gronsk\u00fd z\u00edskal titul v discipl\u00edn\u00e1ch libovoln\u00e1 pistole 60 ran a standartn\u00ed vzduchov\u00e1 pistole 40 ran. <\/p>\n<p> <strong>18.8. Rekordn\u00ed \u00fa\u010dast na atletick\u00e9m Czech Open 2011<\/strong><\/p>\n<p> Jak jsme ji\u017e avizovali v p\u0159edchoz\u00edch \u010dl\u00e1nc\u00edch, tento v\u00edkend o\u017eije Olomouck\u00fd atletick\u00fd stadion mezin\u00e1rodn\u00edm atletick\u00fdm m\u00edtinkem Czech Open 2011. I leto\u0161n\u00ed p\u00e1t\u00fd ro\u010dn\u00edk m\u00edtinku je pod patronac\u00ed IPC a lze na n\u011bm plnit kvalifika\u010dn\u00ed limity pro letn\u00ed paralympijsk\u00e9 hry v Lond\u00fdn\u011b. <\/p>\n<p> <strong>23.8. Vladim\u00edr Mar\u010dan zv\u00edt\u011bzil v z\u00e1vod\u011b sv\u011btov\u00e9ho poh\u00e1ru ve sportovn\u00ed st\u0159elb\u011b<\/strong><\/p>\n<p> Vladim\u00edr Mar\u010dan (55), \u010dlen SK TPS Olomouc, dos\u00e1hl zat\u00edm sv\u00e9ho nejcenn\u011bj\u0161\u00edho sportovn\u00edho \u00fasp\u011bchu na kvalifika\u010dn\u00edm z\u00e1vod\u011b IPC v thajsk\u00e9m Bangkoku. Zv\u00edt\u011bzil ve sv\u00e9 nejobl\u00edben\u011bj\u0161\u00ed discipl\u00edn\u011b sportovn\u00ed malor\u00e1\u017en\u00ed pistole P3. <\/p>\n<p> <strong>30.8. Do zah\u00e1jen\u00ed letn\u00edch paralympijsk\u00fdch her v Lond\u00fdn\u011b zb\u00fdv\u00e1 p\u0159esn\u011b jeden rok!<\/strong><\/p>\n<p> 365 dn\u00ed zb\u00fdv\u00e1 do zah\u00e1jen\u00ed sportovn\u00ed akce na kterou s nap\u011bt\u00edm \u010dek\u00e1 cel\u00fd sportovn\u00ed sv\u011bt \u2013 paralympijsk\u00fdch her v Lond\u00fdn\u011b 2012. <\/p>\n<h4><font color=\"#0066CC\">Z\u00e1\u0159\u00ed<\/font><\/h4>\n<p> <img decoding=\"async\" src=\"\/wordpress\/image\/k_clankum\/rok11_9.jpg\" ALIGN=\"right\" HSPACE=5 VSPACE=5\"> <strong>10.9 Jirka Je\u017eek m\u00e1 st\u0159\u00edbro, Tereza Diepoldov\u00e1 s Ji\u0159\u00edm Bou\u0161kou bronz z \u010dasovky!<\/strong><\/p>\n<p> O vynikaj\u00ed \u00fasp\u011bch \u010desk\u00e9 cyklistiky se dnes postarali handicapovan\u00ed cyklist\u00e9 na MS v silni\u010dn\u00ed cyklistice v d\u00e1nsk\u00e9m Roskilde. <\/p>\n<p> <strong>11.9. Tereza Diepoldov\u00e1 z\u00edskala na mistrovstv\u00ed sv\u011bta ji\u017e svou druhou medaili!<\/strong><\/p>\n<p> Tereza Diepoldov\u00e1 prom\u011bnila i sv\u016fj druh\u00fd start na cyklistick\u00e9m mistrovstv\u00ed sv\u011bta v medaili. Op\u011bt je bronzov\u00e1 a 23 let\u00e1 \u010dlenka t\u00fdmu Nutrend Specialized se t\u00edmto \u00fasp\u011bchem postarala o zat\u00edm nejlep\u0161\u00ed v\u00fdsledek \u010desk\u00e9 \u017eensk\u00e9 cyklistiky t\u011blesn\u011b handicapovan\u00fdch. <\/p>\n<p> <strong>18.9. V\u00edt\u011bzem \u010cesk\u00e9ho poh\u00e1ru v discipl\u00edn\u011b P1 a P3 se stal Vladim\u00edr Mar\u010dan a v discipl\u00edn\u011b P4 Josef \u0160kvaro<\/strong><\/p>\n<p> Ve dnech 3.-4.9. se konalo v Plzni fin\u00e1le \u010cP. O Titul V\u00edt\u011bz \u010cesk\u00e9ho poh\u00e1ru si to rozdalo \u0161est nominovan\u00fdch st\u0159elc\u016f v discipl\u00edn\u00e1ch P1, P3 a P4. V sobotu \u0161est st\u0159elc\u016f kategorie SH1 sout\u011b\u017eili v discipl\u00edn\u011b P1 &#8211; vzduchov\u00e1 pistole 60 ran na 10 metr\u016f. <\/p>\n<p> <img decoding=\"async\" src=\"\/wordpress\/image\/k_clankum\/rok11_10.jpg\" ALIGN=\"right\" HSPACE=5 VSPACE=5\"> <strong>19.9. 4 zlat\u00e9 medaile z Evropsk\u00e9ho poh\u00e1ru v Praze na Strahov\u011b z\u016fst\u00e1vaj\u00ed v \u010cesk\u00e9 republice!<\/strong><\/p>\n<p> Pra\u017esk\u00fd Strahov byl d\u011bji\u0161t\u011bm vrcholn\u00e9ho mezin\u00e1rodn\u00edho podniku handicapovan\u00fdch cyklist\u016f. V sobotu 17. z\u00e1\u0159\u00ed se zde se\u0161la sou\u010dasn\u00e1 \u0161pi\u010dka, nejenom evropsk\u00e9 paracyklistiky, ke sv\u00e9mu fin\u00e1lov\u00e9mu z\u00e1vodu. <\/p>\n<p> <strong>23.9. Vyda\u0159en\u00fd dev\u00e1t\u00fd ro\u010dn\u00edk Czech Open stoln\u00edch tenist\u016f<\/strong><\/p>\n<p> V Ostrav\u011b, ve sportovn\u00edm are\u00e1lu TJ Mittal, prob\u011bhl ve dnech 7.-11.z\u00e1\u0159\u00ed mezin\u00e1rodn\u00ed turnaj t\u011blesn\u011b posti\u017een\u00fdch stoln\u00edch tenist\u016f Czech Open 2011. Byl to ji\u017e dev\u00e1t\u00fd ro\u010dn\u00edk t\u00e9to akce, kter\u00e1 d\u00e1v\u00e1 v \u0161ir\u0161\u00ed m\u00ed\u0159e mo\u017enost hendikepovan\u00fdm stoln\u00edm tenist\u016fm \u010cR pom\u011b\u0159it svou v\u00fdkonnost se zahrani\u010dn\u00ed konkurenc\u00ed. <\/p>\n<p> <strong>25.9. \u010cesk\u00fd poh\u00e1r handbike a tandem\u016f www.caths.cz 2011 je minulost\u00ed, a\u0165 \u017eije \u010cesk\u00fd poh\u00e1r handbike a tandem\u016f www.caths.cz 2012!<\/strong><\/p>\n<p> Na\u0161e nejnav\u0161t\u011bvovan\u011bj\u0161\u00ed sout\u011b\u017e jarn\u00edch a letn\u00edch m\u011bs\u00edc\u016f \u2013 \u010cesk\u00fd poh\u00e1r handbike a tandem\u016f www.caths.cz 2011 je minulost\u00ed. Co nov\u00e9ho tyto sout\u011b\u017ee p\u0159inesly? <\/p>\n<p> <strong>27.9. Lond\u00fdnsk\u00e1 hledi\u0161t\u011b a tribuny hl\u00e1s\u00ed : VYPROD\u00c1NO!!<\/strong><\/p>\n<p> P\u0159esn\u011b rok p\u0159ed zah\u00e1jen\u00edm letn\u00edch paralympijsk\u00fdch her v Lond\u00fdn\u011b byl zah\u00e1jen p\u0159edprodej vstupenek na tuto vrcholnou sportovn\u00ed akci. Po 14 dnech prodeje jsou t\u00e9m\u011b\u0159 v\u0161echny vstupenky rezervov\u00e1ny a internetov\u00fd obchod byl uzav\u0159en. <\/p>\n<h4><font color=\"#0066CC\">\u0158\u00edjen<\/font><\/h4>\n<p> <strong>1.10. Honza Tom\u00e1nek vyhr\u00e1l dal\u0161\u00ed z\u00e1vod Evropsk\u00e9ho poh\u00e1ru<\/strong><\/p>\n<p> Velikou radost n\u00e1m d\u011bl\u00e1 mlad\u00fd a nad\u011bjn\u00fd handbiker Honza Tom\u00e1nek. Leto\u0161n\u00ed sez\u00f3nu zavr\u0161il dal\u0161\u00edm v\u00edt\u011bzstv\u00edm v z\u00e1vod\u011b Evropsk\u00e9ho poh\u00e1ru kategorie P1 v srbsk\u00e9m B\u011blehrad\u011b. <\/p>\n<p> <strong>3.10. Pocta \u010desk\u00e9 cyklistice &#8211; Ji\u0159\u00ed Je\u017eek v komisi sportovc\u016f UCI!<\/strong><\/p>\n<p> V\u00fdjime\u010dn\u00e9ho uzn\u00e1n\u00ed se dostalo \u010desk\u00e9 cyklistice handicapovan\u00fdch. \u00da\u0159aduj\u00edc\u00ed mistr sv\u011bta ve st\u00edha\u010dce, jeden z nej\u00fasp\u011b\u0161n\u011bj\u0161\u00edch paralympijsk\u00fdch cyklist\u016f historie, Ji\u0159\u00ed Je\u017eek, byl jmenov\u00e1n do nov\u011b vznikl\u00e9 komise sportovc\u016f UCI. <\/p>\n<p> <strong>7.10. Dal\u0161\u00ed body do sv\u011btov\u00e9ho poh\u00e1ru st\u0159elc\u016f<\/strong><\/p>\n<p> V prvn\u00edm z\u00e1vod\u011b ve sportovn\u00ed pistoli P3 na Sv\u011btov\u00e9m poh\u00e1ru IPC ve Fort Benningu v USA z\u00edskal Vladim\u00edr Mar\u010dan dva body do sv\u011btov\u00e9ho \u017eeb\u0159\u00ed\u010dku za 14. m\u00edsto. <\/p>\n<p> <strong>9.10. \u010cesk\u00fd paralympijsk\u00fd v\u00fdbor m\u00e1 nov\u00e9 stanovy. Hlas \u010cATHS m\u00e1 nyn\u00ed jen 50% hodnotu&#8230;<\/strong><\/p>\n<p> Pod hrozbou ztr\u00e1ty licence Mezin\u00e1rodn\u00edho paralympijsk\u00e9ho v\u00fdboru (IPC) byl \u010cesk\u00fd paralympijsk\u00fd v\u00fdbor (\u010cPV) nucen na mimo\u0159\u00e1dn\u00e9m zased\u00e1n\u00ed V\u00fdkonn\u00e9ho gr\u00e9mia zm\u011bnit sv\u00e9 stanovy. <\/p>\n<p> <strong>13.10. Atletick\u00e1 sez\u00f3na 2011 je u konce<\/strong><img decoding=\"async\" src=\"\/wordpress\/image\/k_clankum\/rok11_13.jpg\" ALIGN=\"right\" HSPACE=5 VSPACE=5\"><\/p>\n<p> V \u010cesk\u00fdch Bud\u011bjovic\u00edch 1. 10. 2011 sedm\u00fdm kolem dlouhodob\u00e9 sout\u011b\u017ee \u010cesk\u00e9ho poh\u00e1ru KB, zakon\u010dila atletika voz\u00ed\u010dk\u00e1\u0159\u016f svou leto\u0161n\u00ed sez\u00f3nu. <\/p>\n<p> <strong>24.10. Fin\u00e1lov\u00e1 utk\u00e1n\u00ed na ME ve stoln\u00edm tenise budou bez \u010desk\u00e9 \u00fa\u010dasti<\/strong><\/p>\n<p> B\u011bhem v\u00edkendu prob\u00edhaly ve Splitu dvouhry v\u0161ech kategori\u00ed. \u010cesk\u00e1 republika zde m\u011bla zastoupen\u00ed \u010dty\u0159 hr\u00e1\u010d\u016f. Do dne\u0161n\u00edch fin\u00e1lov\u00fdch z\u00e1pas\u016f v\u0161ak \u017e\u00e1dn\u00fd z nich nepostoupil. <\/p>\n<p> <strong>27.10. IPC a po\u0159adatel\u00e9 letn\u00edch paralympijsk\u00fdch her v Lond\u00fdn\u011b upozor\u0148uj\u00ed \u2013 NENECHTE SI UJ\u00cdT PARALYMPIJSK\u00dd Z\u00c1VOD JI\u0158\u00cdHO JE\u017dKA!<\/strong><\/p>\n<p> Letn\u00edch paralympijsk\u00fdch her v Lond\u00fdn\u011b se z\u00fa\u010dastn\u00ed t\u00e9m\u011b\u0159 4200 sportovc\u016f ze 150 zem\u00ed sv\u011bta a sout\u011b\u017eit budou ve 20 r\u016fzn\u00fdch sportech. To je porce, kter\u00e1 i pro informovan\u00e9ho sportovn\u00edho fanou\u0161ka vy\u017eaduje ur\u010dit\u00fd n\u00e1vod, co si rozhodn\u011b nenechat uj\u00edt a na kter\u00e1 sportovi\u0161t\u011b sm\u011b\u0159ovat pozornost. I proto po\u0159adatel\u00e9, s t\u00e9m\u011b\u0159 ro\u010dn\u00edm p\u0159edstihem, zve\u0159ejnili seznam 12 TOP sout\u011b\u017e\u00ed a slavn\u00fdch jmen, kter\u00e1 lze pova\u017eovat za to nejlep\u0161\u00ed, co v Lond\u00fdn\u011b uvid\u00edme. <\/p>\n<p> <strong>28.10. \u010ce\u0161i p\u0159ivezou ze Splitu t\u00fdmov\u00e9 st\u0159\u00edbro<\/strong><\/p>\n<p> V z\u00e1v\u011bre\u010dn\u00e9 sout\u011b\u017ei dru\u017estev vybojovala \u010desk\u00e1 dvojice Jaroslav Hadrava &#8211; Ren\u00e9 Tau\u0161 st\u0159\u00edbrn\u00e9 medaile z evropsk\u00e9ho \u0161ampion\u00e1tu. <\/p>\n<h4><font color=\"#0066CC\">Listopad<\/font><\/h4>\n<p> <strong>2.11. V\u00edt\u011bzn\u00e9 fotografie Michala \u010cerven\u00e9ho budou doprov\u00e1zet reprezenta\u010dn\u00ed t\u00fdm \u010cesk\u00e9 republiky T\u011blesn\u011b a zrakov\u011b posti\u017een\u00fdch cyklist\u016f a\u017e do Lond\u00fdna<\/strong><\/p>\n<p> Kdy\u017e fotograf zpravodajsk\u00e9ho serveru www.mtbs.cz Michal \u010cerven\u00fd p\u0159ijal nab\u00eddku reprezenta\u010dn\u00edho t\u00fdmu T\u011blesn\u011b a zrakov\u011b posti\u017een\u00fdch cyklist\u016f, aby se spole\u010dn\u011b s t\u00edmto t\u00fdmem z\u00fa\u010dastnil silni\u010dn\u00edho mistrovstv\u00ed sv\u011bta v d\u00e1nsk\u00e9m Roskilde, ur\u010dit\u011b netu\u0161il, kolik hlubok\u00fdch emoc\u00ed sv\u00fdmi fotografiemi zp\u016fsob\u00ed. <\/p>\n<p> <strong>5.11. Jan Pov\u00fd\u0161il v\u00edt\u011bzem foto sout\u011b\u017ee &#8222;\u017divot nejen na kolech&#8220;<\/strong><\/p>\n<p> O Honzovi Pov\u00fd\u0161ilovi, \u00fasp\u011b\u0161n\u00e9m reprezentantovi v plav\u00e1n\u00ed, je zn\u00e1mo, \u017ee jeho velkou z\u00e1libou je fotografov\u00e1n\u00ed. Sv\u00e9 fotografie letos Honza prezentoval na 15.ro\u010dn\u00edku fotografisk\u00e9 sout\u011b\u017ee &#8222;\u017divot nejen na kolech&#8220;. <\/p>\n<p><img decoding=\"async\" src=\"\/wordpress\/image\/k_clankum\/rok11_11.jpg\" ALIGN=\"right\" HSPACE=5 VSPACE=5\"> <strong>11.11. Ji\u0159\u00ed Je\u017eek byl vyhl\u00e1\u0161en Kr\u00e1lem cyklistiky handicapovan\u00fdch<\/strong><\/p>\n<p> V n\u00e1dhern\u00e9m prost\u0159ed\u00ed pavilonu Rotunda na Brn\u011bnsk\u00e9m v\u00fdstavi\u0161ti prob\u011bhl v\u010dera slavnostn\u00ed ve\u010der vyhla\u0161ov\u00e1n\u00ed Kr\u00e1le cyklistiky 2011. V kategorii handicapovan\u00fdch byl vyhl\u00e1\u0161en nej\u00fasp\u011b\u0161n\u011bj\u0161\u00ed cyklista leto\u0161n\u00ed sez\u00f3ny &#8211; Jirka Je\u017eek. <\/p>\n<p> <strong>12.11. Alex Sad\u00edlek z\u00edskal v N\u011bmecku bronzovou medaili<\/strong><\/p>\n<p> V n\u011bmeck\u00e9m Travemunde minul\u00fd m\u011bs\u00edc prob\u011bhlo Mistrovstv\u00ed N\u011bmecka olympijsk\u00fdch t\u0159\u00edd, v\u010detn\u011b paralympijsk\u00e9 t\u0159\u00eddy 2.4mR. Z\u00e1vod v t\u00e9to t\u0159\u00edd\u011b byl otev\u0159en\u00fd i pro nehendikepovan\u00e9. <\/p>\n<p> <strong>13.11. Pra\u017esk\u00fd cyklokros zaznamenal rekordn\u00ed \u00fa\u010dast<\/strong><img decoding=\"async\" src=\"\/wordpress\/image\/k_clankum\/rok11_12.jpg\" ALIGN=\"right\" HSPACE=5 VSPACE=5\"><\/p>\n<p> Na pl\u00e1ni v \u0158ep\u00edch prob\u011bhl v ned\u011bli ve\u0159ejn\u00fd cyklistick\u00fd z\u00e1vod &#8211; Pra\u017esk\u00fd cyklokros. V p\u0159\u00edjemn\u00e9m a slunn\u00e9m po\u010das\u00ed se v Praze odprezentovala rekordn\u00ed \u00fa\u010dast z\u00e1vodn\u00edk\u016f v\u0161ech kategori\u00ed. Z\u00e1vod byl rovn\u011b\u017e posledn\u00edm kolem \u010cP MTB handicapovan\u00fdch. <\/p>\n<p> <strong>18.11. M\u00edra \u0160perk zah\u00e1jil ly\u017ea\u0159skou sez\u00f3nu vynikaj\u00edc\u00edm 3. m\u00edstem na z\u00e1vodech IPCAS<\/strong><\/p>\n<p> V \u00fater\u00fd odjela v\u00fdprava ly\u017ea\u0159\u016f \u010cATHS do holandsk\u00e9ho Landgraafu, kde se uskute\u010dnil prvn\u00ed z\u00e1vod IPCAS leto\u0161n\u00ed ly\u017ea\u0159sk\u00e9 sez\u00f3ny. V nabit\u00e9 konkurenci obsadil M\u00edra \u0160perk \u00fa\u017easn\u00e9 3.m\u00edsto. <\/p>\n<p> <strong>25.11. Cyklist\u016fm za\u010d\u00edn\u00e1 dr\u00e1hov\u00fd \u010cesk\u00fd poh\u00e1r<\/strong><\/p>\n<p> V p\u00e1tek odstartuje na motolsk\u00e9m velodromu \u00favodn\u00ed z\u00e1vod \u010cesk\u00e9ho poh\u00e1ru handicapovan\u00fdch cyklist\u016f na dr\u00e1ze. <\/p>\n<h4><font color=\"#0066CC\">Prosinec<\/font><\/h4>\n<p> <strong>11.12. M\u00edra \u0160perk vybojoval na Evropsk\u00e9m poh\u00e1ru zlato<\/strong><\/p>\n<p> Od \u010dtvrtka prob\u00edh\u00e1 na rakousk\u00e9m Pitztalu prvn\u00ed Evropsk\u00fd poh\u00e1r ly\u017ea\u0159sk\u00e9 sez\u00f3ny 2011\/12. Velkou radost n\u00e1m v n\u011bm ud\u011blal n\u00e1\u0161 ly\u017ea\u0159 M\u00edra \u0160perk, kdy\u017e v z\u00e1vod\u011b Super G vybojoval prvn\u00ed m\u00edsto. <\/p>\n<p> <strong>11.12. Aktu\u00e1ln\u011b z EP Pitztal<\/strong><\/p>\n<p> M\u00edra \u0160perk potvrdil svou v\u00fdbornou sou\u010dasnou formu a i dnes skv\u011ble zabodoval ve slalomu, kdy\u017e skon\u010dil na kr\u00e1sn\u00e9m t\u0159et\u00edm m\u00edst\u011b. <\/p>\n<p> <strong>14.12. Stoln\u00ed tenist\u00e9 zabodovali v Argentin\u011b<\/strong><\/p>\n<p> \u010ce\u0161t\u00ed stoln\u00ed tenist\u00e9 odlet\u011bli minul\u00fd t\u00fdden na mezin\u00e1rodn\u00ed turnaj Copa Tango do Buenos Aires. Posledn\u00edho turnaje sez\u00f3ny 2011 se z\u00fa\u010dastnili za \u010cR Ivan Karabec, Zbyn\u011bk Lambert a Daniel Horut. A jak\u00e1 je celkov\u00e1 bilance \u010desk\u00e9ho t\u00fdmu po konci turnaje? T\u0159i prvn\u00ed m\u00edsta a jedno druh\u00e9. <\/p>\n<p> <strong>18.12. V motolsk\u00e9 hale se bojovalo o cyklistick\u00e9 tituly Mistr\u016f \u010cesk\u00e9 republiky na dr\u00e1ze<\/strong><\/p>\n<p> Motolsk\u00e1 cyklistick\u00e1 hala za\u017eila v uplynul\u00fdch \u010dty\u0159ech dnech n\u00e1por nev\u00eddan\u00fd. O presti\u017en\u00ed tituly Mistr\u016f \u010cesk\u00e9 republiky se zde toti\u017e utkaly v\u0161echny v\u011bkov\u00e9 kategorie cyklist\u016f. A poprv\u00e9 v historii se do boj\u016f zapojili i cyklist\u00e9 handicapovan\u00ed, pro kter\u00e9 byl z\u00e1vod nav\u00edc i \u010dtvrt\u00fdm kolem \u010cesk\u00e9ho poh\u00e1ru handicapovan\u00fdch cyklist\u016f na dr\u00e1ze www.caths.cz. <\/p>\n<p> <strong>21.12. Prohl\u00e1\u0161en\u00ed \u010cATHS k aktu\u00e1ln\u00ed situaci ve sportu t\u011blesn\u011b posti\u017een\u00fdch v \u010cesk\u00e9 republice<\/strong><\/p>\n<p> V\u00fdkonn\u00fd v\u00fdbor \u010cATHS se v \u00fater\u00fd 20. prosince 2012 se\u0161el na spole\u010dn\u00e9m pracovn\u00edm zased\u00e1n\u00ed se z\u00e1stupci sportovc\u016f a s p\u0159edstaviteli jednotliv\u00fdch sportovn\u00edch sekc\u00ed a klub\u016f, k projedn\u00e1n\u00ed aktu\u00e1ln\u00ed situace ve sportu t\u011blesn\u011b posti\u017een\u00fdch v \u010cesk\u00e9 republice. <\/p>\n","protected":false},"excerpt":{"rendered":"<a href=\"https:\/\/www.caths.cz\/wordpress\/to-byl-rok-2011-cast-2-cerven-prosinec-2011\/\"><img loading=\"lazy\" decoding=\"async\" width=\"100\" height=\"100\" src=\"https:\/\/www.caths.cz\/wordpress\/wp-content\/plugins\/thumbnail-for-excerpts\/tfe_no_thumb.png\" class=\"alignleft wp-post-image tfe\" alt=\"\" title=\"\" \/><\/a><p>\u010cerven 12.6. Cyklist\u00e9 p\u0159iv\u00e1\u017eej\u00ed \u010dty\u0159i medalie ze sv\u011btov\u00e9ho poh\u00e1ru! \u010cty\u0159i cenn\u00e9 kovy p\u0159iv\u00e1\u017eej\u00ed \u010dlenov\u00e9 reprezenta\u010dn\u00edho t\u00fdmu t\u011blesn\u011b a zrakov\u011b handicapovan\u00fdch cyklist\u016f ze Sv\u011btov\u00e9ho poh\u00e1ru ve \u0161pan\u011blsk\u00e9 Segovii a znovu tak [&hellip;]<\/p>\n","protected":false},"author":1,"featured_media":0,"comment_status":"closed","ping_status":"closed","sticky":false,"template":"","format":"standard","meta":{"ngg_post_thumbnail":0,"footnotes":""},"categories":[6],"tags":[],"class_list":["post-2122","post","type-post","status-publish","format-standard","hentry","category-caths-info"],"_links":{"self":[{"href":"https:\/\/www.caths.cz\/wordpress\/wp-json\/wp\/v2\/posts\/2122","targetHints":{"allow":["GET"]}}],"collection":[{"href":"https:\/\/www.caths.cz\/wordpress\/wp-json\/wp\/v2\/posts"}],"about":[{"href":"https:\/\/www.caths.cz\/wordpress\/wp-json\/wp\/v2\/types\/post"}],"author":[{"embeddable":true,"href":"https:\/\/www.caths.cz\/wordpress\/wp-json\/wp\/v2\/users\/1"}],"replies":[{"embeddable":true,"href":"https:\/\/www.caths.cz\/wordpress\/wp-json\/wp\/v2\/comments?post=2122"}],"version-history":[{"count":0,"href":"https:\/\/www.caths.cz\/wordpress\/wp-json\/wp\/v2\/posts\/2122\/revisions"}],"wp:attachment":[{"href":"https:\/\/www.caths.cz\/wordpress\/wp-json\/wp\/v2\/media?parent=2122"}],"wp:term":[{"taxonomy":"category","embeddable":true,"href":"https:\/\/www.caths.cz\/wordpress\/wp-json\/wp\/v2\/categories?post=2122"},{"taxonomy":"post_tag","embeddable":true,"href":"https:\/\/www.caths.cz\/wordpress\/wp-json\/wp\/v2\/tags?post=2122"}],"curies":[{"name":"wp","href":"https:\/\/api.w.org\/{rel}","templated":true}]}}