{"id":2121,"date":"2011-12-30T10:18:46","date_gmt":"2011-12-30T09:18:46","guid":{"rendered":"http:\/\/www.caths.cz\/wordpress\/?p=2121"},"modified":"2011-12-30T10:18:46","modified_gmt":"2011-12-30T09:18:46","slug":"to-byl-rok-2011-cast-1-leden-kveten-2011","status":"publish","type":"post","link":"https:\/\/www.caths.cz\/wordpress\/to-byl-rok-2011-cast-1-leden-kveten-2011\/","title":{"rendered":"To byl rok 2011 ! \u010c\u00e1st 1. (leden \u2013 kv\u011bten 2011)"},"content":{"rendered":"<p align=\"justify\">\n<h4><font color=\"#0066CC\">Leden<\/font><\/h4>\n<p> <strong> 16.1. Mistrovstv\u00ed sv\u011bta v alpsk\u00e9m ly\u017eov\u00e1n\u00ed zah\u00e1jeno<\/strong><\/p>\n<p> V italsk\u00e9m olympijsk\u00e9m st\u0159edisku Sestriere byl v\u010dera slavnostn\u011b zah\u00e1jen sv\u011btov\u00fd \u0161ampion\u00e1t sjezda\u0159\u016f, kter\u00e9ho se z\u00fa\u010dastn\u00ed na 130 sportovc\u016f z 27 zem\u00ed sv\u011bta, v\u010detn\u011b na\u0161ich reprezentant\u016f.<\/p>\n<p> <strong><img decoding=\"async\" src=\"\/wordpress\/image\/k_clankum\/rok11_1.JPG\" ALIGN=\"right\" HSPACE=5 VSPACE=5\"> 22.1. Mistrovstv\u00ed sv\u011bta v atletice bylo slavnostn\u011b zah\u00e1jeno<\/strong><\/p>\n<p> Za \u00fa\u010dasti t\u00fdm\u016f ze 77 zem\u00ed se v p\u00e1tek v poledne m\u00edstn\u00edho \u010dasu odehr\u00e1l v Christchurch zahajovac\u00ed ceremoni\u00e1l. Cel\u00fd akt se nesl ve slavnostn\u00edm duchu, kdy jednotliv\u00e9 t\u00fdmy byly p\u0159edstavov\u00e1ny po\u010detn\u00e9mu publiku lemuj\u00edc\u00edmu ulice trasy pr\u016fvodu.<\/p>\n<p> <strong> 24.1. \u010cesko m\u00e1 prvn\u00ed medaili<\/strong><\/p>\n<p> Ale\u0161 Kis\u00fd vybojoval v\u00fdkonem 8.25 m bronzovou medaili ve vrhu koul\u00ed kat. F52\/53.<\/p>\n<p> <strong> 24.1. Aktu\u00e1ln\u011b z MS: Radim B\u011ble\u0161 vybojoval st\u0159\u00edbro v hodu ku\u017eelkou<\/strong><\/p>\n<p> Radim B\u011ble\u0161 vybojoval pro \u010ceskou republiku dal\u0161\u00ed cenn\u00fd kov z MS, v kategorii F31\/32\/51 z\u00edskal st\u0159\u00edbro v hodu ku\u017eelkou.<\/p>\n<p> <strong> 26.1. Bramborov\u00e1 st\u0159eda oko\u0159en\u011bn\u00e1 bronzem z o\u0161t\u011bpu<\/strong><\/p>\n<p> Dne\u0161n\u00ed, p\u00e1t\u00fd den, byl ve znamen\u00ed \u010dtvrt\u00fdch m\u00edst. Nejprve skon\u010dil na nepopul\u00e1rn\u00edm \u010dtvrt\u00e9m m\u00edst\u011b Martin N\u011bmec ve vrhu koul\u00ed, kdy\u017e jej p\u0159ehodil p\u0159edposledn\u00edm pokusem o 20 cm N\u011bmec Iser. A pak se tot\u00e9\u017e opakovalo p\u0159i sout\u011b\u017ei Rosti Pohlmanna v hodu diskem, kde Ros\u0165u posledn\u00edm pokusem p\u0159ehodil op\u011bt N\u011bmec Ghardooni.<\/p>\n<p> <strong> 28.1. Aktu\u00e1ln\u011b z MS: Eva Kacanu bronzov\u00e1 v kouli<\/strong><\/p>\n<p> Koula\u0159ka Eva Kacanu p\u0159ed n\u011bkolika okam\u017eiky vybojovala v Christchurch v\u00fdkonem 6,34m ze t\u0159et\u00ed s\u00e9rie bronzovou medaili ve slou\u010den\u00e9 kategorii F54\/55\/56.<\/p>\n<h4><font color=\"#0066CC\">\u00danor<\/font><\/h4>\n<p> <strong> 13.2. Deaflympi\u00e1da na Slovensku byla zru\u0161ena!<\/strong><\/p>\n<p> P\u0159in\u00e1\u0161\u00edme v\u00e1m v\u00edce ne\u017e ohromuj\u00edc\u00ed zpr\u00e1vu \u2013 pouh\u00fdch p\u00e1r dn\u00ed p\u0159ed slavnostn\u00edm zah\u00e1jen\u00edm byla zru\u0161ena zimn\u00ed Deaflympi\u00e1da na Slovensku.<\/p>\n<p> <strong> 19.2. \u010cesk\u00e1 republika je ve fin\u00e1le ME sledge hokejist\u016f<\/strong><\/p>\n<p> Dramatick\u00e9 semifin\u00e1lov\u00e9 utk\u00e1n\u00ed \u010cesk\u00e9 republiky s Estonskem nakonec v n\u00e1\u0161 prosp\u011bch t\u011bsn\u011b p\u0159ed koncem rozhodla jedin\u00e1 branka Zde\u0148ka H\u00e1bla.<\/p>\n<p> <strong> 20.1. Sledge hokejist\u00e9 vezou z ME st\u0159\u00edbrn\u00e9 medaile<\/strong><\/p>\n<p><img decoding=\"async\" src=\"\/wordpress\/image\/k_clankum\/rok11_2.jpg\" ALIGN=\"right\" HSPACE=5 VSPACE=5\"> Kdy\u017e \u010de\u0161t\u00ed sledge hokejist\u00e9 v roce 2007 vybojovali na Mistrovstv\u00ed Evropy v Italsk\u00e9m Pinerolu st\u0159\u00edbrn\u00e9 medaile, byl to naprosto ne\u010dekan\u00fd \u00fasp\u011bch. N\u00e1sledoval postup do elitn\u00ed sv\u011btov\u00e9 skupiny, p\u00e1t\u00e9 m\u00edsto z dom\u00e1c\u00edho sv\u011btov\u00e9ho \u0161ampion\u00e1tu v Ostrav\u011b, postup na paralympi\u00e1du a skv\u011bl\u00e1 p\u00e1t\u00e1 p\u0159\u00ed\u010dka z Vancouveru. \u010ce\u0161i si postupn\u011b dok\u00e1zali vybudovat respektovanou pozici na mezin\u00e1rodn\u00edm led\u011b a potvrzuj\u00ed, \u017ee ji\u017e stabiln\u011b pat\u0159\u00ed do sv\u011btov\u00e9 \u0161pi\u010dky. Dnes se mohli do\u010dkat i velk\u00e9ho mezin\u00e1rodn\u00edho v\u00edt\u011bzstv\u00ed, kdy\u017e na mistrovstv\u00ed Evropy ve \u0160v\u00e9dsk\u00e9m Solleftea bojovali ve fin\u00e1le.<\/p>\n<p> <strong> 21.2. Mistrovstv\u00ed sv\u011bta v curlingu za\u010d\u00edn\u00e1 dnes v Praze<\/strong><\/p>\n<p> \u010cesk\u00e1 republika bude ve dnech 21.2. a\u017e 1.3. hostit dal\u0161\u00ed vrcholnou sportovn\u00ed akci &#8211; Mistrovstv\u00ed sv\u011bta v curlingu voz\u00ed\u010dk\u00e1\u0159\u016f.<\/p>\n<p> <strong> 28.2. \u010ce\u0161t\u00ed ly\u017ea\u0159i ovl\u00e1dli Mistrovstv\u00ed Polska<\/strong><\/p>\n<p> \u010cesk\u00fdm z\u00e1vodn\u00edk\u016fm na monoski se poda\u0159ilo na Mistrovstv\u00ed Polska zv\u00edt\u011bzit v obou z\u00e1vodn\u00edch discipl\u00edn\u00e1ch. V sobotn\u00edm ob\u0159\u00edm slalomu vyhr\u00e1l Old\u0159ich Jel\u00ednek o 14 setin sekundy p\u0159ed Miroslavem \u0160perkem, Radim Kozlovsk\u00fd nestartoval. V ned\u011bli pak ve slalomu osadili cel\u00e9 stupn\u011b v\u00edt\u011bz\u016f, kdy\u017e zv\u00edt\u011bzil \u0160perk, p\u0159ed druh\u00fdm Jel\u00ednkem a t\u0159et\u00edm Kozlovsk\u00fdm.<\/p>\n<h4><font color=\"#0066CC\">B\u0159ezen<\/font><\/h4>\n<p> <strong> 11.3. Aktu\u00e1ln\u011b z MS: Ji\u0159\u00ed Je\u017eek Mistrem sv\u011bta ve st\u00edha\u010dce, Michal Stark bronzov\u00fd!!!<\/strong><\/p>\n<p> <strong> 13.3. Na z\u00e1v\u011br dr\u00e1hov\u00e9ho \u0161ampion\u00e1tu t\u00fdmov\u00fd bronz<\/strong><\/p>\n<p><img decoding=\"async\" src=\"\/wordpress\/image\/k_clankum\/rok11_3.JPG\" ALIGN=\"right\" HSPACE=5 VSPACE=5\"> V tradi\u010dn\u011b posledn\u00ed discipl\u00edn\u011b dr\u00e1ha\u0159sk\u00e9ho mistrovstv\u00ed sv\u011bta, t\u00fdmov\u00e9m sprintu, vybojovala \u010cesk\u00e1 republika p\u0159ed n\u011bkolika okam\u017eiky svou posledn\u00ed medaili. K p\u00e1te\u010dn\u00edmu zlatu Jirky Je\u017eka a bronzu Miachala Starka ze st\u00edhac\u00edho z\u00e1vodu p\u0159idali na\u0161i z\u00e1vodn\u00edci je\u0161t\u011b bronzovou medaili, kdy\u017e v p\u0159\u00edm\u00e9m souboji porazili t\u00fdm USA v nov\u00e9m \u010desk\u00e9m rekordu 52:290!<\/p>\n<p> <strong> 26.3. Mistrem Sportmall sledge hokejov\u00e9 ligy se stali Draci Kol\u00edn<\/strong><\/p>\n<p> Je rozhodnuto \u2013 t\u00fdm Kol\u00edna vyhr\u00e1l 2. fin\u00e1lov\u00fd z\u00e1pas proti SHC LAPP Zl\u00edn 4:3 a stal se mistrem Sportmall ligy 2010\/11. Draci Kol\u00edn byli pap\u00edrov\u00fdmi favority, nicm\u00e9n\u011b Zl\u00edn byl rovnocenn\u00fdm soupe\u0159em a nedal Kol\u00ednu v\u00edt\u011bzstv\u00ed zadarmo.<\/p>\n<h4><font color=\"#0066CC\">Duben<\/font><\/h4>\n<p> <strong><img decoding=\"async\" src=\"\/wordpress\/image\/k_clankum\/rok11_4.jpg\" ALIGN=\"right\" HSPACE=5 VSPACE=5\"> 12.4. \u00dasp\u011bch M\u00edry \u0160perka v posledn\u00edm z\u00e1vod\u011b ly\u017ea\u0159sk\u00e9 sez\u00f3ny<\/strong><\/p>\n<p> M\u00edra \u0160perk byl v minul\u00fdch letech velmi \u00fasp\u011b\u0161n\u00fdm atletem. Vzhledem k sou\u010dasn\u00e9mu trendu v atletice IPC \u2013 slu\u010dov\u00e1n\u00ed kategori\u00ed, se loni rozhodl pov\u011bsit disk na pomysln\u00fd h\u0159eb\u00edk a za\u010dal se v\u011bnovat alpsk\u00e9mu ly\u017eov\u00e1n\u00ed. V posledn\u00edm z\u00e1vod\u011b leto\u0161n\u00ed ly\u017ea\u0159sk\u00e9 sez\u00f3ny prok\u00e1zal, \u017ee se st\u00e1v\u00e1 nejlep\u0161\u00edm \u010desk\u00fdm ly\u017ea\u0159em na monoski.<\/p>\n<p> <strong> 16.4. \u010cesk\u00fd poh\u00e1r handbike www.caths.cz 2011 v Pardubic\u00edch v rekordn\u00edm \u010dase<\/strong><\/p>\n<p> O jednu minutu a 30 sekund byl \u00favodn\u00ed sobotn\u00ed z\u00e1vod \u010cP handbike www.caths.cz 2011 v Pardubic\u00edch rychlej\u0161\u00ed, ne\u017e kter\u00fdkoliv jin\u00fd v p\u011btilet\u00e9 historii tohoto z\u00e1vodu.<\/p>\n<p> <strong> 23.4. Zem\u0159el Jaroslav Cieslar<\/strong><\/p>\n<p> Ve v\u011bku nedo\u017eit\u00fdch 47 let n\u00e1hle zem\u0159el Jaroslav Cieslar&#8230;<\/p>\n<p> <strong> 29.4. Alex Sad\u00edlek obh\u00e1jil titul Mistra \u010cesk\u00e9 republiky ve t\u0159\u00edd\u011b 2.4mR<\/strong><\/p>\n<p> Na Nov\u00fdch Ml\u00fdnech v YC Dyje B\u0159eclav se v netradi\u010dn\u00edm term\u00ednu Velikono\u010dn\u00edch sv\u00e1tk\u016f uskute\u010dnilo Mezin\u00e1rodn\u00ed Mistrovstv\u00ed \u010cesk\u00e9 republiky ve t\u0159\u00edd\u011b 2.4mR.<\/p>\n<h4><font color=\"#0066CC\">Kv\u011bten<\/font><\/h4>\n<p> <strong> 3.5. Jan Tom\u00e1nek v\u00edt\u011bzem z\u00e1vodu Evropsk\u00e9ho poh\u00e1ru handbike ve \u0160pan\u011blsku<\/strong><\/p>\n<p> Od roku 2008 jsme marn\u011b \u010dekali na \u00fasp\u011bch \u010desk\u00e9ho handbikera v n\u011bkter\u00e9m ze z\u00e1vod\u016f presti\u017en\u00ed kategorie P1. A d\u00edky Janu Tom\u00e1nkovi jsme se nyn\u00ed i do\u010dkali.<\/p>\n<p> <strong><img decoding=\"async\" src=\"\/wordpress\/image\/k_clankum\/rok11_5.JPG\" ALIGN=\"right\" HSPACE=5 VSPACE=5\"> 4.5. Z\u00e1v\u011bre\u010dn\u00e1 zpr\u00e1va z 25. ro\u010dn\u00edku German Open v plav\u00e1n\u00ed, Berl\u00edn<\/strong><\/p>\n<p> &#8211; sv\u011btov\u00fd rekord Arno\u0161ta Petr\u00e1\u010dka<br \/> &#8211; spln\u011bn\u00e9 limity pro \u00fa\u010dast na ME<br \/> &#8211; osobn\u00ed rekordy v\u0161ech plavc\u016f<\/p>\n<p> <strong> 9.5. Ve\u0159ejn\u00fd z\u00e1vod King of Prague 2011 je z\u00e1rove\u0148 \u00favodn\u00edm podnikem \u010cP MTB handicapovan\u00fdch cyklist\u016f<\/strong><\/p>\n<p> Ve\u0159ejn\u00fd z\u00e1vod horsk\u00fdch kol O poh\u00e1r M\u011bstsk\u00e9 \u010d\u00e1sti Praha 17, King of Prague MTB 2011, kter\u00fd se pojede v Praze 17 &#8211; \u0158ep\u00edch v ned\u011bli 15. kv\u011btna 2011, je vyps\u00e1n pro v\u0161echny kategorie cyklist\u016f, v\u010detn\u011b cyklist\u016f handicapovan\u00fdch, pro kter\u00e9 bude akce z\u00e1rove\u0148 i \u00favodn\u00edm podnikem \u010cesk\u00e9ho poh\u00e1ru MTB handicapovan\u00fdch cyklist\u016f.<\/p>\n<p> <strong> 11.5. V\u00edt\u00e1me 200 000. n\u00e1v\u0161t\u011bvn\u00edka na\u0161eho webu!<\/strong><\/p>\n<p> 200 000 n\u00e1v\u0161t\u011bvn\u00edk\u016f ji\u017e nav\u0161t\u00edvilo informa\u010dn\u00ed server www.caths.cz<\/p>\n<p> <strong> 17.5. Prvn\u00edm kolem \u010cesk\u00e9ho poh\u00e1ru za\u010dala lukost\u0159eleck\u00e1 sez\u00f3na<\/strong><\/p>\n<p> O v\u00edkendu 14. \u2013 15. kv\u011btna 2011 se uskute\u010dnilo prvn\u00ed kolo celorepublikov\u00e9 sout\u011b\u017ee v lukost\u0159elb\u011b \u2013 Novom\u011bstsk\u00fd poh\u00e1r.<\/p>\n<p> <strong> 24.5. Medailov\u00e9 pozice cyklist\u016f hned v \u00favodn\u00edm z\u00e1vod\u011b evropsk\u00e9ho poh\u00e1ru v Corr\u00e9ze<\/strong><\/p>\n<p> D\u00e1vno jsme si zvykli na \u00fasp\u011bchy \u010desk\u00e9ho t\u00fdmu t\u011blesn\u011b a zrakov\u011b handicapovan\u00fdch cyklist\u016f, a tak n\u00e1sleduj\u00edc\u00ed zpr\u00e1va z \u00favodn\u00edho podniku evropsk\u00e9ho poh\u00e1ru ve francouzsk\u00e9m Corr\u00e9ze nen\u00ed nijak p\u0159ekvapiv\u00e1, ale p\u0159esto pot\u011b\u0161uj\u00edc\u00ed.<\/p>\n<p> <strong> 25.5. Dru\u017estvo Lambert &#8211; Horut bodovalo na Dutch Open v Holandsku<\/strong><\/p>\n<p> Minul\u00fd t\u00fdden odjela trojice stoln\u00edch tenist\u016f Lambet, Horut, Przeczek do Holandska na dal\u0161\u00ed ze &#8222;\u010dty\u0159ic\u00edtkov\u00fdch&#8220; turnaj\u016f. Neobvykl\u00e9, ale pot\u011b\u0161uj\u00edc\u00ed na turnaji bylo, \u017ee prob\u00edhal sou\u010dasn\u011b s mistrovstv\u00edm sv\u011bta ve stoln\u00edm tenise zdrav\u00fdch.<\/p>\n<p> <strong> 31.5. Ji\u0159\u00ed Je\u017eek, Tereza Diepoldov\u00e1 a Michal Stark \u00fasp\u011b\u0161n\u00ed na Evropsk\u00e9m poh\u00e1ru v It\u00e1lii<\/strong><\/p>\n<p> V\u00edt\u011bzem kategorie C4 se stal Ji\u0159\u00ed Je\u017eek. Zdravotn\u00ed stav \u00fa\u0159aduj\u00edc\u00edho mistra sv\u011bta sice st\u00e1le je\u0161t\u011b nen\u00ed ide\u00e1ln\u00ed, Jirka zat\u00edm nem\u016f\u017ee jezdit t\u011b\u017ek\u00e9 p\u0159evody, kter\u00e9 pou\u017e\u00edv\u00e1 v z\u00e1vodech, nicm\u00e9n\u011b z\u00e1vod v It\u00e1lii absolvoval s p\u0159ehledem a celkov\u00e9 prvn\u00ed m\u00edsto v sou\u010dtu silni\u010dn\u00edho z\u00e1vodu a \u010dasovky m\u011bl neust\u00e1le pod kontrolou.<\/p>\n","protected":false},"excerpt":{"rendered":"<a href=\"https:\/\/www.caths.cz\/wordpress\/to-byl-rok-2011-cast-1-leden-kveten-2011\/\"><img loading=\"lazy\" decoding=\"async\" width=\"100\" height=\"100\" src=\"https:\/\/www.caths.cz\/wordpress\/wp-content\/plugins\/thumbnail-for-excerpts\/tfe_no_thumb.png\" class=\"alignleft wp-post-image tfe\" alt=\"\" title=\"\" \/><\/a><p>Leden 16.1. Mistrovstv\u00ed sv\u011bta v alpsk\u00e9m ly\u017eov\u00e1n\u00ed zah\u00e1jeno V italsk\u00e9m olympijsk\u00e9m st\u0159edisku Sestriere byl v\u010dera slavnostn\u011b zah\u00e1jen sv\u011btov\u00fd \u0161ampion\u00e1t sjezda\u0159\u016f, kter\u00e9ho se z\u00fa\u010dastn\u00ed na 130 sportovc\u016f z 27 zem\u00ed sv\u011bta, [&hellip;]<\/p>\n","protected":false},"author":1,"featured_media":0,"comment_status":"closed","ping_status":"closed","sticky":false,"template":"","format":"standard","meta":{"ngg_post_thumbnail":0,"footnotes":""},"categories":[6],"tags":[],"class_list":["post-2121","post","type-post","status-publish","format-standard","hentry","category-caths-info"],"_links":{"self":[{"href":"https:\/\/www.caths.cz\/wordpress\/wp-json\/wp\/v2\/posts\/2121","targetHints":{"allow":["GET"]}}],"collection":[{"href":"https:\/\/www.caths.cz\/wordpress\/wp-json\/wp\/v2\/posts"}],"about":[{"href":"https:\/\/www.caths.cz\/wordpress\/wp-json\/wp\/v2\/types\/post"}],"author":[{"embeddable":true,"href":"https:\/\/www.caths.cz\/wordpress\/wp-json\/wp\/v2\/users\/1"}],"replies":[{"embeddable":true,"href":"https:\/\/www.caths.cz\/wordpress\/wp-json\/wp\/v2\/comments?post=2121"}],"version-history":[{"count":0,"href":"https:\/\/www.caths.cz\/wordpress\/wp-json\/wp\/v2\/posts\/2121\/revisions"}],"wp:attachment":[{"href":"https:\/\/www.caths.cz\/wordpress\/wp-json\/wp\/v2\/media?parent=2121"}],"wp:term":[{"taxonomy":"category","embeddable":true,"href":"https:\/\/www.caths.cz\/wordpress\/wp-json\/wp\/v2\/categories?post=2121"},{"taxonomy":"post_tag","embeddable":true,"href":"https:\/\/www.caths.cz\/wordpress\/wp-json\/wp\/v2\/tags?post=2121"}],"curies":[{"name":"wp","href":"https:\/\/api.w.org\/{rel}","templated":true}]}}