{"id":2120,"date":"2011-12-29T08:54:14","date_gmt":"2011-12-29T07:54:14","guid":{"rendered":"http:\/\/www.caths.cz\/wordpress\/?p=2120"},"modified":"2011-12-29T08:54:14","modified_gmt":"2011-12-29T07:54:14","slug":"jaky-byl-vas-rok-2011-viktor-zapletal","status":"publish","type":"post","link":"https:\/\/www.caths.cz\/wordpress\/jaky-byl-vas-rok-2011-viktor-zapletal\/","title":{"rendered":"Jak\u00fd byl v\u00e1\u0161 rok 2011 &#8211; Viktor Zapletal"},"content":{"rendered":"<p align=\"justify\">   Odpov\u00edd\u00e1 : Viktor Zapletal, reprezenta\u010dn\u00ed tren\u00e9r, cyklistika<\/p>\n<p align=\"justify\"> V roce 2011 se hned t\u0159i \u010dlenov\u00e9 moj\u00ed tr\u00e9ninkov\u00e9 skupiny stali mistry sv\u011bta, dva jsou vicemist\u0159i sv\u011bta, dva vyhr\u00e1li celkov\u011b Sv\u011btov\u00fd poh\u00e1r, jeden obh\u00e1jil titul Mistra Evropy a \u010dty\u0159i si p\u0159ivezli dal\u0161\u00edch p\u011bt medail\u00ed z Mistrovstv\u00ed sv\u011bta na dr\u00e1ze, silnici \u010di MTB.<br \/> Jsem na sv\u00e9 sv\u011b\u0159ence velmi, velmi py\u0161n\u00fd, jen m\u00e1lokdo si dovede p\u0159edstavit, kolik tr\u00e9ninkov\u00e9 pr\u00e1ce, n\u00e1mahy, mor\u00e1lky a osobn\u00edch ob\u011bt\u00ed za t\u011bmi \u00fasp\u011bchy stoj\u00ed.<br \/> Ale jsem hrd\u00fd i na ty, kte\u0159\u00ed na sv\u00e9 velk\u00e9 \u00fasp\u011bchy teprve \u010dekaj\u00ed a zat\u00edm jen s obrovsk\u00fdm \u00fasil\u00edm tr\u00e9nuj\u00ed a sb\u00edraj\u00ed nezbytn\u00e9 z\u00e1vodn\u00ed zku\u0161enosti. Pokud jde o handicapovan\u00e9 cyklisty, pak m\u016fj velik\u00fd respekt maj\u00ed handbike\u0159i, kte\u0159\u00ed postupn\u011b posouvaj\u00ed la\u0165ku v\u00fdkonnosti \u010desk\u00e9ho handbiku zp\u011bt tam, kam ji kdysi dostal Marcel Pipek s Radkem Civi\u0161em. A m\u00e9 nem\u00e9n\u011b velk\u00e9 uzn\u00e1n\u00ed maj\u00ed i nov\u00ed z\u00e1vodn\u00edci kategori\u00ed C, kte\u0159\u00ed se c\u00edlev\u011bdom\u011b, bez zbyte\u010dn\u00e9ho respektu, pokou\u0161\u00ed zachytit tempo rozjet\u00e9ho sv\u011btov\u00e9ho pelotonu.<br \/> M\u00e1m radost, \u017ee se n\u00e1m v roce 2011 poda\u0159ilo uskute\u010dnit v\u0161echny na\u0161e pl\u00e1ny a sny s cyklistikou handicapovan\u00fdch, kter\u00e9 jsme postupn\u011b v Sekci cyklistiky a handbike \u010cATHS budovali od roku 2006. \u010cesk\u00fd poh\u00e1r handbike, \u010cesk\u00fd poh\u00e1r tandem\u016f, \u010cesk\u00fd poh\u00e1r v dr\u00e1hov\u00e9 cyklistice, Mistrovstv\u00ed republiky ve v\u0161ech cyklistick\u00fdch discipl\u00edn\u00e1ch, Evropsk\u00e9 poh\u00e1ry \u010di volno\u010dasov\u00fd projekt po\u0159\u00e1dan\u00fd t\u00fdmem \u010cern\u00ed kon\u011b \u2013 \u010cesk\u00fd poh\u00e1r horsk\u00fdch kol handicapovan\u00fdch cyklist\u016f jsou funk\u010dn\u00ed, prosp\u011b\u0161n\u00e9, samostatn\u00e9 a nav\u0161t\u011bvovan\u00e9 projekty, kter\u00e9 v prvopo\u010d\u00e1tku vznikaly d\u00edky nad\u0161en\u00ed n\u011bkolika jedinc\u016f a dnes se na nich pod\u00edl\u00ed mnoho pracovn\u00edk\u016f, sponzor\u016f, partner\u016f \u010di instituc\u00ed.<br \/> Jsem za to nad\u0161en\u00ed, kter\u00e9 kolem cyklistiky v posledn\u00edch letech vzniklo velmi vd\u011b\u010dn\u00fd, d\u011bkuji v\u0161em, kte\u0159\u00ed n\u00e1m pom\u00e1haj\u00ed a p\u0159eji hodn\u011b \u0161t\u011bst\u00ed a \u00fasp\u011bch\u016f v paralympijsk\u00e9m a olympijsk\u00e9m roce 2012.<\/p>\n<p> Viktor Zapletal<\/p>\n<p> <img decoding=\"async\" src=\"\/wordpress\/image\/sekretarky\/otazka 2011\/PF2012 VZ.jpg\"> <\/p>\n","protected":false},"excerpt":{"rendered":"<a href=\"https:\/\/www.caths.cz\/wordpress\/jaky-byl-vas-rok-2011-viktor-zapletal\/\"><img loading=\"lazy\" decoding=\"async\" width=\"100\" height=\"100\" src=\"https:\/\/www.caths.cz\/wordpress\/wp-content\/plugins\/thumbnail-for-excerpts\/tfe_no_thumb.png\" class=\"alignleft wp-post-image tfe\" alt=\"\" title=\"\" \/><\/a><p>Odpov\u00edd\u00e1 : Viktor Zapletal, reprezenta\u010dn\u00ed tren\u00e9r, cyklistika V roce 2011 se hned t\u0159i \u010dlenov\u00e9 moj\u00ed tr\u00e9ninkov\u00e9 skupiny stali mistry sv\u011bta, dva jsou vicemist\u0159i sv\u011bta, dva vyhr\u00e1li celkov\u011b Sv\u011btov\u00fd poh\u00e1r, jeden [&hellip;]<\/p>\n","protected":false},"author":1,"featured_media":0,"comment_status":"closed","ping_status":"closed","sticky":false,"template":"","format":"standard","meta":{"ngg_post_thumbnail":0,"footnotes":""},"categories":[6],"tags":[],"class_list":["post-2120","post","type-post","status-publish","format-standard","hentry","category-caths-info"],"_links":{"self":[{"href":"https:\/\/www.caths.cz\/wordpress\/wp-json\/wp\/v2\/posts\/2120","targetHints":{"allow":["GET"]}}],"collection":[{"href":"https:\/\/www.caths.cz\/wordpress\/wp-json\/wp\/v2\/posts"}],"about":[{"href":"https:\/\/www.caths.cz\/wordpress\/wp-json\/wp\/v2\/types\/post"}],"author":[{"embeddable":true,"href":"https:\/\/www.caths.cz\/wordpress\/wp-json\/wp\/v2\/users\/1"}],"replies":[{"embeddable":true,"href":"https:\/\/www.caths.cz\/wordpress\/wp-json\/wp\/v2\/comments?post=2120"}],"version-history":[{"count":0,"href":"https:\/\/www.caths.cz\/wordpress\/wp-json\/wp\/v2\/posts\/2120\/revisions"}],"wp:attachment":[{"href":"https:\/\/www.caths.cz\/wordpress\/wp-json\/wp\/v2\/media?parent=2120"}],"wp:term":[{"taxonomy":"category","embeddable":true,"href":"https:\/\/www.caths.cz\/wordpress\/wp-json\/wp\/v2\/categories?post=2120"},{"taxonomy":"post_tag","embeddable":true,"href":"https:\/\/www.caths.cz\/wordpress\/wp-json\/wp\/v2\/tags?post=2120"}],"curies":[{"name":"wp","href":"https:\/\/api.w.org\/{rel}","templated":true}]}}