{"id":2119,"date":"2011-12-28T17:51:05","date_gmt":"2011-12-28T16:51:05","guid":{"rendered":"http:\/\/www.caths.cz\/wordpress\/?p=2119"},"modified":"2011-12-28T17:51:05","modified_gmt":"2011-12-28T16:51:05","slug":"jaky-byl-vas-rok-2011-vladimir-marcan","status":"publish","type":"post","link":"https:\/\/www.caths.cz\/wordpress\/jaky-byl-vas-rok-2011-vladimir-marcan\/","title":{"rendered":"Jak\u00fd byl v\u00e1\u0161 rok 2011 &#8211; Vladim\u00edr Mar\u010dan"},"content":{"rendered":"<p align=\"justify\">   Odpov\u00edd\u00e1 : Vladim\u00ed Mar\u010dan, v\u00edt\u011bz SP Bankok 2011, sportovn\u00ed st\u0159elba<\/p>\n<p align=\"justify\"> Na rok 2011 m\u00e1m dva pohledy. Ten prvn\u00ed je ryze pozitivn\u00ed, proto\u017ee jsem poprv\u00e9 v historii sv\u00e9 st\u0159eleck\u00e9 kari\u00e9ry vyhr\u00e1l kolo SP a dok\u00e1zal jsem bodovat ve v\u0161ech kolech Sv\u011btov\u00e9ho poh\u00e1ru, tj. um\u00edstit se do 15. m\u00edsta. V\u00edt\u011bzstv\u00ed v Bangkoku, 13. m\u00edsto ve \u0160pan\u011blsku, 14. m\u00edsto v USA a spln\u011bn\u00ed nomina\u010dn\u00edch krit\u00e9ri\u00ed k \u00fa\u010dasti na paralympi\u00e1d\u011b 2012 &#8211; jsou m\u00e9 nejv\u011bt\u0161\u00ed leto\u0161n\u00ed \u00fasp\u011bchy.<br \/> Ten druh\u00fd pohled u\u017e je st\u0159\u00edzliv\u011bj\u0161\u00ed a mus\u00edm si s\u00e1m sob\u011b p\u0159iznat, \u017ee v p\u0159\u00edprav\u011b na Lond\u00fdn budu muset je\u0161t\u011b v\u00edce p\u0159idat v tr\u00e9ninku, abych zastabilizoval sv\u00e9 v\u00fdsledky ze sportovn\u00ed pistole nejm\u00e9n\u011b v mistrovsk\u00e9 t\u0159\u00edd\u011b.<\/p>\n<p> S p\u0159\u00e1n\u00edm hodn\u011b zdrav\u00ed, \u0161t\u011bst\u00ed, osobn\u00edch a sportovn\u00edch \u00fasp\u011bch\u016f v nov\u00e9m roce V\u00e1m v\u0161em p\u0159eje <\/p>\n<p> sportovn\u00ed st\u0159elec Vladim\u00edr Mar\u010dan<\/p>\n<p> <img decoding=\"async\" src=\"\/wordpress\/image\/sekretarky\/otazka 2011\/marcan.JPG\"> <\/p>\n","protected":false},"excerpt":{"rendered":"<a href=\"https:\/\/www.caths.cz\/wordpress\/jaky-byl-vas-rok-2011-vladimir-marcan\/\"><img loading=\"lazy\" decoding=\"async\" width=\"100\" height=\"100\" src=\"https:\/\/www.caths.cz\/wordpress\/wp-content\/plugins\/thumbnail-for-excerpts\/tfe_no_thumb.png\" class=\"alignleft wp-post-image tfe\" alt=\"\" title=\"\" \/><\/a><p>Odpov\u00edd\u00e1 : Vladim\u00ed Mar\u010dan, v\u00edt\u011bz SP Bankok 2011, sportovn\u00ed st\u0159elba Na rok 2011 m\u00e1m dva pohledy. Ten prvn\u00ed je ryze pozitivn\u00ed, proto\u017ee jsem poprv\u00e9 v historii sv\u00e9 st\u0159eleck\u00e9 kari\u00e9ry vyhr\u00e1l [&hellip;]<\/p>\n","protected":false},"author":1,"featured_media":0,"comment_status":"closed","ping_status":"closed","sticky":false,"template":"","format":"standard","meta":{"ngg_post_thumbnail":0,"footnotes":""},"categories":[6],"tags":[],"class_list":["post-2119","post","type-post","status-publish","format-standard","hentry","category-caths-info"],"_links":{"self":[{"href":"https:\/\/www.caths.cz\/wordpress\/wp-json\/wp\/v2\/posts\/2119","targetHints":{"allow":["GET"]}}],"collection":[{"href":"https:\/\/www.caths.cz\/wordpress\/wp-json\/wp\/v2\/posts"}],"about":[{"href":"https:\/\/www.caths.cz\/wordpress\/wp-json\/wp\/v2\/types\/post"}],"author":[{"embeddable":true,"href":"https:\/\/www.caths.cz\/wordpress\/wp-json\/wp\/v2\/users\/1"}],"replies":[{"embeddable":true,"href":"https:\/\/www.caths.cz\/wordpress\/wp-json\/wp\/v2\/comments?post=2119"}],"version-history":[{"count":0,"href":"https:\/\/www.caths.cz\/wordpress\/wp-json\/wp\/v2\/posts\/2119\/revisions"}],"wp:attachment":[{"href":"https:\/\/www.caths.cz\/wordpress\/wp-json\/wp\/v2\/media?parent=2119"}],"wp:term":[{"taxonomy":"category","embeddable":true,"href":"https:\/\/www.caths.cz\/wordpress\/wp-json\/wp\/v2\/categories?post=2119"},{"taxonomy":"post_tag","embeddable":true,"href":"https:\/\/www.caths.cz\/wordpress\/wp-json\/wp\/v2\/tags?post=2119"}],"curies":[{"name":"wp","href":"https:\/\/api.w.org\/{rel}","templated":true}]}}