{"id":2118,"date":"2011-12-28T09:37:30","date_gmt":"2011-12-28T08:37:30","guid":{"rendered":"http:\/\/www.caths.cz\/wordpress\/?p=2118"},"modified":"2011-12-28T09:37:30","modified_gmt":"2011-12-28T08:37:30","slug":"jaky-byl-vas-rok-2011-tomas-mosnicka-a-jaroslav-jadlovsky","status":"publish","type":"post","link":"https:\/\/www.caths.cz\/wordpress\/jaky-byl-vas-rok-2011-tomas-mosnicka-a-jaroslav-jadlovsky\/","title":{"rendered":"Jak\u00fd byl v\u00e1\u0161 rok 2011 &#8211; Tom\u00e1\u0161 Mo\u0161ni\u010dka a Jaroslav Jadlovsk\u00fd"},"content":{"rendered":"<p align=\"justify\">   Odpov\u00eddaj\u00ed : Tom\u00e1\u0161 Mo\u0161ni\u010dka a Jaroslav Jadlovsk\u00fd, handbike<\/p>\n<p align=\"justify\"> Tom\u00e1\u0161 Mo\u0161ni\u010dka : <br \/> Obh\u00e1jil jsem um\u00edstn\u011bn\u00ed z p\u0159ede\u0161l\u00e9ho roku, je\u0161t\u011b jsem to malinko vylep\u0161il o 1 medaili + 2 extr\u00e9mn\u00ed z\u00e1vody MTB.<br \/> No, na to, jak tento rok \u0161patn\u011b za\u010d\u00ednal kv\u016fli zdravotn\u00edm probl\u00e9m\u016fm a tedy i tr\u00e9ninkov\u00e9mu manku na za\u010d\u00e1tku sez\u00f3ny, tak snad i spokojenost, ale v\u017edycky to m\u016f\u017ee b\u00fdt lep\u0161\u00ed. <br \/> Tom\u00e1\u0161 <\/p>\n<p> Jaroslav Jadlovsk\u00fd : <br \/> Cel\u00fd rok se mi nevyda\u0159il, proto\u017ee ve m\u011b d\u0159\u00edmala z\u00e1hadn\u00e1 nemoc.<br \/> \u0160patn\u011b se mi z\u00e1vodilo a pak nemoc vypukla naplno a bylo zcela po z\u00e1vod\u011bn\u00ed.<br \/> St\u00e1le nejsem zcela zdr\u00e1v, tak na p\u0159\u00ed\u0161t\u00ed sezonu kouk\u00e1m s obavami.<\/p>\n","protected":false},"excerpt":{"rendered":"<a href=\"https:\/\/www.caths.cz\/wordpress\/jaky-byl-vas-rok-2011-tomas-mosnicka-a-jaroslav-jadlovsky\/\"><img loading=\"lazy\" decoding=\"async\" width=\"100\" height=\"100\" src=\"https:\/\/www.caths.cz\/wordpress\/wp-content\/plugins\/thumbnail-for-excerpts\/tfe_no_thumb.png\" class=\"alignleft wp-post-image tfe\" alt=\"\" title=\"\" \/><\/a><p>Odpov\u00eddaj\u00ed : Tom\u00e1\u0161 Mo\u0161ni\u010dka a Jaroslav Jadlovsk\u00fd, handbike Tom\u00e1\u0161 Mo\u0161ni\u010dka : Obh\u00e1jil jsem um\u00edstn\u011bn\u00ed z p\u0159ede\u0161l\u00e9ho roku, je\u0161t\u011b jsem to malinko vylep\u0161il o 1 medaili + 2 extr\u00e9mn\u00ed z\u00e1vody MTB. [&hellip;]<\/p>\n","protected":false},"author":1,"featured_media":0,"comment_status":"closed","ping_status":"closed","sticky":false,"template":"","format":"standard","meta":{"ngg_post_thumbnail":0,"footnotes":""},"categories":[6],"tags":[],"class_list":["post-2118","post","type-post","status-publish","format-standard","hentry","category-caths-info"],"_links":{"self":[{"href":"https:\/\/www.caths.cz\/wordpress\/wp-json\/wp\/v2\/posts\/2118","targetHints":{"allow":["GET"]}}],"collection":[{"href":"https:\/\/www.caths.cz\/wordpress\/wp-json\/wp\/v2\/posts"}],"about":[{"href":"https:\/\/www.caths.cz\/wordpress\/wp-json\/wp\/v2\/types\/post"}],"author":[{"embeddable":true,"href":"https:\/\/www.caths.cz\/wordpress\/wp-json\/wp\/v2\/users\/1"}],"replies":[{"embeddable":true,"href":"https:\/\/www.caths.cz\/wordpress\/wp-json\/wp\/v2\/comments?post=2118"}],"version-history":[{"count":0,"href":"https:\/\/www.caths.cz\/wordpress\/wp-json\/wp\/v2\/posts\/2118\/revisions"}],"wp:attachment":[{"href":"https:\/\/www.caths.cz\/wordpress\/wp-json\/wp\/v2\/media?parent=2118"}],"wp:term":[{"taxonomy":"category","embeddable":true,"href":"https:\/\/www.caths.cz\/wordpress\/wp-json\/wp\/v2\/categories?post=2118"},{"taxonomy":"post_tag","embeddable":true,"href":"https:\/\/www.caths.cz\/wordpress\/wp-json\/wp\/v2\/tags?post=2118"}],"curies":[{"name":"wp","href":"https:\/\/api.w.org\/{rel}","templated":true}]}}