{"id":2109,"date":"2011-12-21T08:57:03","date_gmt":"2011-12-21T07:57:03","guid":{"rendered":"http:\/\/www.caths.cz\/wordpress\/?p=2109"},"modified":"2011-12-21T08:57:03","modified_gmt":"2011-12-21T07:57:03","slug":"prohlaseni-caths-k-aktualni-situaci-ve-sportu-telesne-postizenych-v-ceske-republice","status":"publish","type":"post","link":"https:\/\/www.caths.cz\/wordpress\/prohlaseni-caths-k-aktualni-situaci-ve-sportu-telesne-postizenych-v-ceske-republice\/","title":{"rendered":"Prohl\u00e1\u0161en\u00ed \u010cATHS k aktu\u00e1ln\u00ed situaci ve sportu t\u011blesn\u011b posti\u017een\u00fdch v \u010cesk\u00e9 republice"},"content":{"rendered":"<p align=\"justify\">V\u00fdkonn\u00fd v\u00fdbor \u010cATHS se v \u00fater\u00fd 20. prosince 2012 se\u0161el na spole\u010dn\u00e9m pracovn\u00edm zased\u00e1n\u00ed se z\u00e1stupci sportovc\u016f a s p\u0159edstaviteli jednotliv\u00fdch sportovn\u00edch sekc\u00ed a klub\u016f, k projedn\u00e1n\u00ed aktu\u00e1ln\u00ed situace ve sportu t\u011blesn\u011b posti\u017een\u00fdch v \u010cesk\u00e9 republice.\n<\/p>\n<p align=\"justify\"> Toto pl\u00e9num \u010cATHS se po diskusi usneslo na jednomysln\u011b p\u0159ijat\u00e9m stanovisku, kter\u00e9 V\u00fdkonn\u00fd v\u00fdbor \u010cATHS p\u0159ij\u00edm\u00e1 jako sm\u011brnici pro svoji dal\u0161\u00ed \u010dinnost :<\/p>\n<p> <strong><em>V aktu\u00e1ln\u00ed situaci ve sportu t\u011blesn\u011b posti\u017een\u00fdch v \u010cR zast\u00e1v\u00e1 \u010cATHS strategickou linii, minim\u00e1ln\u011b do z\u00e1v\u011bru LPH 2012 v Lond\u00fdn\u011b, zachovat st\u00e1vaj\u00edc\u00ed uspo\u0159\u00e1d\u00e1n\u00ed, tj. p\u016fsoben\u00ed (optim\u00e1ln\u011b spolup\u016fsoben\u00ed na \u00farovni spole\u010dn\u00fdch sport\u016f) dvou nez\u00e1visl\u00fdch ob\u010dansk\u00fdch sdru\u017een\u00ed \u2013 \u010cATHS a \u010cSTPS. <br \/> Tento postup sou\u010dasn\u011b poskytne \u010cSTPS prostor pro vypo\u0159\u00e1d\u00e1n\u00ed v exeku\u010dn\u00edm \u0159\u00edzen\u00ed, prob\u00edhaj\u00edc\u00edm na n\u00e1vrh \u010cSTV.<br \/> Shrom\u00e1\u017ed\u011bn\u00e9 pl\u00e9num d\u00e1le ukl\u00e1d\u00e1 V\u00fdkonn\u00e9mu v\u00fdboru, iniciovat jak uvnit\u0159 \u010cATHS, tak sm\u011brem k \u010cSTPS, do\u0159e\u0161en\u00ed p\u0159\u00edpad\u016f dvojit\u00e9ho \u010dlenstv\u00ed, kter\u00e9 jsou po potvrzen\u00ed \u010dlenstv\u00ed \u010cSTPS v \u010cPV p\u0159ek\u00e1\u017ekou zcela transparentn\u00edho rozpo\u010dtu finan\u010dn\u00edch prost\u0159edk\u016f t\u011bchto svaz\u016f. <\/strong><\/em> <\/p>\n","protected":false},"excerpt":{"rendered":"<a href=\"https:\/\/www.caths.cz\/wordpress\/prohlaseni-caths-k-aktualni-situaci-ve-sportu-telesne-postizenych-v-ceske-republice\/\"><img loading=\"lazy\" decoding=\"async\" width=\"100\" height=\"100\" src=\"https:\/\/www.caths.cz\/wordpress\/wp-content\/plugins\/thumbnail-for-excerpts\/tfe_no_thumb.png\" class=\"alignleft wp-post-image tfe\" alt=\"\" title=\"\" \/><\/a><p>V\u00fdkonn\u00fd v\u00fdbor \u010cATHS se v \u00fater\u00fd 20. prosince 2012 se\u0161el na spole\u010dn\u00e9m pracovn\u00edm zased\u00e1n\u00ed se z\u00e1stupci sportovc\u016f a s p\u0159edstaviteli jednotliv\u00fdch sportovn\u00edch sekc\u00ed a klub\u016f, k projedn\u00e1n\u00ed aktu\u00e1ln\u00ed situace ve [&hellip;]<\/p>\n","protected":false},"author":1,"featured_media":0,"comment_status":"closed","ping_status":"closed","sticky":false,"template":"","format":"standard","meta":{"ngg_post_thumbnail":0,"footnotes":""},"categories":[6],"tags":[],"class_list":["post-2109","post","type-post","status-publish","format-standard","hentry","category-caths-info"],"_links":{"self":[{"href":"https:\/\/www.caths.cz\/wordpress\/wp-json\/wp\/v2\/posts\/2109","targetHints":{"allow":["GET"]}}],"collection":[{"href":"https:\/\/www.caths.cz\/wordpress\/wp-json\/wp\/v2\/posts"}],"about":[{"href":"https:\/\/www.caths.cz\/wordpress\/wp-json\/wp\/v2\/types\/post"}],"author":[{"embeddable":true,"href":"https:\/\/www.caths.cz\/wordpress\/wp-json\/wp\/v2\/users\/1"}],"replies":[{"embeddable":true,"href":"https:\/\/www.caths.cz\/wordpress\/wp-json\/wp\/v2\/comments?post=2109"}],"version-history":[{"count":0,"href":"https:\/\/www.caths.cz\/wordpress\/wp-json\/wp\/v2\/posts\/2109\/revisions"}],"wp:attachment":[{"href":"https:\/\/www.caths.cz\/wordpress\/wp-json\/wp\/v2\/media?parent=2109"}],"wp:term":[{"taxonomy":"category","embeddable":true,"href":"https:\/\/www.caths.cz\/wordpress\/wp-json\/wp\/v2\/categories?post=2109"},{"taxonomy":"post_tag","embeddable":true,"href":"https:\/\/www.caths.cz\/wordpress\/wp-json\/wp\/v2\/tags?post=2109"}],"curies":[{"name":"wp","href":"https:\/\/api.w.org\/{rel}","templated":true}]}}