{"id":2108,"date":"2011-12-20T01:56:52","date_gmt":"2011-12-20T00:56:52","guid":{"rendered":"http:\/\/www.caths.cz\/wordpress\/?p=2108"},"modified":"2011-12-20T01:56:52","modified_gmt":"2011-12-20T00:56:52","slug":"anketni-otazka-byl-pro-vas-rok-2011-dobrym-rokem","status":"publish","type":"post","link":"https:\/\/www.caths.cz\/wordpress\/anketni-otazka-byl-pro-vas-rok-2011-dobrym-rokem\/","title":{"rendered":"Anketn\u00ed ot\u00e1zka: Byl pro v\u00e1s rok 2011 dobr\u00fdm rokem?"},"content":{"rendered":"<p align=\"justify\">\nPosledn\u00ed anketn\u00ed ot\u00e1zku v\u011bnujeme V\u00c1M, sportovc\u016fm, tren\u00e9r\u016fm, \u010dlen\u016fm realiza\u010dn\u00edch t\u00fdm\u016f, organiz\u00e1tor\u016fm z\u00e1vod\u016f, sportovn\u00edm fanou\u0161k\u016fm a nad\u0161enc\u016fm \u010di \u010dten\u00e1\u0159\u016fm na\u0161eho informa\u010dn\u00edho serveru. V\u00e1m, kter\u00fdch si tolik v\u00e1\u017e\u00edme, kte\u0159\u00ed denn\u011b pracujete na sv\u00e9 v\u00fdkonnosti \u010di pom\u00e1h\u00e1te vytv\u00e1\u0159et vhodn\u00e9 podm\u00ednky pro sport handicapovan\u00fdch.<\/p>\n<p align=\"justify\"> Zastavte se chvilku a ohl\u00e9dn\u011bte se zp\u011bt. Jak\u00fd byl V\u00e1\u0161 rok 2011? <br \/> V\u0161em, kte\u0159\u00ed kliknete na ANO, p\u0159ejeme a\u0165 i v p\u0159\u00ed\u0161t\u00edm roce \u201ejedete d\u00e1l na \u00fasp\u011b\u0161n\u00e9 vln\u011b\u201c a v\u00e1m, kte\u0159\u00ed zvol\u00ed sl\u016fvko NE pak to, aby ten p\u0159\u00ed\u0161t\u00ed rok byl jednodu\u0161e trochu lep\u0161\u00ed&#8230; <\/p>\n<p> Tak co? <strong>Byl pro v\u00e1s rok 2011 dobr\u00fdm rokem? <\/strong> <\/p>\n","protected":false},"excerpt":{"rendered":"<a href=\"https:\/\/www.caths.cz\/wordpress\/anketni-otazka-byl-pro-vas-rok-2011-dobrym-rokem\/\"><img loading=\"lazy\" decoding=\"async\" width=\"100\" height=\"100\" src=\"https:\/\/www.caths.cz\/wordpress\/wp-content\/plugins\/thumbnail-for-excerpts\/tfe_no_thumb.png\" class=\"alignleft wp-post-image tfe\" alt=\"\" title=\"\" \/><\/a><p>Posledn\u00ed anketn\u00ed ot\u00e1zku v\u011bnujeme V\u00c1M, sportovc\u016fm, tren\u00e9r\u016fm, \u010dlen\u016fm realiza\u010dn\u00edch t\u00fdm\u016f, organiz\u00e1tor\u016fm z\u00e1vod\u016f, sportovn\u00edm fanou\u0161k\u016fm a nad\u0161enc\u016fm \u010di \u010dten\u00e1\u0159\u016fm na\u0161eho informa\u010dn\u00edho serveru. V\u00e1m, kter\u00fdch si tolik v\u00e1\u017e\u00edme, kte\u0159\u00ed denn\u011b pracujete na [&hellip;]<\/p>\n","protected":false},"author":1,"featured_media":0,"comment_status":"closed","ping_status":"closed","sticky":false,"template":"","format":"standard","meta":{"ngg_post_thumbnail":0,"footnotes":""},"categories":[39],"tags":[],"class_list":["post-2108","post","type-post","status-publish","format-standard","hentry","category-caths-anketa"],"_links":{"self":[{"href":"https:\/\/www.caths.cz\/wordpress\/wp-json\/wp\/v2\/posts\/2108","targetHints":{"allow":["GET"]}}],"collection":[{"href":"https:\/\/www.caths.cz\/wordpress\/wp-json\/wp\/v2\/posts"}],"about":[{"href":"https:\/\/www.caths.cz\/wordpress\/wp-json\/wp\/v2\/types\/post"}],"author":[{"embeddable":true,"href":"https:\/\/www.caths.cz\/wordpress\/wp-json\/wp\/v2\/users\/1"}],"replies":[{"embeddable":true,"href":"https:\/\/www.caths.cz\/wordpress\/wp-json\/wp\/v2\/comments?post=2108"}],"version-history":[{"count":0,"href":"https:\/\/www.caths.cz\/wordpress\/wp-json\/wp\/v2\/posts\/2108\/revisions"}],"wp:attachment":[{"href":"https:\/\/www.caths.cz\/wordpress\/wp-json\/wp\/v2\/media?parent=2108"}],"wp:term":[{"taxonomy":"category","embeddable":true,"href":"https:\/\/www.caths.cz\/wordpress\/wp-json\/wp\/v2\/categories?post=2108"},{"taxonomy":"post_tag","embeddable":true,"href":"https:\/\/www.caths.cz\/wordpress\/wp-json\/wp\/v2\/tags?post=2108"}],"curies":[{"name":"wp","href":"https:\/\/api.w.org\/{rel}","templated":true}]}}