{"id":2107,"date":"2011-12-18T21:25:56","date_gmt":"2011-12-18T20:25:56","guid":{"rendered":"http:\/\/www.caths.cz\/wordpress\/?p=2107"},"modified":"2011-12-18T21:25:56","modified_gmt":"2011-12-18T20:25:56","slug":"v-motolske-hale-se-bojovalo-o-cyklisticke-tituly-mistru-ceske-republiky-na-draze","status":"publish","type":"post","link":"https:\/\/www.caths.cz\/wordpress\/v-motolske-hale-se-bojovalo-o-cyklisticke-tituly-mistru-ceske-republiky-na-draze\/","title":{"rendered":"V motolsk\u00e9 hale se bojovalo o cyklistick\u00e9 tituly Mistr\u016f \u010cesk\u00e9 republiky na dr\u00e1ze"},"content":{"rendered":"<p align=\"justify\">   Motolsk\u00e1 cyklistick\u00e1 hala za\u017eila v uplynul\u00fdch \u010dty\u0159ech dnech n\u00e1por nev\u00eddan\u00fd. O presti\u017en\u00ed tituly Mistr\u016f \u010cesk\u00e9 republiky se zde toti\u017e utkaly v\u0161echny v\u011bkov\u00e9 kategorie cyklist\u016f. A poprv\u00e9 v historii se do boj\u016f zapojili i cyklist\u00e9 handicapovan\u00ed, pro kter\u00e9 byl z\u00e1vod nav\u00edc i \u010dtvrt\u00fdm kolem \u010cesk\u00e9ho poh\u00e1ru handicapovan\u00fdch cyklist\u016f na dr\u00e1ze www.caths.cz.<\/p>\n<p align=\"justify\"> Z\u00e1vod se obe\u0161el bez v\u00fdrazn\u011bj\u0161\u00edch p\u0159ekvapen\u00ed a byl ve znamen\u00ed n\u011bkolika velice slibn\u00fdch v\u00fdkon\u016f. Zm\u00ednit mus\u00edme p\u0159edev\u0161\u00edm \u010dasy Ji\u0159\u00edho Je\u017eka (DAS Duratec), kter\u00e9 p\u0159edstavuj\u00ed sv\u011btovou extrat\u0159\u00eddu kategorie C4. To sam\u00e9 plat\u00ed i pro \u010das Michala Starka (DUKLA Praha) ve st\u00edhac\u00edm z\u00e1vod\u011b. M\u00e1me radost z nad\u011bjn\u00fdch v\u00fdkon\u016f nov\u00e1\u010dk\u016f, Miroslav Dongres (MKV Sport) potvrdil i o v\u00edkendu velice stabiln\u00ed formu a pr\u00e1vem si odv\u00e1\u017e\u00ed dom\u016f do Jablonce titul Mistra \u010cesk\u00e9 republiky v z\u00e1vod\u011b na 1 km a st\u0159\u00edbro ze st\u00edhac\u00edho z\u00e1vodu. Tom\u00e1\u0161 Kajnar (NUTREND Specialized Cycling) sv\u016fj teprve t\u0159et\u00ed z\u00e1vod na dr\u00e1ze v \u017eivot\u011b p\u0159etavil ve dv\u011b st\u0159\u00edbrn\u00e9 medaile a pouze jeho vlastn\u00ed jezdeck\u00e1 chyba ho p\u0159ipravila o titul a pravd\u011bpodobn\u011b i velice kvalitn\u00ed \u010das v z\u00e1vod\u011b na 1 km. <br \/> V\u00fdborn\u00e9 v\u00fdkony p\u0159edvedly tak\u00e9 ob\u011b tandemov\u00e9 pos\u00e1dky. Tandem sprinter\u016f Bur\u00e1\u0148- Moravec (DUKLA Brno) i silni\u010dn\u00ed tandem Chyba \u2013 Moflar (NUTREND Specialized Cycling) zajeli sv\u00e1 osobn\u00ed maxima na kr\u00e1tk\u00e9 motolsk\u00e9 dr\u00e1ze.<\/p>\n<p> \u010cesk\u00fd poh\u00e1r handicapovan\u00fdch cyklist\u016f na dr\u00e1ze www.caths.cz bude pokra\u010dovat z\u00e1v\u011bre\u010dn\u00fdm z\u00e1vodem v sobotu 21. ledna 2012. Pr\u016fb\u011b\u017en\u00e9 po\u0159ad\u00ed jednotliv\u00fdch kategori\u00ed slibuje boje a\u017e do posledn\u00edho z\u00e1vodu.<\/p>\n<p> V\u00fdsledky M\u010cR handicapovan\u00fdch cyklist\u016f na dr\u00e1ze <a href=\"http:\/\/www.caths.cz\/storage\/sekretarky\/CP draha\/Vysledky MCR draha 2011+CP 4 kolo.pdf\" target=\"_blank\"> zde<\/a><br \/> Pr\u016fb\u011b\u017en\u00e9 po\u0159ad\u00ed \u010cesk\u00e9ho poh\u00e1ru handicapovan\u00fdch cyklist\u016f na dr\u00e1ze www.caths.cz po 4. kolech <a href=\"http:\/\/www.caths.cz\/storage\/sekretarky\/CP draha\/2111215_18 Celkove poradi CP draha 2011.pdf\" target=\"_blank\"> zde<\/a><\/p>\n<p> <img decoding=\"async\" src=\"\/wordpress\/image\/sekretarky\/mcr draha\/1121.JPG\"> <\/p>\n<p> <img decoding=\"async\" src=\"\/wordpress\/image\/sekretarky\/mcr draha\/1151.JPG\"> <\/p>\n<p> <img decoding=\"async\" src=\"\/wordpress\/image\/sekretarky\/mcr draha\/1174.JPG\"> <\/p>\n<p> <img decoding=\"async\" src=\"\/wordpress\/image\/sekretarky\/mcr draha\/1184.JPG\"> <\/p>\n<p> <img decoding=\"async\" src=\"\/wordpress\/image\/sekretarky\/mcr draha\/1197.JPG\"> <\/p>\n<p> <img decoding=\"async\" src=\"\/wordpress\/image\/sekretarky\/mcr draha\/1199.JPG\"> <\/p>\n<p> <img decoding=\"async\" src=\"\/wordpress\/image\/sekretarky\/mcr draha\/1212.JPG\"> <\/p>\n<p> <img decoding=\"async\" src=\"\/wordpress\/image\/sekretarky\/mcr draha\/1238.JPG\"> <\/p>\n<p> <img decoding=\"async\" src=\"\/wordpress\/image\/sekretarky\/mcr draha\/1242.JPG\"> <\/p>\n<p> <img decoding=\"async\" src=\"\/wordpress\/image\/sekretarky\/mcr draha\/1251.JPG\"> <\/p>\n<p> <img decoding=\"async\" src=\"\/wordpress\/image\/sekretarky\/mcr draha\/1258.JPG\"> <\/p>\n<p> <img decoding=\"async\" src=\"\/wordpress\/image\/sekretarky\/mcr draha\/1274.JPG\"> <\/p>\n<p> <img decoding=\"async\" src=\"\/wordpress\/image\/sekretarky\/mcr draha\/1277.JPG\"> <\/p>\n<p> <img decoding=\"async\" src=\"\/wordpress\/image\/sekretarky\/mcr draha\/1298.JPG\"> <\/p>\n<p> <img decoding=\"async\" src=\"\/wordpress\/image\/sekretarky\/mcr draha\/1303.JPG\"> <\/p>\n<p> <img decoding=\"async\" src=\"\/wordpress\/image\/sekretarky\/mcr draha\/1315.JPG\"> <\/p>\n<p> <img decoding=\"async\" src=\"\/wordpress\/image\/sekretarky\/mcr draha\/1326.JPG\"> <\/p>\n<p> <img decoding=\"async\" src=\"\/wordpress\/image\/sekretarky\/mcr draha\/1331.JPG\"> <\/p>\n<p> <img decoding=\"async\" src=\"\/wordpress\/image\/sekretarky\/mcr draha\/1337.JPG\"> <\/p>\n<p> <img decoding=\"async\" src=\"\/wordpress\/image\/sekretarky\/mcr draha\/1338.JPG\"> <\/p>\n<p> <img decoding=\"async\" src=\"\/wordpress\/image\/sekretarky\/mcr draha\/1341.JPG\"> <\/p>\n<p> <img decoding=\"async\" src=\"\/wordpress\/image\/sekretarky\/mcr draha\/1344.JPG\"> <\/p>\n","protected":false},"excerpt":{"rendered":"<a href=\"https:\/\/www.caths.cz\/wordpress\/v-motolske-hale-se-bojovalo-o-cyklisticke-tituly-mistru-ceske-republiky-na-draze\/\"><img loading=\"lazy\" decoding=\"async\" width=\"100\" height=\"100\" src=\"https:\/\/www.caths.cz\/wordpress\/wp-content\/plugins\/thumbnail-for-excerpts\/tfe_no_thumb.png\" class=\"alignleft wp-post-image tfe\" alt=\"\" title=\"\" \/><\/a><p>Motolsk\u00e1 cyklistick\u00e1 hala za\u017eila v uplynul\u00fdch \u010dty\u0159ech dnech n\u00e1por nev\u00eddan\u00fd. O presti\u017en\u00ed tituly Mistr\u016f \u010cesk\u00e9 republiky se zde toti\u017e utkaly v\u0161echny v\u011bkov\u00e9 kategorie cyklist\u016f. A poprv\u00e9 v historii se do [&hellip;]<\/p>\n","protected":false},"author":1,"featured_media":0,"comment_status":"closed","ping_status":"closed","sticky":false,"template":"","format":"standard","meta":{"ngg_post_thumbnail":0,"footnotes":""},"categories":[2],"tags":[],"class_list":["post-2107","post","type-post","status-publish","format-standard","hentry","category-cyklistika"],"_links":{"self":[{"href":"https:\/\/www.caths.cz\/wordpress\/wp-json\/wp\/v2\/posts\/2107","targetHints":{"allow":["GET"]}}],"collection":[{"href":"https:\/\/www.caths.cz\/wordpress\/wp-json\/wp\/v2\/posts"}],"about":[{"href":"https:\/\/www.caths.cz\/wordpress\/wp-json\/wp\/v2\/types\/post"}],"author":[{"embeddable":true,"href":"https:\/\/www.caths.cz\/wordpress\/wp-json\/wp\/v2\/users\/1"}],"replies":[{"embeddable":true,"href":"https:\/\/www.caths.cz\/wordpress\/wp-json\/wp\/v2\/comments?post=2107"}],"version-history":[{"count":0,"href":"https:\/\/www.caths.cz\/wordpress\/wp-json\/wp\/v2\/posts\/2107\/revisions"}],"wp:attachment":[{"href":"https:\/\/www.caths.cz\/wordpress\/wp-json\/wp\/v2\/media?parent=2107"}],"wp:term":[{"taxonomy":"category","embeddable":true,"href":"https:\/\/www.caths.cz\/wordpress\/wp-json\/wp\/v2\/categories?post=2107"},{"taxonomy":"post_tag","embeddable":true,"href":"https:\/\/www.caths.cz\/wordpress\/wp-json\/wp\/v2\/tags?post=2107"}],"curies":[{"name":"wp","href":"https:\/\/api.w.org\/{rel}","templated":true}]}}