{"id":21063,"date":"2015-08-18T09:42:54","date_gmt":"2015-08-18T08:42:54","guid":{"rendered":"http:\/\/www.caths.cz\/wordpress\/?p=21063"},"modified":"2015-08-18T09:42:54","modified_gmt":"2015-08-18T08:42:54","slug":"mcr-telesne-postizenych-ve-strelbe-v-olomouci-2015","status":"publish","type":"post","link":"https:\/\/www.caths.cz\/wordpress\/mcr-telesne-postizenych-ve-strelbe-v-olomouci-2015\/","title":{"rendered":"M\u010cR t\u011blesn\u011b posti\u017een\u00fdch ve st\u0159elb\u011b v Olomouci 2015"},"content":{"rendered":"<p>M\u010cR TP st\u0159elc\u016f, kter\u00e9 o v\u00edkendu prob\u011bhlo na Lazeck\u00e9 st\u0159elnici v\u00a0Olomouci, bylo tentokr\u00e1t obohaceno o ojedin\u011bl\u00fd souboj o titul ve sportovn\u00ed pistoli SP 30+30 (P3).\u00a0 Po spo\u010d\u00edt\u00e1n\u00ed v\u00fdsledku t\u00e9to sout\u011b\u017ee musela komise rozhod\u010d\u00edch vyhl\u00e1sit rozst\u0159el o prvn\u00ed m\u00edsto, proto\u017ee dva sout\u011b\u017e\u00edc\u00ed dos\u00e1hli shodn\u00e9ho n\u00e1st\u0159elu 530 bod\u016f. Na nov\u011b vylosovan\u00e1 stanovi\u0161t\u011b tak nastoupili Roman Gronsk\u00fd a Franti\u0161ek Kone\u010dn\u00fd, aby znovu zm\u011b\u0159ili sv\u00e9 s\u00edly na oto\u010dn\u00e9m ter\u010di. Po p\u011btirann\u00e9m n\u00e1st\u0159elu st\u0159elili prvn\u00ed p\u011btirannou polo\u017eku \u2013 op\u011bt ve shodn\u00e9m n\u00e1st\u0159elu 44 bod\u016f\u00a0 a tak n\u00e1sledovala druh\u00e1 polo\u017eka, kter\u00e1 ale tak\u00e9 nerozhodla, proto\u017ee oba st\u0159elili 41 bod\u016f. St\u0159\u00edlela se tedy t\u0159et\u00ed polo\u017eka, kterou l\u00e9pe odst\u0159\u00edlel Gronsk\u00fd n\u00e1st\u0159elem 45 bod\u016f p\u0159ed Kone\u010dn\u00fdm s\u00a038 body. Titul mistra \u010cR v\u00a0r\u00e1mci \u010cATHS tak v\u00a0t\u00e9to discipl\u00edn\u011b pro r. 2015 z\u00edskal Roman Gronsk\u00fd.<\/p>\n<p>V dal\u0161\u00ed discipl\u00edn\u011b LP 60 (P4) si oba sportovci um\u00edst\u011bn\u00ed prohodili, kdy\u017e Franti\u0161ek Kone\u010dn\u00fd zv\u00edt\u011bzil p\u011bkn\u00fdm n\u00e1st\u0159elem 494 bod\u016f.<\/p>\n<p>V\u00a0discipl\u00edn\u011b StVzPi 40 (P5) potvrdil sv\u00e9 kvality v\u00edt\u011bzstv\u00edm ve sv\u00e9 obl\u00edben\u00e9 discipl\u00edn\u011b Vladim\u00edr Mar\u010dan n\u00e1st\u0159elem 316 bod\u016f a tak po t\u0159ech discipl\u00edn\u00e1ch m\u011bli v\u0161ichni \u010dlenov\u00e9 \u010desk\u00e9ho reprezenta\u010dn\u00edho t\u00fdmu TP st\u0159elc\u016f po jednom titulu.<\/p>\n<p>Ve zb\u00fdvaj\u00edc\u00ed discipl\u00edn\u011b VzPi 60 (P1) zv\u00edt\u011bzil Franti\u0161ek Kone\u010dn\u00fd p\u0159ed R. Gronsk\u00fdm. V\u00a0t\u00e9to discipl\u00edn\u011b a v\u00a0P4, ve kter\u00e9 nestartoval Vl. Mar\u010dan se tak na \u201ebednu\u201c dostal i jin\u00fd st\u0159elec ne\u017e \u010dlen repret\u00fdmu\u2026<\/p>\n<p>Posledn\u00ed v\u00edkend v\u00a0srpnu prob\u011bhne fin\u00e1le \u010cesk\u00e9ho poh\u00e1ru v\u00a0Plzni, kde v\u0161ichni na\u0161i reprezentanti op\u011bt zm\u011b\u0159\u00ed sv\u00e9 s\u00edly a je zde op\u011bt p\u0159edpoklad zaj\u00edmav\u00e9ho soupe\u0159en\u00ed stejn\u011b jako v\u00a0polovin\u011b z\u00e1\u0159\u00ed, kdy op\u011bt na plze\u0148sk\u00e9 st\u0159elnici prob\u011bhne \u201evelk\u00e9\u201c M\u010cR ve v\u0161ech kategori\u00edch sportovn\u00ed st\u0159elby v\u010d. na\u0161\u00ed skupiny.<\/p>\n<p><a href=\"http:\/\/www.caths.cz\/wordpress\/wp-content\/uploads\/2015\/08\/M\u010cR-TP-2015-StVzPi-40.jpg\"><img loading=\"lazy\" decoding=\"async\" class=\"alignnone size-full wp-image-21064\" src=\"http:\/\/www.caths.cz\/wordpress\/wp-content\/uploads\/2015\/08\/M\u010cR-TP-2015-StVzPi-40.jpg\" alt=\"M\u010cR TP 2015 StVzPi 40\" width=\"1000\" height=\"750\" srcset=\"https:\/\/www.caths.cz\/wordpress\/wp-content\/uploads\/2015\/08\/M\u010cR-TP-2015-StVzPi-40.jpg 1000w, https:\/\/www.caths.cz\/wordpress\/wp-content\/uploads\/2015\/08\/M\u010cR-TP-2015-StVzPi-40-300x225.jpg 300w, https:\/\/www.caths.cz\/wordpress\/wp-content\/uploads\/2015\/08\/M\u010cR-TP-2015-StVzPi-40-120x90.jpg 120w\" sizes=\"auto, (max-width: 1000px) 100vw, 1000px\" \/><\/a><\/p>\n<p><a href=\"http:\/\/www.caths.cz\/wordpress\/wp-content\/uploads\/2015\/08\/M\u010cR-TP-VzPi-60.jpg\"><img loading=\"lazy\" decoding=\"async\" class=\"alignnone size-large wp-image-21065\" src=\"http:\/\/www.caths.cz\/wordpress\/wp-content\/uploads\/2015\/08\/M\u010cR-TP-VzPi-60.jpg\" alt=\"M\u010cR TP VzPi 60\" width=\"600\" height=\"450\" srcset=\"https:\/\/www.caths.cz\/wordpress\/wp-content\/uploads\/2015\/08\/M\u010cR-TP-VzPi-60.jpg 1000w, https:\/\/www.caths.cz\/wordpress\/wp-content\/uploads\/2015\/08\/M\u010cR-TP-VzPi-60-300x225.jpg 300w, https:\/\/www.caths.cz\/wordpress\/wp-content\/uploads\/2015\/08\/M\u010cR-TP-VzPi-60-120x90.jpg 120w\" sizes=\"auto, (max-width: 600px) 100vw, 600px\" \/><\/a><\/p>\n<p><a href=\"http:\/\/www.caths.cz\/wordpress\/wp-content\/uploads\/2015\/08\/M\u010cR-TP-rozhod\u010d\u00ed.jpg\"><img loading=\"lazy\" decoding=\"async\" class=\"alignnone size-large wp-image-21066\" src=\"http:\/\/www.caths.cz\/wordpress\/wp-content\/uploads\/2015\/08\/M\u010cR-TP-rozhod\u010d\u00ed.jpg\" alt=\"M\u010cR TP rozhod\u010d\u00ed\" width=\"600\" height=\"450\" srcset=\"https:\/\/www.caths.cz\/wordpress\/wp-content\/uploads\/2015\/08\/M\u010cR-TP-rozhod\u010d\u00ed.jpg 1000w, https:\/\/www.caths.cz\/wordpress\/wp-content\/uploads\/2015\/08\/M\u010cR-TP-rozhod\u010d\u00ed-300x225.jpg 300w, https:\/\/www.caths.cz\/wordpress\/wp-content\/uploads\/2015\/08\/M\u010cR-TP-rozhod\u010d\u00ed-120x90.jpg 120w\" sizes=\"auto, (max-width: 600px) 100vw, 600px\" \/><\/a><\/p>\n","protected":false},"excerpt":{"rendered":"<a href=\"https:\/\/www.caths.cz\/wordpress\/mcr-telesne-postizenych-ve-strelbe-v-olomouci-2015\/\"><img width=\"100\" height=\"100\" src=\"https:\/\/www.caths.cz\/wordpress\/wp-content\/uploads\/2015\/08\/M\u010cR-TP-2015-StVzPi-40-100x100.jpg\" class=\"alignleft tfe wp-post-image\" alt=\"\" decoding=\"async\" loading=\"lazy\" srcset=\"https:\/\/www.caths.cz\/wordpress\/wp-content\/uploads\/2015\/08\/M\u010cR-TP-2015-StVzPi-40-100x100.jpg 100w, https:\/\/www.caths.cz\/wordpress\/wp-content\/uploads\/2015\/08\/M\u010cR-TP-2015-StVzPi-40-150x150.jpg 150w\" sizes=\"auto, (max-width: 100px) 100vw, 100px\" \/><\/a><p>M\u010cR TP st\u0159elc\u016f, kter\u00e9 o v\u00edkendu prob\u011bhlo na Lazeck\u00e9 st\u0159elnici v\u00a0Olomouci, bylo tentokr\u00e1t obohaceno o ojedin\u011bl\u00fd souboj o titul ve sportovn\u00ed pistoli SP 30+30 (P3).\u00a0 Po spo\u010d\u00edt\u00e1n\u00ed v\u00fdsledku t\u00e9to sout\u011b\u017ee [&hellip;]<\/p>\n","protected":false},"author":1,"featured_media":21064,"comment_status":"closed","ping_status":"closed","sticky":false,"template":"","format":"standard","meta":{"ngg_post_thumbnail":0,"footnotes":""},"categories":[18],"tags":[],"class_list":["post-21063","post","type-post","status-publish","format-standard","has-post-thumbnail","hentry","category-strelba"],"_links":{"self":[{"href":"https:\/\/www.caths.cz\/wordpress\/wp-json\/wp\/v2\/posts\/21063","targetHints":{"allow":["GET"]}}],"collection":[{"href":"https:\/\/www.caths.cz\/wordpress\/wp-json\/wp\/v2\/posts"}],"about":[{"href":"https:\/\/www.caths.cz\/wordpress\/wp-json\/wp\/v2\/types\/post"}],"author":[{"embeddable":true,"href":"https:\/\/www.caths.cz\/wordpress\/wp-json\/wp\/v2\/users\/1"}],"replies":[{"embeddable":true,"href":"https:\/\/www.caths.cz\/wordpress\/wp-json\/wp\/v2\/comments?post=21063"}],"version-history":[{"count":1,"href":"https:\/\/www.caths.cz\/wordpress\/wp-json\/wp\/v2\/posts\/21063\/revisions"}],"predecessor-version":[{"id":21067,"href":"https:\/\/www.caths.cz\/wordpress\/wp-json\/wp\/v2\/posts\/21063\/revisions\/21067"}],"wp:featuredmedia":[{"embeddable":true,"href":"https:\/\/www.caths.cz\/wordpress\/wp-json\/wp\/v2\/media\/21064"}],"wp:attachment":[{"href":"https:\/\/www.caths.cz\/wordpress\/wp-json\/wp\/v2\/media?parent=21063"}],"wp:term":[{"taxonomy":"category","embeddable":true,"href":"https:\/\/www.caths.cz\/wordpress\/wp-json\/wp\/v2\/categories?post=21063"},{"taxonomy":"post_tag","embeddable":true,"href":"https:\/\/www.caths.cz\/wordpress\/wp-json\/wp\/v2\/tags?post=21063"}],"curies":[{"name":"wp","href":"https:\/\/api.w.org\/{rel}","templated":true}]}}