{"id":21060,"date":"2015-08-15T10:41:37","date_gmt":"2015-08-15T09:41:37","guid":{"rendered":"http:\/\/www.caths.cz\/wordpress\/?p=21060"},"modified":"2015-08-15T10:41:37","modified_gmt":"2015-08-15T09:41:37","slug":"nejuspesnejsi-handicapovany-cyklista-sveta-jiri-jezek-je-patronem-akce-ktera-vydelala-handicapovanym-jiz-pres-ctvrt-milionu-korun","status":"publish","type":"post","link":"https:\/\/www.caths.cz\/wordpress\/nejuspesnejsi-handicapovany-cyklista-sveta-jiri-jezek-je-patronem-akce-ktera-vydelala-handicapovanym-jiz-pres-ctvrt-milionu-korun\/","title":{"rendered":"Nej\u00fasp\u011b\u0161n\u011bj\u0161\u00ed handicapovan\u00fd cyklista sv\u011bta Ji\u0159\u00ed Je\u017eek je patronem akce, kter\u00e1 vyd\u011blala handicapovan\u00fdm ji\u017e p\u0159es \u010dtvrt milionu korun!!"},"content":{"rendered":"<p><strong>P\u0159esn\u011b nap\u016fl cesty jsou handicapovan\u00ed od spln\u011bn\u00ed sv\u00e9ho snu usednout zp\u011bt do sedla&#8230;<\/strong><\/p>\n<p>V\u00edce ne\u017e 250\u00a0000 korun pro n\u011b dosud vyjezdilo p\u0159es 40 tis\u00edc lid\u00ed z \u010cech, \u0160umavy a\u00a0Vyso\u010diny, olympij\u0161t\u00ed v\u00edt\u011bzov\u00e9, slavn\u00e9 osobnosti a dv\u011b des\u00edtky prim\u00e1tor\u016f a starost\u016f. A st\u00e1le m\u016f\u017eete pomoci handicapovan\u00fdm z\u00edskat vysn\u011bn\u00e9 handbiky a kola. Sta\u010d\u00ed projet Birell br\u00e1nou, kter\u00e1 za ka\u017ed\u00fd pr\u016fjezd p\u0159i\u010dte 5 K\u010d. \u010c\u00edm v\u00edce lid\u00ed projede, t\u00edm vy\u0161\u0161\u00ed \u010d\u00e1stka p\u016fjde na handbiky a kola. Birell br\u00e1na putuje \u010ceskem a\u017e do konce srpna. Seznam jej\u00edch zast\u00e1vek najdete na webu\u00a0<span style=\"text-decoration: underline;\"><a href=\"http:\/\/birelljizda.cz\/\">birelljizda.cz<\/a><\/span>.<\/p>\n<p>Handicapovan\u00e9 podporuj\u00ed i sportovn\u00ed legendy. Na \u0161umavsk\u00e9 Kvild\u011b pomohla \u010desk\u00e1 kr\u00e1lovna b\u00edl\u00e9 stopy, olympijsk\u00e1 v\u00edt\u011bzka a sportovkyn\u011b Kate\u0159ina Neumannov\u00e1. \u201eSama m\u00e1m sport a cyklistiku moc r\u00e1da, proto jsem v\u011bd\u011bla, \u017ee tak\u00e9 pomohu. Je to to nejmen\u0161\u00ed, co mohu ud\u011blat pro lidi s\u00a0handicapem a ty, kte\u0159\u00ed nem\u011bli takov\u00e9 \u0161t\u011bst\u00ed.\u201c Birell br\u00e1nou v\u00a0pra\u017esk\u00e9 Tr\u00f3ji projel kanoista a zlat\u00fd olympionik z Atlanty Martin Doktor. Sv\u00fdm pohybem p\u0159isp\u011bli v\u00a0Praze i herci a moder\u00e1to\u0159i Ale\u0161 H\u00e1ma a Martin Dejdar.<\/p>\n<p>\u017de se z\u00edsk\u00e1 dostatek pen\u011bz, v\u011b\u0159\u00ed i mlad\u00e1 bojovnice Kate\u0159ina Jan\u00edkov\u00e1 ze Zd\u011bt\u00edna na Mladoboleslavsku, kter\u00e1 tou\u017e\u00ed na kole zase za\u017e\u00edt pocit volnosti. Ten si s prot\u00e9zou cel\u00e9 nohy po boji s rakovinou p\u0159\u00edli\u0161 neu\u017eije. Na vytou\u017een\u00e9m kole chce projet \u010desk\u00e9 hory a je p\u0159ipravena vybojovat ka\u017edi\u010dk\u00fd kilometr. Cel\u00fd Kat\u010din p\u0159\u00edb\u011bh najdete zde:\u00a0<span style=\"text-decoration: underline;\"><a href=\"http:\/\/bit.ly\/1gJzp7l\">http:\/\/bit.ly\/1gJzp7l<\/a><\/span><\/p>\n<p>Stejn\u011b tak se aktivn\u00edmu \u017eivotu chce vr\u00e1tit i otec t\u0159\u00ed d\u011bt\u00ed Pavel \u017duf\u00e1nek z\u00a0Popovic u Uhersk\u00e9ho Hradi\u0161t\u011b, kter\u00fd po ne\u0161\u0165astn\u00e9m p\u00e1du ze stromu p\u0159i v\u00fdkonu pr\u00e1ce, z\u016fstal na voz\u00edku. Speci\u00e1ln\u00ed handbike mu vr\u00e1t\u00ed alespo\u0148 \u010d\u00e1st svobody, o kterou kv\u016fli \u00farazu p\u0159i\u0161el, pom\u016f\u017ee mu z\u00edskat kondici na z\u00e1vody a umo\u017en\u00ed mu sportovat spole\u010dn\u011b s jeho t\u0159emi d\u011btmi a \u017eenou. O Pavlovi a jeho p\u0159\u00edb\u011bhu se v\u00edce dozv\u00edte zde:\u00a0<span style=\"text-decoration: underline;\"><a href=\"http:\/\/bit.ly\/1SMQdLu\">http:\/\/bit.ly\/1SMQdLu<\/a><\/span><\/p>\n<p>Pod\u00edvejte se na v\u0161echny p\u0159\u00edb\u011bhy \u00fa\u010dastn\u00edk\u016f Birell j\u00edzdy:\u00a0<span style=\"text-decoration: underline;\"><a href=\"http:\/\/bit.ly\/1OPJIBe\">http:\/\/bit.ly\/1OPJIBe<\/a><\/span><\/p>\n<p><a href=\"http:\/\/www.caths.cz\/wordpress\/wp-content\/uploads\/2015\/08\/birell-jizda-2015-martin-doktor.jpg\"><img loading=\"lazy\" decoding=\"async\" class=\"alignnone size-full wp-image-21061\" src=\"http:\/\/www.caths.cz\/wordpress\/wp-content\/uploads\/2015\/08\/birell-jizda-2015-martin-doktor.jpg\" alt=\"birell-jizda-2015-martin-doktor\" width=\"640\" height=\"480\" srcset=\"https:\/\/www.caths.cz\/wordpress\/wp-content\/uploads\/2015\/08\/birell-jizda-2015-martin-doktor.jpg 640w, https:\/\/www.caths.cz\/wordpress\/wp-content\/uploads\/2015\/08\/birell-jizda-2015-martin-doktor-300x225.jpg 300w, https:\/\/www.caths.cz\/wordpress\/wp-content\/uploads\/2015\/08\/birell-jizda-2015-martin-doktor-120x90.jpg 120w\" sizes=\"auto, (max-width: 640px) 100vw, 640px\" \/><\/a><\/p>\n","protected":false},"excerpt":{"rendered":"<a href=\"https:\/\/www.caths.cz\/wordpress\/nejuspesnejsi-handicapovany-cyklista-sveta-jiri-jezek-je-patronem-akce-ktera-vydelala-handicapovanym-jiz-pres-ctvrt-milionu-korun\/\"><img width=\"100\" height=\"100\" src=\"https:\/\/www.caths.cz\/wordpress\/wp-content\/uploads\/2015\/08\/birell-jizda-2015-martin-doktor-100x100.jpg\" class=\"alignleft tfe wp-post-image\" alt=\"\" decoding=\"async\" loading=\"lazy\" srcset=\"https:\/\/www.caths.cz\/wordpress\/wp-content\/uploads\/2015\/08\/birell-jizda-2015-martin-doktor-100x100.jpg 100w, https:\/\/www.caths.cz\/wordpress\/wp-content\/uploads\/2015\/08\/birell-jizda-2015-martin-doktor-150x150.jpg 150w\" sizes=\"auto, (max-width: 100px) 100vw, 100px\" \/><\/a><p>P\u0159esn\u011b nap\u016fl cesty jsou handicapovan\u00ed od spln\u011bn\u00ed sv\u00e9ho snu usednout zp\u011bt do sedla&#8230; V\u00edce ne\u017e 250\u00a0000 korun pro n\u011b dosud vyjezdilo p\u0159es 40 tis\u00edc lid\u00ed z \u010cech, \u0160umavy a\u00a0Vyso\u010diny, olympij\u0161t\u00ed [&hellip;]<\/p>\n","protected":false},"author":1,"featured_media":21061,"comment_status":"closed","ping_status":"closed","sticky":false,"template":"","format":"standard","meta":{"ngg_post_thumbnail":0,"footnotes":""},"categories":[6],"tags":[],"class_list":["post-21060","post","type-post","status-publish","format-standard","has-post-thumbnail","hentry","category-caths-info"],"_links":{"self":[{"href":"https:\/\/www.caths.cz\/wordpress\/wp-json\/wp\/v2\/posts\/21060","targetHints":{"allow":["GET"]}}],"collection":[{"href":"https:\/\/www.caths.cz\/wordpress\/wp-json\/wp\/v2\/posts"}],"about":[{"href":"https:\/\/www.caths.cz\/wordpress\/wp-json\/wp\/v2\/types\/post"}],"author":[{"embeddable":true,"href":"https:\/\/www.caths.cz\/wordpress\/wp-json\/wp\/v2\/users\/1"}],"replies":[{"embeddable":true,"href":"https:\/\/www.caths.cz\/wordpress\/wp-json\/wp\/v2\/comments?post=21060"}],"version-history":[{"count":1,"href":"https:\/\/www.caths.cz\/wordpress\/wp-json\/wp\/v2\/posts\/21060\/revisions"}],"predecessor-version":[{"id":21062,"href":"https:\/\/www.caths.cz\/wordpress\/wp-json\/wp\/v2\/posts\/21060\/revisions\/21062"}],"wp:featuredmedia":[{"embeddable":true,"href":"https:\/\/www.caths.cz\/wordpress\/wp-json\/wp\/v2\/media\/21061"}],"wp:attachment":[{"href":"https:\/\/www.caths.cz\/wordpress\/wp-json\/wp\/v2\/media?parent=21060"}],"wp:term":[{"taxonomy":"category","embeddable":true,"href":"https:\/\/www.caths.cz\/wordpress\/wp-json\/wp\/v2\/categories?post=21060"},{"taxonomy":"post_tag","embeddable":true,"href":"https:\/\/www.caths.cz\/wordpress\/wp-json\/wp\/v2\/tags?post=21060"}],"curies":[{"name":"wp","href":"https:\/\/api.w.org\/{rel}","templated":true}]}}