{"id":2106,"date":"2011-12-17T08:51:15","date_gmt":"2011-12-17T07:51:15","guid":{"rendered":"http:\/\/www.caths.cz\/wordpress\/?p=2106"},"modified":"2011-12-17T08:51:15","modified_gmt":"2011-12-17T07:51:15","slug":"souhrnna-zprava-z-jachtarske-sezony-2011","status":"publish","type":"post","link":"https:\/\/www.caths.cz\/wordpress\/souhrnna-zprava-z-jachtarske-sezony-2011\/","title":{"rendered":"Souhrnn\u00e1 zpr\u00e1va z jachta\u0159sk\u00e9 sez\u00f3ny 2011"},"content":{"rendered":"<p align=\"justify\">\nRok 2011 byl p\u0159elomov\u00fdm vzhledem k posledn\u00ed mo\u017enosti kvalifikace na LPH v Lond\u00fdn\u011b 2012. Cel\u00fd rok byl koncipov\u00e1n jako p\u0159\u00edprava na MS handicapovan\u00fdch ve Weymouthu, kter\u00e9 bylo z\u00e1rove\u0148 posledn\u00ed regatou, kde se rozd\u011blovalo posledn\u00edch 6 kvalifika\u010dn\u00edch  m\u00edst.<\/p>\n<p align=\"justify\"> Pro Dana B\u00ednu bylo druh\u00fdm c\u00edlem obh\u00e1jit 9. m\u00edsto v s\u00e9rii Sv\u011btov\u00e9ho poh\u00e1ru roku 2010, zat\u00edm co Alex Sad\u00edlek se soust\u0159edil na prvn\u00ed ro\u010dn\u00edk St\u0159edoevropsk\u00e9ho poh\u00e1ru.<br \/> Nem\u00e9n\u011b d\u016fle\u017eitou v\u011bc\u00ed pro oba reprezentanty byl start v s\u00e9rii z\u00e1vod\u016f \u010cesk\u00e9ho poh\u00e1ru i v otev\u0159en\u00e9m mezin\u00e1rodn\u00edm M\u010cR.<br \/> Dan B\u00edna zah\u00e1jil sez\u00f3nu spole\u010dn\u00fdm tr\u00e9ninkov\u00fdm kempem s Nizozemskou a \u0160pan\u011blskou reprezentac\u00ed ve \u0161pan\u011blsk\u00e9 Valencii, na kter\u00fd navazoval z\u00e1vod SP Trofeo Princess Sofia MAPFRE. <br \/>Alex Sad\u00edlek dal p\u0159ednost dom\u00e1c\u00ed p\u0159\u00edprav\u011b a n\u00e1sledn\u00e9mu startu na z\u00e1vod\u011b St\u0159edoevropsk\u00e9ho poh\u00e1ru Essen City Cup.<\/p>\n<p> <strong>CO SE PODA\u0158ILO:<\/strong><\/p>\n<p> Dan obsadil 8. m\u00edsto v celkov\u00e9m po\u0159ad\u00ed SP 2011<br \/> &#8211; Trofeo SAR Princess Sofia MAPFRE, Palma De Mallorca, ESP &#8211; 7. m\u00edsto<br \/> &#8211; Delta Lloyd Regatta, Medemblik NED &#8211; 8. m\u00edsto<br \/> &#8211; Scandia Sail For Gold Regatta, Weymouth and portland, GBR &#8211; 14. m\u00edsto<br \/> &#8211; Kieler Woche, Kiel, GER &#8211; 8. m\u00edsto<\/p>\n<p> Dan je\u0161t\u011b obsadil slu\u0161n\u00e9 27. m\u00edsto na otev\u0159en\u00e9m (t.j. i za \u00fa\u010dasti nehandicapovan\u00fdch jachta\u0159\u016f) MS v norsk\u00e9m Alesundu. <\/p>\n<p> Alex zv\u00edt\u011bzil v prvn\u00edm ro\u010dn\u00edku 2,4mR St\u0159edoevropsk\u00e9ho poh\u00e1ru v neuv\u011b\u0159iteln\u00e9m celkov\u00e9m sk\u00f3re 93,35<br \/> &#8211; Essen City Cup, GER &#8211; 15. m\u00edsto<br \/> &#8211; Mezin\u00e1rodn\u00ed mistrovstv\u00ed \u010cR, CZE &#8211; 2. m\u00edsto<br \/> &#8211; Berlin Cup, GER &#8211; 4. m\u00edsto<br \/> &#8211; Mezin\u00e1rodn\u00ed mistrovstv\u00ed N\u011bmecka, GER &#8211; 3. m\u00edsto<br \/> &#8211; Antwerp City Cup, BEL &#8211; 6. m\u00edsto <\/p>\n<p> Organizace Mezin\u00e1rodn\u00edho mistrovstv\u00ed \u010cR na Nov\u00fdch Ml\u00fdnech, kter\u00e9 bylo z\u00e1rove\u0148 sou\u010d\u00e1st\u00ed St\u0159edoevropsk\u00e9ho poh\u00e1ru.<br \/> 1. Jorg Feger, GER<br \/> 2. Alex Sad\u00edlek, CZE<br \/> 3. Mathias Kortke, GER <\/p>\n<p> Organizace s\u00e9rie \u010cesk\u00e9ho poh\u00e1ru<br \/> 1. Daniel B\u00edna<br \/> 2. Alex Sad\u00edlek<br 3. Petr \u010cerm\u00e1k \n\n <strong>CO SE NEPODA\u0158ILO:<\/strong><\/p>\n<p> Kvalifikace na LPH 2011 &#8211; Alex obsadil 23. m\u00edsto, Dan obasdil 27. m\u00edsto na MS handicapovan\u00fdch v anglick\u00e9m Weymouth, kter\u00e9 bylo z\u00e1rove\u0148 i posledn\u00ed kvalifika\u010dn\u00ed regatou pro LPH. K \u00fasp\u011b\u0161n\u00e9 kvalifikaci bylo nutn\u00e9 dojet nejh\u016f\u0159e na 17. m\u00edst\u011b. \u0160koda, nebo\u0165 v\u00fdkonnost v pr\u016fb\u011bhu roku pro Alexe i Dana ukazovala, \u017ee tento c\u00edl nebyl nere\u00e1ln\u00fd. <\/p>\n<p> <strong>POD\u011aKOV\u00c1N\u00cd:<\/strong><\/p>\n<p> D\u011bkujeme v\u0161em, kte\u0159\u00ed p\u0159isp\u011bli, a\u0165 u\u017e radou, materi\u00e1lem, prac\u00ed, \u010di pen\u011bzi. V neposledn\u00ed \u0159ad\u011b kou\u010di Ev\u011b Sko\u0159epov\u00e9 a cel\u00e9mu realiza\u010dn\u00edmu t\u00fdmu. <\/p>\n<p> <img decoding=\"async\" src=\"\/wordpress\/image\/k_clankum\/jachting2011_zprava1.jpg\"><\/p>\n<p> <img decoding=\"async\" src=\"\/wordpress\/image\/k_clankum\/jachting2011_zprava2.jpg\"><\/p>\n","protected":false},"excerpt":{"rendered":"<a href=\"https:\/\/www.caths.cz\/wordpress\/souhrnna-zprava-z-jachtarske-sezony-2011\/\"><img loading=\"lazy\" decoding=\"async\" width=\"100\" height=\"100\" src=\"https:\/\/www.caths.cz\/wordpress\/wp-content\/plugins\/thumbnail-for-excerpts\/tfe_no_thumb.png\" class=\"alignleft wp-post-image tfe\" alt=\"\" title=\"\" \/><\/a><p>Rok 2011 byl p\u0159elomov\u00fdm vzhledem k posledn\u00ed mo\u017enosti kvalifikace na LPH v Lond\u00fdn\u011b 2012. Cel\u00fd rok byl koncipov\u00e1n jako p\u0159\u00edprava na MS handicapovan\u00fdch ve Weymouthu, kter\u00e9 bylo z\u00e1rove\u0148 posledn\u00ed regatou, [&hellip;]<\/p>\n","protected":false},"author":1,"featured_media":0,"comment_status":"closed","ping_status":"closed","sticky":false,"template":"","format":"standard","meta":{"ngg_post_thumbnail":0,"footnotes":""},"categories":[11],"tags":[],"class_list":["post-2106","post","type-post","status-publish","format-standard","hentry","category-jachting"],"_links":{"self":[{"href":"https:\/\/www.caths.cz\/wordpress\/wp-json\/wp\/v2\/posts\/2106","targetHints":{"allow":["GET"]}}],"collection":[{"href":"https:\/\/www.caths.cz\/wordpress\/wp-json\/wp\/v2\/posts"}],"about":[{"href":"https:\/\/www.caths.cz\/wordpress\/wp-json\/wp\/v2\/types\/post"}],"author":[{"embeddable":true,"href":"https:\/\/www.caths.cz\/wordpress\/wp-json\/wp\/v2\/users\/1"}],"replies":[{"embeddable":true,"href":"https:\/\/www.caths.cz\/wordpress\/wp-json\/wp\/v2\/comments?post=2106"}],"version-history":[{"count":0,"href":"https:\/\/www.caths.cz\/wordpress\/wp-json\/wp\/v2\/posts\/2106\/revisions"}],"wp:attachment":[{"href":"https:\/\/www.caths.cz\/wordpress\/wp-json\/wp\/v2\/media?parent=2106"}],"wp:term":[{"taxonomy":"category","embeddable":true,"href":"https:\/\/www.caths.cz\/wordpress\/wp-json\/wp\/v2\/categories?post=2106"},{"taxonomy":"post_tag","embeddable":true,"href":"https:\/\/www.caths.cz\/wordpress\/wp-json\/wp\/v2\/tags?post=2106"}],"curies":[{"name":"wp","href":"https:\/\/api.w.org\/{rel}","templated":true}]}}