{"id":2085,"date":"2011-11-27T09:25:29","date_gmt":"2011-11-27T08:25:29","guid":{"rendered":"http:\/\/www.caths.cz\/wordpress\/?p=2085"},"modified":"2011-11-27T09:25:29","modified_gmt":"2011-11-27T08:25:29","slug":"handicapovani-bikeri-prevzali-na-slavnostnim-veceru-ceny-za-celkove-umisteni-v-ceskem-poharu-mtb-handicapovanych-cyklistu","status":"publish","type":"post","link":"https:\/\/www.caths.cz\/wordpress\/handicapovani-bikeri-prevzali-na-slavnostnim-veceru-ceny-za-celkove-umisteni-v-ceskem-poharu-mtb-handicapovanych-cyklistu\/","title":{"rendered":"Handicapovan\u00ed bike\u0159i p\u0159evzali na slavnostn\u00edm ve\u010deru ceny za celkov\u00e9 um\u00edst\u011bn\u00ed v \u010cesk\u00e9m poh\u00e1ru MTB handicapovan\u00fdch cyklist\u016f"},"content":{"rendered":"<p align=\"justify\">   Seri\u00e1l z\u00e1vod\u016f \u010cesk\u00e9ho poh\u00e1ru MTB handicapovan\u00fdch cyklist\u016f vznikl jako volno\u010dasov\u00fd projekt \u201ePoje\u010f s n\u00e1mi\u201c pro \u0161irokou ve\u0159ejnost cyklist\u016f s handicapem. C\u00edl po\u010detn\u00e9ho seri\u00e1lu z\u00e1vod\u016f je jasn\u00fd, z\u00e1bavnou formou p\u0159ibl\u00ed\u017eit cyklistiku lidem s handicapem, jako vhodnou sportovn\u00ed a po\u00farazovou aktivitu. <\/p>\n<p align=\"justify\"> Nicm\u00e9n\u011b i zde m\u016f\u017eeme obdivovat mimo\u0159\u00e1dn\u00e9 sportovn\u00ed v\u00fdkony a handicapovan\u00fdm biker\u016fm se na pra\u017esk\u00e9m slavnostn\u00edm ve\u010deru dostalo uzn\u00e1n\u00ed od takov\u00fdch osobnost\u00ed sv\u011btov\u00e9 cyklistiky jak\u00fdmi jsou mist\u0159i sv\u011bta: Ji\u0159\u00ed Je\u017eek, Michal Prokop, Josef Dressler, Michal Stark \u010di velk\u00fd fanda cyklistiky, pan profesor Pafko nebo olympijsk\u00fd v\u00edt\u011bz Luk\u00e1\u0161 Pollert. <br \/> Hlavn\u00ed cenu, obrovsk\u00fd putovn\u00ed poh\u00e1r pak p\u0159edal Kr\u00e1l \u010desk\u00e9 cyklistiky, Jaroslav Kulhav\u00fd, kter\u00fd je z\u00e1rove\u0148 i patronem \u010cesk\u00e9ho poh\u00e1ru MTB handicapovan\u00fdch cyklist\u016f a nejinak tomu bude i v roce p\u0159\u00ed\u0161t\u00edm. <\/p>\n<p> Tabulku s celkov\u00fdm po\u0159ad\u00edm v \u010cP MTB naleznete <a href=\"http:\/\/www.caths.cz\/storage\/sekretarky\/CP PORADI.PDF\" target=\"_blank\"> zde<\/a> <\/p>\n<p> <img decoding=\"async\" src=\"\/wordpress\/image\/sekretarky\/benefice\/016.JPG\"><\/p>\n<p> <img decoding=\"async\" src=\"\/wordpress\/image\/sekretarky\/benefice\/018.JPG\"><\/p>\n<p> <img decoding=\"async\" src=\"\/wordpress\/image\/sekretarky\/benefice\/027.JPG\"><\/p>\n<p> <img decoding=\"async\" src=\"\/wordpress\/image\/sekretarky\/benefice\/030.JPG\"><\/p>\n<p> <img decoding=\"async\" src=\"\/wordpress\/image\/sekretarky\/benefice\/048.JPG\"><\/p>\n<p> <img decoding=\"async\" src=\"\/wordpress\/image\/sekretarky\/benefice\/056.JPG\"><\/p>\n<p> <img decoding=\"async\" src=\"\/wordpress\/image\/sekretarky\/benefice\/060.JPG\"><\/p>\n<p> <img decoding=\"async\" src=\"\/wordpress\/image\/sekretarky\/benefice\/070.JPG\"><\/p>\n<p> <img decoding=\"async\" src=\"\/wordpress\/image\/sekretarky\/benefice\/075.JPG\"><\/p>\n","protected":false},"excerpt":{"rendered":"<a href=\"https:\/\/www.caths.cz\/wordpress\/handicapovani-bikeri-prevzali-na-slavnostnim-veceru-ceny-za-celkove-umisteni-v-ceskem-poharu-mtb-handicapovanych-cyklistu\/\"><img loading=\"lazy\" decoding=\"async\" width=\"100\" height=\"100\" src=\"https:\/\/www.caths.cz\/wordpress\/wp-content\/plugins\/thumbnail-for-excerpts\/tfe_no_thumb.png\" class=\"alignleft wp-post-image tfe\" alt=\"\" title=\"\" \/><\/a><p>Seri\u00e1l z\u00e1vod\u016f \u010cesk\u00e9ho poh\u00e1ru MTB handicapovan\u00fdch cyklist\u016f vznikl jako volno\u010dasov\u00fd projekt \u201ePoje\u010f s n\u00e1mi\u201c pro \u0161irokou ve\u0159ejnost cyklist\u016f s handicapem. C\u00edl po\u010detn\u00e9ho seri\u00e1lu z\u00e1vod\u016f je jasn\u00fd, z\u00e1bavnou formou p\u0159ibl\u00ed\u017eit cyklistiku [&hellip;]<\/p>\n","protected":false},"author":1,"featured_media":0,"comment_status":"closed","ping_status":"closed","sticky":false,"template":"","format":"standard","meta":{"ngg_post_thumbnail":0,"footnotes":""},"categories":[40],"tags":[],"class_list":["post-2085","post","type-post","status-publish","format-standard","hentry","category-pojed-s-nami"],"_links":{"self":[{"href":"https:\/\/www.caths.cz\/wordpress\/wp-json\/wp\/v2\/posts\/2085","targetHints":{"allow":["GET"]}}],"collection":[{"href":"https:\/\/www.caths.cz\/wordpress\/wp-json\/wp\/v2\/posts"}],"about":[{"href":"https:\/\/www.caths.cz\/wordpress\/wp-json\/wp\/v2\/types\/post"}],"author":[{"embeddable":true,"href":"https:\/\/www.caths.cz\/wordpress\/wp-json\/wp\/v2\/users\/1"}],"replies":[{"embeddable":true,"href":"https:\/\/www.caths.cz\/wordpress\/wp-json\/wp\/v2\/comments?post=2085"}],"version-history":[{"count":0,"href":"https:\/\/www.caths.cz\/wordpress\/wp-json\/wp\/v2\/posts\/2085\/revisions"}],"wp:attachment":[{"href":"https:\/\/www.caths.cz\/wordpress\/wp-json\/wp\/v2\/media?parent=2085"}],"wp:term":[{"taxonomy":"category","embeddable":true,"href":"https:\/\/www.caths.cz\/wordpress\/wp-json\/wp\/v2\/categories?post=2085"},{"taxonomy":"post_tag","embeddable":true,"href":"https:\/\/www.caths.cz\/wordpress\/wp-json\/wp\/v2\/tags?post=2085"}],"curies":[{"name":"wp","href":"https:\/\/api.w.org\/{rel}","templated":true}]}}