{"id":20834,"date":"2015-08-05T10:33:41","date_gmt":"2015-08-05T09:33:41","guid":{"rendered":"http:\/\/www.caths.cz\/wordpress\/?p=20834"},"modified":"2015-08-05T10:34:09","modified_gmt":"2015-08-05T09:34:09","slug":"na-zaver-cyklistickeho-sampionatu-dojeli-handbikeri-na-skvelych-pozicich","status":"publish","type":"post","link":"https:\/\/www.caths.cz\/wordpress\/na-zaver-cyklistickeho-sampionatu-dojeli-handbikeri-na-skvelych-pozicich\/","title":{"rendered":"Na z\u00e1v\u011br cyklistick\u00e9ho \u0161ampion\u00e1tu dojeli handbike\u0159i na skv\u011bl\u00fdch pozic\u00edch"},"content":{"rendered":"<p>Posledn\u00ed den mistrovstv\u00ed sv\u011bta, v ned\u011bli 2.8.2015, byl na programu silni\u010dn\u00ed z\u00e1vod v\u0161ech kategori\u00ed handbik\u016f. \u010cesk\u00fd t\u00fdm m\u011bl v z\u00e1vod\u011b hned dv\u011b zastoupen\u00ed: Katku Anto\u0161ovou v kategorii H3 a Patrika Jahodu (H1).<\/p>\n<p>Z\u00e1vod se jel na stejn\u00e9m okruhu jako \u010dasovka, tak\u017ee na z\u00e1vodn\u00edky op\u011bt \u010dekalo n\u00e1ro\u010dn\u00e9 stoup\u00e1n\u00ed dlouh\u00e9 1,5 km, kter\u00e9 naplno prov\u011b\u0159ilo cel\u00fd peloton jezdc\u016f. Na\u0161i jezdci se na t\u00e9to n\u00e1ro\u010dn\u00e9 trati op\u011bt neztratili.<\/p>\n<p>Patrik, na kter\u00e9ho \u010dekaly celkem 4 okruhy, si dojel pro velmi dobr\u00e9 \u0161est\u00e9 m\u00edsto. Zv\u00edt\u011bzil Jihoafri\u010dan Du Preez, p\u0159ed novoz\u00e9landsk\u00fdm z\u00e1vodn\u00edkem Williamsem a Finem Polvim.<\/p>\n<p><a href=\"http:\/\/www.caths.cz\/wordpress\/wp-content\/uploads\/2015\/08\/ms-nottwil-005.jpg\"><img loading=\"lazy\" decoding=\"async\" class=\"alignnone size-large wp-image-20835\" src=\"http:\/\/www.caths.cz\/wordpress\/wp-content\/uploads\/2015\/08\/ms-nottwil-005-1024x683.jpg\" alt=\"ms nottwil 005\" width=\"600\" height=\"400\" srcset=\"https:\/\/www.caths.cz\/wordpress\/wp-content\/uploads\/2015\/08\/ms-nottwil-005.jpg 1024w, https:\/\/www.caths.cz\/wordpress\/wp-content\/uploads\/2015\/08\/ms-nottwil-005-300x200.jpg 300w, https:\/\/www.caths.cz\/wordpress\/wp-content\/uploads\/2015\/08\/ms-nottwil-005-120x80.jpg 120w\" sizes=\"auto, (max-width: 600px) 100vw, 600px\" \/><\/a><\/p>\n<p>Kate\u0159ina Anto\u0161ov\u00e1 m\u011bla p\u0159ed sebou celkem 5 okruh\u016f, v nich\u017e svedla velk\u00fd boj p\u0159edev\u0161\u00edm s \u010c\u00ed\u0148ankou Li, se kterou se prala o p\u00e1tou p\u0159\u00ed\u010dku. To se j\u00ed nakonec povedlo v z\u00e1v\u011bre\u010dn\u00e9m spurtu a Katka skon\u010dila na kr\u00e1sn\u00e9m p\u00e1t\u00e9m m\u00edst\u011b. Zv\u00edt\u011bzila Italka Porcellato, p\u0159ed Ameri\u010dankou Danou a t\u0159et\u00ed p\u0159\u00ed\u010dku obsadila Polka Kaluza.<\/p>\n<p><a href=\"http:\/\/www.caths.cz\/wordpress\/wp-content\/uploads\/2015\/08\/ms-nottwil-024.jpg\"><img loading=\"lazy\" decoding=\"async\" class=\"alignnone size-large wp-image-20836\" src=\"http:\/\/www.caths.cz\/wordpress\/wp-content\/uploads\/2015\/08\/ms-nottwil-024-1024x722.jpg\" alt=\"ms nottwil 024\" width=\"600\" height=\"423\" srcset=\"https:\/\/www.caths.cz\/wordpress\/wp-content\/uploads\/2015\/08\/ms-nottwil-024.jpg 1024w, https:\/\/www.caths.cz\/wordpress\/wp-content\/uploads\/2015\/08\/ms-nottwil-024-300x212.jpg 300w, https:\/\/www.caths.cz\/wordpress\/wp-content\/uploads\/2015\/08\/ms-nottwil-024-120x85.jpg 120w\" sizes=\"auto, (max-width: 600px) 100vw, 600px\" \/><\/a><\/p>\n<p>Katka n\u00e1m poslala na z\u00e1v\u011br n\u011bkolik \u0159\u00e1dek, kter\u00e9 dokresluj\u00ed nejen z\u00e1vod na mistrovstv\u00ed, ale i handbike v obecn\u00e9 rovin\u011b:<\/p>\n<p><em>Na Mistrovstv\u00ed sv\u011bta v\u00a0cyklistice handicapovan\u00fdch jsem reprezentovali \u010cR na handbiku dva \u00a0jezdci\u2013 Patrik Jahoda a j\u00e1. Nep\u0159ivezli jsme sice medaile, ale p\u0159esto jsme, mysl\u00edm, usp\u011bli a p\u0159isp\u011bli k\u00a0tomu, \u017ee se tato mlad\u00e1 sportovn\u00ed discipl\u00edna op\u011bt posunula kup\u0159edu.<\/em><br \/>\n<em>\u0160est\u00e9 m\u00edsto Patrika v\u00a0kategorii H1 a m\u00e9 p\u00e1t\u00e9 m\u00edsto v H3 v\u00a0silni\u010dn\u00edm z\u00e1vod\u011b m\u016f\u017eete ocenit, jen pokud zn\u00e1te souvislosti.<\/em><br \/>\n<em>Handbike je paralympijsk\u00fd sport teprve od roku 2004. Rozv\u00edj\u00ed se dynamicky, jak co se t\u00fdk\u00e1 technick\u00e9ho vybaven\u00ed, tak v\u00fdkonnosti jezdc\u016f. A samoz\u0159ejm\u011b po\u010dty z\u00e1vodn\u00edk\u016f stoupaj\u00ed (p\u0159ed \u0161esti lety jezdilo na MS pouh\u00fdch jeden\u00e1ct odv\u00e1\u017en\u00fdch \u017een, letos jich z\u00e1vodilo t\u0159ikr\u00e1t tolik). Nediv\u00edm se &#8211; handbike je pro voz\u00ed\u010dk\u00e1\u0159e synonymem slov svoboda, pohyb, rychlost. <em>Nejv\u011bt\u0161\u00ed v\u00fdvoj zaznamenala pr\u00e1v\u011b kategorie H1, ve kter\u00e9 z\u00e1vod\u00ed Patrik. P\u0159ed \u010dty\u0159mi lety neexistovala. Vznikla teprve v\u00a0roce 2013 odd\u011blen\u00edm od kategorie kvadruplegik\u016f, kter\u00fdm po \u00farazu z\u016fstala p\u0159eci jen v\u00fdznamn\u00e1 funk\u010dnost rukou. Laik, kter\u00fd pozoruje z\u00e1vody, mus\u00ed obdivovat z\u00e1vodn\u00edky kategorie H1, kte\u0159\u00ed jsou spojeni se sv\u00fdm z\u00e1vodn\u00edm strojem speci\u00e1ln\u00edmi \u00fachopy a nemohou \u0159adit ani brzdit prsty, a p\u0159esto se \u0159\u00edt\u00ed do velmi t\u011b\u017eko pr\u016fjezdn\u00e9 zat\u00e1\u010dky silni\u010dn\u00edho z\u00e1vodu neuv\u011b\u0159itelnou rychlost\u00ed p\u0159es \u0161edes\u00e1t kilometr\u016f za hodinu. P\u0159i cest\u011b nahoru do kopce mus\u00ed zapojit krom\u011b sval\u016f i v\u0161echnu svou v\u016fli. Ani pro m\u011b nebyla trasa MS jednoduch\u00e1. Kopec, kter\u00fd se jel p\u011btkr\u00e1t, jsem zdol\u00e1vala v\u00a0nejprud\u0161\u00edm m\u00edst\u011b rychlost\u00ed jen okolo dvan\u00e1cti kilometr\u016f za hodinu (a to m\u00e9 ruce funguj\u00ed zcela norm\u00e1ln\u011b).<\/em><br \/>\n<em>P\u0159\u00e1la bych si, aby na p\u0159\u00ed\u0161t\u00edm Mistrovstv\u00ed sv\u011bta byla kategorie handbike zastoupena v\u00edce \u010desk\u00fdmi jezdci. Patrik i j\u00e1 jsme ve sv\u00fdch kategori\u00edch pr\u016fkopn\u00edky. Otev\u00edr\u00e1me symbolick\u00e9 dve\u0159e a zveme v\u0161echny, a\u0165 n\u00e1s zkus\u00ed p\u0159ekonat. Mysl\u00edm, \u017ee mohu i za Patrika sl\u00edbit, \u017ee to nebude jednoduch\u00e9.<\/em><br \/>\n<em>P.S. Mus\u00edm vyslovit pod\u011bkov\u00e1n\u00ed jak \u010cATHS za organiza\u010dn\u00ed zaji\u0161t\u011bn\u00ed z\u00e1vod\u016f a podporu, tak v\u0161em, kte\u0159\u00ed mi pom\u00e1haj\u00ed a fand\u00ed mi. Bez V\u00e1s bych to nedala J.<\/em><\/em><\/p>\n","protected":false},"excerpt":{"rendered":"<a href=\"https:\/\/www.caths.cz\/wordpress\/na-zaver-cyklistickeho-sampionatu-dojeli-handbikeri-na-skvelych-pozicich\/\"><img width=\"100\" height=\"100\" src=\"https:\/\/www.caths.cz\/wordpress\/wp-content\/uploads\/2015\/08\/ms-nottwil-005-100x100.jpg\" class=\"alignleft tfe wp-post-image\" alt=\"\" decoding=\"async\" loading=\"lazy\" srcset=\"https:\/\/www.caths.cz\/wordpress\/wp-content\/uploads\/2015\/08\/ms-nottwil-005-100x100.jpg 100w, https:\/\/www.caths.cz\/wordpress\/wp-content\/uploads\/2015\/08\/ms-nottwil-005-150x150.jpg 150w\" sizes=\"auto, (max-width: 100px) 100vw, 100px\" \/><\/a><p>Posledn\u00ed den mistrovstv\u00ed sv\u011bta, v ned\u011bli 2.8.2015, byl na programu silni\u010dn\u00ed z\u00e1vod v\u0161ech kategori\u00ed handbik\u016f. \u010cesk\u00fd t\u00fdm m\u011bl v z\u00e1vod\u011b hned dv\u011b zastoupen\u00ed: Katku Anto\u0161ovou v kategorii H3 a Patrika [&hellip;]<\/p>\n","protected":false},"author":1,"featured_media":20835,"comment_status":"closed","ping_status":"closed","sticky":false,"template":"","format":"standard","meta":{"ngg_post_thumbnail":0,"footnotes":""},"categories":[9],"tags":[],"class_list":["post-20834","post","type-post","status-publish","format-standard","has-post-thumbnail","hentry","category-handbike"],"_links":{"self":[{"href":"https:\/\/www.caths.cz\/wordpress\/wp-json\/wp\/v2\/posts\/20834","targetHints":{"allow":["GET"]}}],"collection":[{"href":"https:\/\/www.caths.cz\/wordpress\/wp-json\/wp\/v2\/posts"}],"about":[{"href":"https:\/\/www.caths.cz\/wordpress\/wp-json\/wp\/v2\/types\/post"}],"author":[{"embeddable":true,"href":"https:\/\/www.caths.cz\/wordpress\/wp-json\/wp\/v2\/users\/1"}],"replies":[{"embeddable":true,"href":"https:\/\/www.caths.cz\/wordpress\/wp-json\/wp\/v2\/comments?post=20834"}],"version-history":[{"count":2,"href":"https:\/\/www.caths.cz\/wordpress\/wp-json\/wp\/v2\/posts\/20834\/revisions"}],"predecessor-version":[{"id":20838,"href":"https:\/\/www.caths.cz\/wordpress\/wp-json\/wp\/v2\/posts\/20834\/revisions\/20838"}],"wp:featuredmedia":[{"embeddable":true,"href":"https:\/\/www.caths.cz\/wordpress\/wp-json\/wp\/v2\/media\/20835"}],"wp:attachment":[{"href":"https:\/\/www.caths.cz\/wordpress\/wp-json\/wp\/v2\/media?parent=20834"}],"wp:term":[{"taxonomy":"category","embeddable":true,"href":"https:\/\/www.caths.cz\/wordpress\/wp-json\/wp\/v2\/categories?post=20834"},{"taxonomy":"post_tag","embeddable":true,"href":"https:\/\/www.caths.cz\/wordpress\/wp-json\/wp\/v2\/tags?post=20834"}],"curies":[{"name":"wp","href":"https:\/\/api.w.org\/{rel}","templated":true}]}}