{"id":2083,"date":"2011-11-25T00:22:47","date_gmt":"2011-11-24T23:22:47","guid":{"rendered":"http:\/\/www.caths.cz\/wordpress\/?p=2083"},"modified":"2011-11-25T00:22:47","modified_gmt":"2011-11-24T23:22:47","slug":"cyklistum-zacina-drahovy-cesky-pohar","status":"publish","type":"post","link":"https:\/\/www.caths.cz\/wordpress\/cyklistum-zacina-drahovy-cesky-pohar\/","title":{"rendered":"Cyklist\u016fm za\u010d\u00edn\u00e1 dr\u00e1hov\u00fd \u010cesk\u00fd poh\u00e1r"},"content":{"rendered":"<p align=\"justify\">   V p\u00e1tek odstartuje na motolsk\u00e9m velodromu \u00favodn\u00ed z\u00e1vod \u010cesk\u00e9ho poh\u00e1ru handicapovan\u00fdch cyklist\u016f na dr\u00e1ze.<\/p>\n<p align=\"justify\"> Celkem bude m\u00edt prvn\u00ed poh\u00e1rov\u00fd ro\u010dn\u00edk t\u0159i z\u00e1vodn\u00ed podniky. Z\u00e1vody se uskute\u010dn\u00ed 25 listopadu, 2. prosince a vyvrchol\u00ed mistrovstv\u00edm \u010cesk\u00e9 republiky ve dnech 15 \u2013 18. prosince 2012.<br \/> Z\u00e1vodn\u00edci budou startovat v tradi\u010dn\u00edch discipl\u00edn\u00e1ch 1 kilometr (resp. 500 metr\u016f pro \u017eeny) s pevn\u00fdm startem a ve st\u00edhac\u00edm z\u00e1vod\u011b jednotlivc\u016f na 3000 \u010di 4000 metr\u016f. Pro tandemy bude nav\u00edc p\u0159ipraven i start na 200 metr\u016f letmo a v z\u00e1vod\u011b mistrovstv\u00ed republiky se p\u0159edstav\u00ed tak\u00e9 dru\u017estvo t\u00fdmov\u00e9ho sprintu, kter\u00e9 poprv\u00e9 pojede podle nov\u00fdch pravidel UCI, tedy v kone\u010dn\u00e9m sou\u010dtu handicap\u016f 10. Z\u00e1vody po\u0159\u00e1d\u00e1 SK Handicapovan\u00fdch cyklist\u016f Praha ve spolupr\u00e1ci se Sekc\u00ed cyklistiky \u010cATHS.<\/p>\n<p> Z pohledu z\u00e1vodn\u00edk\u016f \u010cATHS se jedn\u00e1 o velmi d\u016fle\u017eit\u00e9 z\u00e1vody. Na jejich z\u00e1klad\u011b, respektive dosa\u017een\u00fdch \u010dasech se toti\u017e stanov\u00ed \u0161ir\u0161\u00ed nominace pro \u00fanorov\u00e9 mistrovstv\u00ed sv\u011bta na dr\u00e1ze, kter\u00e9 se uskute\u010dn\u00ed v Los Angeles. Bohu\u017eel, \u00fa\u010dastnick\u00e9 kv\u00f3ty UCI pro mistrovstv\u00ed sv\u011bta jsou velmi p\u0159\u00edsn\u00e9. V ka\u017ed\u00e9 kategorii a discipl\u00edn\u011b m\u016f\u017ee startovat pouze jeden z\u00e1vodn\u00edk z ka\u017ed\u00e9 zem\u011b. V\u00fdjimku tvo\u0159\u00ed zem\u011b, kter\u00e9 maj\u00ed v mezin\u00e1rodn\u00edm \u017eeb\u0159\u00ed\u010dku dan\u00e9 discipl\u00edny z\u00e1vodn\u00edka s um\u00edst\u011bn\u00edm do 5. m\u00edsta na sv\u011bt\u011b a d\u00e1le zem\u011b s \u00fa\u0159aduj\u00edc\u00edm mistrem sv\u011bta. Pro \u010ceskou republiku to znamen\u00e1, \u017ee mimo kategori\u00ed C4 a C2 m\u016f\u017eeme nominovat k z\u00e1vodu v ostatn\u00edch kategori\u00edch pouze jednoho z\u00e1vodn\u00edka. U\u017e\u0161\u00ed nominace cyklist\u016f \u010cATHS pro mistrovstv\u00ed sv\u011bta pak bude stanovena na z\u00e1klad\u011b kvality dosa\u017een\u00fdch \u010das\u016f a t\u00edm p\u00e1dem i sv\u011btov\u00e9 konkurenceschopnosti. <br<br \/> Kompletn\u00ed propozice k dr\u00e1hov\u00fdm z\u00e1vod\u016fm naleznete na <strong><a href=\"http:\/\/www.caths.cz\/\">www.caths.cz<\/font><\/a><\/strong> \u010di na str\u00e1nk\u00e1ch po\u0159adatele z\u00e1vod\u016f <strong><a href=\"http:\/\/www.skhcp.cz\/\">www.skhcp.cz<\/font><\/a><\/strong><\/p>\n<p> <img decoding=\"async\" src=\"\/wordpress\/image\/sekretarky\/draha_jezek.jpg\"><\/p>\n","protected":false},"excerpt":{"rendered":"<a href=\"https:\/\/www.caths.cz\/wordpress\/cyklistum-zacina-drahovy-cesky-pohar\/\"><img loading=\"lazy\" decoding=\"async\" width=\"100\" height=\"100\" src=\"https:\/\/www.caths.cz\/wordpress\/wp-content\/plugins\/thumbnail-for-excerpts\/tfe_no_thumb.png\" class=\"alignleft wp-post-image tfe\" alt=\"\" title=\"\" \/><\/a><p>V p\u00e1tek odstartuje na motolsk\u00e9m velodromu \u00favodn\u00ed z\u00e1vod \u010cesk\u00e9ho poh\u00e1ru handicapovan\u00fdch cyklist\u016f na dr\u00e1ze. Celkem bude m\u00edt prvn\u00ed poh\u00e1rov\u00fd ro\u010dn\u00edk t\u0159i z\u00e1vodn\u00ed podniky. Z\u00e1vody se uskute\u010dn\u00ed 25 listopadu, 2. prosince [&hellip;]<\/p>\n","protected":false},"author":1,"featured_media":0,"comment_status":"closed","ping_status":"closed","sticky":false,"template":"","format":"standard","meta":{"ngg_post_thumbnail":0,"footnotes":""},"categories":[2],"tags":[],"class_list":["post-2083","post","type-post","status-publish","format-standard","hentry","category-cyklistika"],"_links":{"self":[{"href":"https:\/\/www.caths.cz\/wordpress\/wp-json\/wp\/v2\/posts\/2083","targetHints":{"allow":["GET"]}}],"collection":[{"href":"https:\/\/www.caths.cz\/wordpress\/wp-json\/wp\/v2\/posts"}],"about":[{"href":"https:\/\/www.caths.cz\/wordpress\/wp-json\/wp\/v2\/types\/post"}],"author":[{"embeddable":true,"href":"https:\/\/www.caths.cz\/wordpress\/wp-json\/wp\/v2\/users\/1"}],"replies":[{"embeddable":true,"href":"https:\/\/www.caths.cz\/wordpress\/wp-json\/wp\/v2\/comments?post=2083"}],"version-history":[{"count":0,"href":"https:\/\/www.caths.cz\/wordpress\/wp-json\/wp\/v2\/posts\/2083\/revisions"}],"wp:attachment":[{"href":"https:\/\/www.caths.cz\/wordpress\/wp-json\/wp\/v2\/media?parent=2083"}],"wp:term":[{"taxonomy":"category","embeddable":true,"href":"https:\/\/www.caths.cz\/wordpress\/wp-json\/wp\/v2\/categories?post=2083"},{"taxonomy":"post_tag","embeddable":true,"href":"https:\/\/www.caths.cz\/wordpress\/wp-json\/wp\/v2\/tags?post=2083"}],"curies":[{"name":"wp","href":"https:\/\/api.w.org\/{rel}","templated":true}]}}