{"id":20825,"date":"2015-08-01T21:13:15","date_gmt":"2015-08-01T20:13:15","guid":{"rendered":"http:\/\/www.caths.cz\/wordpress\/?p=20825"},"modified":"2015-08-01T21:13:15","modified_gmt":"2015-08-01T20:13:15","slug":"ivo-koblasa-ma-bronz-ze-silnicniho-zavodu","status":"publish","type":"post","link":"https:\/\/www.caths.cz\/wordpress\/ivo-koblasa-ma-bronz-ze-silnicniho-zavodu\/","title":{"rendered":"Ivo Koblasa m\u00e1 bronz ze silni\u010dn\u00edho z\u00e1vodu!"},"content":{"rendered":"<p>T\u0159et\u00ed p\u0159\u00ed\u010dku v\u00a0silni\u010dn\u00edm z\u00e1vod\u011b mistrovstv\u00ed sv\u011bta z\u00edskal nejmlad\u0161\u00ed \u010dlen \u010desk\u00e9 cyklistick\u00e9 reprezentace, Ivo Koblasa. Z\u00e1vod kategorie C2 se odehr\u00e1val za siln\u00e9ho de\u0161t\u011b a chladu, co\u017e bylo obzvl\u00e1\u0161t\u011b nep\u0159\u00edjemn\u00e9 v\u00a0dlouh\u00e9m sjezdu. Ivo se od po\u010d\u00e1tku z\u00e1vodu pohyboval na p\u0159edn\u00edch m\u00edstech a v\u011bt\u0161inu z\u00e1vodu tak\u00e9 ur\u010doval tempo pelotonu. Bronzovou medaili vybojoval v\u00a0c\u00edlov\u00e9m spurtu p\u0159i dojezdu hlavn\u00ed skupiny jezdc\u016f. Veter\u00e1n Michal Stark dokon\u010dil z\u00e1vod na 14. pozici.<\/p>\n<p>Velmi dob\u0159e si znovu vedla Tereza Diepoldov\u00e1, kter\u00e1 se po cel\u00fd z\u00e1vod pohybovala na medailov\u00fdch pozic\u00edch a nakonec obsadila \u010dtvrtou p\u0159\u00ed\u010dku.<\/p>\n<p>V\u00a0odpoledn\u00edm z\u00e1vod\u011b kategori\u00ed C4 a C5 vybojoval po spole\u010dn\u00e9m c\u00edlov\u00e9m spurtu 8. m\u00edsto Ji\u0159\u00ed Bou\u0161ka p\u0159ed Ji\u0159\u00edm Je\u017ekem. V\u00a0kategorii C5 obsadil Tom\u00e1\u0161 Kajnar 10. m\u00edsto.<\/p>\n<p><a href=\"http:\/\/www.caths.cz\/wordpress\/wp-content\/uploads\/2015\/08\/ms-nottwil-147.jpg\"><img loading=\"lazy\" decoding=\"async\" class=\"alignnone size-large wp-image-20826\" src=\"http:\/\/www.caths.cz\/wordpress\/wp-content\/uploads\/2015\/08\/ms-nottwil-147-1024x683.jpg\" alt=\"ms nottwil 147\" width=\"600\" height=\"400\" srcset=\"https:\/\/www.caths.cz\/wordpress\/wp-content\/uploads\/2015\/08\/ms-nottwil-147.jpg 1024w, https:\/\/www.caths.cz\/wordpress\/wp-content\/uploads\/2015\/08\/ms-nottwil-147-300x200.jpg 300w, https:\/\/www.caths.cz\/wordpress\/wp-content\/uploads\/2015\/08\/ms-nottwil-147-120x80.jpg 120w\" sizes=\"auto, (max-width: 600px) 100vw, 600px\" \/><\/a><\/p>\n<p>&nbsp;<\/p>\n","protected":false},"excerpt":{"rendered":"<a href=\"https:\/\/www.caths.cz\/wordpress\/ivo-koblasa-ma-bronz-ze-silnicniho-zavodu\/\"><img width=\"100\" height=\"100\" src=\"https:\/\/www.caths.cz\/wordpress\/wp-content\/uploads\/2015\/08\/ms-nottwil-147-100x100.jpg\" class=\"alignleft tfe wp-post-image\" alt=\"\" decoding=\"async\" loading=\"lazy\" srcset=\"https:\/\/www.caths.cz\/wordpress\/wp-content\/uploads\/2015\/08\/ms-nottwil-147-100x100.jpg 100w, https:\/\/www.caths.cz\/wordpress\/wp-content\/uploads\/2015\/08\/ms-nottwil-147-150x150.jpg 150w\" sizes=\"auto, (max-width: 100px) 100vw, 100px\" \/><\/a><p>T\u0159et\u00ed p\u0159\u00ed\u010dku v\u00a0silni\u010dn\u00edm z\u00e1vod\u011b mistrovstv\u00ed sv\u011bta z\u00edskal nejmlad\u0161\u00ed \u010dlen \u010desk\u00e9 cyklistick\u00e9 reprezentace, Ivo Koblasa. Z\u00e1vod kategorie C2 se odehr\u00e1val za siln\u00e9ho de\u0161t\u011b a chladu, co\u017e bylo obzvl\u00e1\u0161t\u011b nep\u0159\u00edjemn\u00e9 v\u00a0dlouh\u00e9m sjezdu. [&hellip;]<\/p>\n","protected":false},"author":1,"featured_media":20826,"comment_status":"closed","ping_status":"closed","sticky":false,"template":"","format":"standard","meta":{"ngg_post_thumbnail":0,"footnotes":""},"categories":[2],"tags":[],"class_list":["post-20825","post","type-post","status-publish","format-standard","has-post-thumbnail","hentry","category-cyklistika"],"_links":{"self":[{"href":"https:\/\/www.caths.cz\/wordpress\/wp-json\/wp\/v2\/posts\/20825","targetHints":{"allow":["GET"]}}],"collection":[{"href":"https:\/\/www.caths.cz\/wordpress\/wp-json\/wp\/v2\/posts"}],"about":[{"href":"https:\/\/www.caths.cz\/wordpress\/wp-json\/wp\/v2\/types\/post"}],"author":[{"embeddable":true,"href":"https:\/\/www.caths.cz\/wordpress\/wp-json\/wp\/v2\/users\/1"}],"replies":[{"embeddable":true,"href":"https:\/\/www.caths.cz\/wordpress\/wp-json\/wp\/v2\/comments?post=20825"}],"version-history":[{"count":1,"href":"https:\/\/www.caths.cz\/wordpress\/wp-json\/wp\/v2\/posts\/20825\/revisions"}],"predecessor-version":[{"id":20827,"href":"https:\/\/www.caths.cz\/wordpress\/wp-json\/wp\/v2\/posts\/20825\/revisions\/20827"}],"wp:featuredmedia":[{"embeddable":true,"href":"https:\/\/www.caths.cz\/wordpress\/wp-json\/wp\/v2\/media\/20826"}],"wp:attachment":[{"href":"https:\/\/www.caths.cz\/wordpress\/wp-json\/wp\/v2\/media?parent=20825"}],"wp:term":[{"taxonomy":"category","embeddable":true,"href":"https:\/\/www.caths.cz\/wordpress\/wp-json\/wp\/v2\/categories?post=20825"},{"taxonomy":"post_tag","embeddable":true,"href":"https:\/\/www.caths.cz\/wordpress\/wp-json\/wp\/v2\/tags?post=20825"}],"curies":[{"name":"wp","href":"https:\/\/api.w.org\/{rel}","templated":true}]}}