{"id":20822,"date":"2015-07-31T17:05:14","date_gmt":"2015-07-31T16:05:14","guid":{"rendered":"http:\/\/www.caths.cz\/wordpress\/?p=20822"},"modified":"2015-07-31T17:05:14","modified_gmt":"2015-07-31T16:05:14","slug":"handbikeri-na-medaile-v-casovce-nedosahli","status":"publish","type":"post","link":"https:\/\/www.caths.cz\/wordpress\/handbikeri-na-medaile-v-casovce-nedosahli\/","title":{"rendered":"Handbike\u0159i na medaile v \u010dasovce nedos\u00e1hli"},"content":{"rendered":"<p>P\u00e1tek byl na mistrovstv\u00ed sv\u011bta handicapovan\u00fdch cyklist\u016f v Nottwile vyhrazen\u00fd \u010dasovce kategori\u00ed handbike.<\/p>\n<p>\u010cesk\u00e1 v\u00fdprava m\u011bla v z\u00e1vod\u011b dvojn\u00e1sobn\u00e9 zastoupen\u00ed, v\u00a0kategorii jezdc\u016f s\u00a0nejv\u011bt\u0161\u00edm handicapem H1 nastoupil Patrik Jahoda a v\u00a0kategorii \u017een H3 n\u00e1s reprezentovala Kate\u0159ina Anto\u0161ov\u00e1.<\/p>\n<p>Medailov\u00e9 um\u00edst\u011bn\u00ed bylo tentokr\u00e1t nad s\u00edly na\u0161ich jezdc\u016f. Patrik Jahoda na\u00a0kopcovit\u00e9 trati vybojoval 6. a Kate\u0159ina Anto\u0161ov\u00e1 7. m\u00edsto.<\/p>\n<p><a href=\"http:\/\/www.caths.cz\/wordpress\/wp-content\/uploads\/2015\/07\/ms-nottwil-054.jpg\"><img loading=\"lazy\" decoding=\"async\" class=\"alignnone size-large wp-image-20823\" src=\"http:\/\/www.caths.cz\/wordpress\/wp-content\/uploads\/2015\/07\/ms-nottwil-054-821x1024.jpg\" alt=\"ms nottwil 054\" width=\"600\" height=\"748\" srcset=\"https:\/\/www.caths.cz\/wordpress\/wp-content\/uploads\/2015\/07\/ms-nottwil-054-821x1024.jpg 821w, https:\/\/www.caths.cz\/wordpress\/wp-content\/uploads\/2015\/07\/ms-nottwil-054-241x300.jpg 241w, https:\/\/www.caths.cz\/wordpress\/wp-content\/uploads\/2015\/07\/ms-nottwil-054-96x120.jpg 96w\" sizes=\"auto, (max-width: 600px) 100vw, 600px\" \/><\/a><\/p>\n","protected":false},"excerpt":{"rendered":"<a href=\"https:\/\/www.caths.cz\/wordpress\/handbikeri-na-medaile-v-casovce-nedosahli\/\"><img width=\"100\" height=\"100\" src=\"https:\/\/www.caths.cz\/wordpress\/wp-content\/uploads\/2015\/07\/ms-nottwil-054-100x100.jpg\" class=\"alignleft tfe wp-post-image\" alt=\"\" decoding=\"async\" loading=\"lazy\" srcset=\"https:\/\/www.caths.cz\/wordpress\/wp-content\/uploads\/2015\/07\/ms-nottwil-054-100x100.jpg 100w, https:\/\/www.caths.cz\/wordpress\/wp-content\/uploads\/2015\/07\/ms-nottwil-054-150x150.jpg 150w\" sizes=\"auto, (max-width: 100px) 100vw, 100px\" \/><\/a><p>P\u00e1tek byl na mistrovstv\u00ed sv\u011bta handicapovan\u00fdch cyklist\u016f v Nottwile vyhrazen\u00fd \u010dasovce kategori\u00ed handbike. \u010cesk\u00e1 v\u00fdprava m\u011bla v z\u00e1vod\u011b dvojn\u00e1sobn\u00e9 zastoupen\u00ed, v\u00a0kategorii jezdc\u016f s\u00a0nejv\u011bt\u0161\u00edm handicapem H1 nastoupil Patrik Jahoda a v\u00a0kategorii [&hellip;]<\/p>\n","protected":false},"author":1,"featured_media":20823,"comment_status":"closed","ping_status":"closed","sticky":false,"template":"","format":"standard","meta":{"ngg_post_thumbnail":0,"footnotes":""},"categories":[2,9],"tags":[],"class_list":["post-20822","post","type-post","status-publish","format-standard","has-post-thumbnail","hentry","category-cyklistika","category-handbike"],"_links":{"self":[{"href":"https:\/\/www.caths.cz\/wordpress\/wp-json\/wp\/v2\/posts\/20822","targetHints":{"allow":["GET"]}}],"collection":[{"href":"https:\/\/www.caths.cz\/wordpress\/wp-json\/wp\/v2\/posts"}],"about":[{"href":"https:\/\/www.caths.cz\/wordpress\/wp-json\/wp\/v2\/types\/post"}],"author":[{"embeddable":true,"href":"https:\/\/www.caths.cz\/wordpress\/wp-json\/wp\/v2\/users\/1"}],"replies":[{"embeddable":true,"href":"https:\/\/www.caths.cz\/wordpress\/wp-json\/wp\/v2\/comments?post=20822"}],"version-history":[{"count":1,"href":"https:\/\/www.caths.cz\/wordpress\/wp-json\/wp\/v2\/posts\/20822\/revisions"}],"predecessor-version":[{"id":20824,"href":"https:\/\/www.caths.cz\/wordpress\/wp-json\/wp\/v2\/posts\/20822\/revisions\/20824"}],"wp:featuredmedia":[{"embeddable":true,"href":"https:\/\/www.caths.cz\/wordpress\/wp-json\/wp\/v2\/media\/20823"}],"wp:attachment":[{"href":"https:\/\/www.caths.cz\/wordpress\/wp-json\/wp\/v2\/media?parent=20822"}],"wp:term":[{"taxonomy":"category","embeddable":true,"href":"https:\/\/www.caths.cz\/wordpress\/wp-json\/wp\/v2\/categories?post=20822"},{"taxonomy":"post_tag","embeddable":true,"href":"https:\/\/www.caths.cz\/wordpress\/wp-json\/wp\/v2\/tags?post=20822"}],"curies":[{"name":"wp","href":"https:\/\/api.w.org\/{rel}","templated":true}]}}