{"id":2082,"date":"2011-11-24T00:24:30","date_gmt":"2011-11-23T23:24:30","guid":{"rendered":"http:\/\/www.caths.cz\/wordpress\/?p=2082"},"modified":"2011-11-24T00:24:30","modified_gmt":"2011-11-23T23:24:30","slug":"vitezove-ceskeho-poharu-horskych-kol-handicapovanych-cyklistu-2011-prevezmou-ceny-dnes-vecer-na-prazskem-galaveceru-a-prijede-i-kral","status":"publish","type":"post","link":"https:\/\/www.caths.cz\/wordpress\/vitezove-ceskeho-poharu-horskych-kol-handicapovanych-cyklistu-2011-prevezmou-ceny-dnes-vecer-na-prazskem-galaveceru-a-prijede-i-kral\/","title":{"rendered":"V\u00edt\u011bzov\u00e9 \u010cesk\u00e9ho poh\u00e1ru horsk\u00fdch kol handicapovan\u00fdch cyklist\u016f 2011 p\u0159evezmou ceny dnes ve\u010der na pra\u017esk\u00e9m GALAVE\u010cERU! A p\u0159ijede i Kr\u00e1l!"},"content":{"rendered":"<p align=\"justify\">V Centru pohybov\u00e9 medic\u00edny na pra\u017esk\u00e9m Chodov\u011b se na dne\u0161n\u00ed ve\u010der chyst\u00e1 velk\u00e1 sl\u00e1va. Nejlep\u0161\u00ed handicapovan\u00ed bike\u0159i zde p\u0159evezmou ceny za celkov\u00e9 um\u00edst\u011bn\u00ed v \u010cesk\u00e9m poh\u00e1ru MTB 2011.<\/p>\n<p align=\"justify\">Celkem je pro slavnostn\u00ed ve\u010der nachyst\u00e1no 12 cen a v\u00edt\u011bzov\u00e9 jednotliv\u00fdch kategori\u00ed z\u00edskaj\u00ed unik\u00e1tn\u00ed poh\u00e1r, ru\u010dn\u00ed pr\u00e1ci mistr\u016f skl\u00e1\u0159\u016f, vyroben\u00fd pouze pro tuto p\u0159\u00edle\u017eitost.<br \/> Ve\u010deru se z\u00fa\u010dastn\u00ed i cel\u00e1 \u0159ada osobnost\u00ed sportovn\u00edho, kulturn\u00edho i politick\u00e9ho \u017eivota. A chyb\u011bt nebude ani znovuzvolen\u00fd Kr\u00e1l \u010cesk\u00e9 cyklistiky a dlouhodob\u00fd patron \u010cesk\u00e9ho poh\u00e1ru handicapovan\u00fdch cyklist\u016f, mistr sv\u011bta a Evropy, v\u00edt\u011bz Sv\u011btov\u00e9ho poh\u00e1ru \u2013 Jaroslav Kulhav\u00fd.<br \/> Z rukou J\u00e1ry pak handicapovan\u00ed bike\u0159i p\u0159eveznou opravdov\u00fd um\u011bleck\u00fd svost &#8211; obrovsk\u00fd putovn\u00ed poh\u00e1r, op\u011bt ojedin\u011bl\u00e9 d\u00edlo \u010desk\u00fdch skl\u00e1\u0159sk\u00fdch mistr\u016f. <\/p>\n<p> Slavnostn\u00ed ve\u010der, po\u0159\u00e1dan\u00fd pod z\u00e1\u0161titou sen\u00e1torky Daniely Filipiov\u00e9 za\u010d\u00edn\u00e1 v 18:30 hodin, a p\u0159ed televizn\u00edmi kamerami ho budou uv\u00e1d\u011bt herec Pavel Nov\u00fd a moder\u00e1tor TV NOVA Tom\u00e1\u0161 Hauptvogel.<br \/> S\u00e1l pro 250 lid\u00ed je prakticky vyprodan\u00fd, nicm\u00e9n\u011b pokud budete m\u00edt z\u00e1jem je\u0161t\u011b na posledn\u00ed chv\u00edli zajistit m\u00edsto, kontaktujte sekretari\u00e1t \u010cATHS nebo hlavn\u00edho organiz\u00e1tora ve\u010dera \u2013 Tom\u00e1\u0161e Poucha z po\u0159adatelsk\u00e9ho t\u00fdmu \u010cern\u00ed kon\u011b. Tel: 777058538. <\/p>\n","protected":false},"excerpt":{"rendered":"<a href=\"https:\/\/www.caths.cz\/wordpress\/vitezove-ceskeho-poharu-horskych-kol-handicapovanych-cyklistu-2011-prevezmou-ceny-dnes-vecer-na-prazskem-galaveceru-a-prijede-i-kral\/\"><img loading=\"lazy\" decoding=\"async\" width=\"100\" height=\"100\" src=\"https:\/\/www.caths.cz\/wordpress\/wp-content\/plugins\/thumbnail-for-excerpts\/tfe_no_thumb.png\" class=\"alignleft wp-post-image tfe\" alt=\"\" title=\"\" \/><\/a><p>V Centru pohybov\u00e9 medic\u00edny na pra\u017esk\u00e9m Chodov\u011b se na dne\u0161n\u00ed ve\u010der chyst\u00e1 velk\u00e1 sl\u00e1va. Nejlep\u0161\u00ed handicapovan\u00ed bike\u0159i zde p\u0159evezmou ceny za celkov\u00e9 um\u00edst\u011bn\u00ed v \u010cesk\u00e9m poh\u00e1ru MTB 2011. Celkem je [&hellip;]<\/p>\n","protected":false},"author":1,"featured_media":0,"comment_status":"closed","ping_status":"closed","sticky":false,"template":"","format":"standard","meta":{"ngg_post_thumbnail":0,"footnotes":""},"categories":[40],"tags":[],"class_list":["post-2082","post","type-post","status-publish","format-standard","hentry","category-pojed-s-nami"],"_links":{"self":[{"href":"https:\/\/www.caths.cz\/wordpress\/wp-json\/wp\/v2\/posts\/2082","targetHints":{"allow":["GET"]}}],"collection":[{"href":"https:\/\/www.caths.cz\/wordpress\/wp-json\/wp\/v2\/posts"}],"about":[{"href":"https:\/\/www.caths.cz\/wordpress\/wp-json\/wp\/v2\/types\/post"}],"author":[{"embeddable":true,"href":"https:\/\/www.caths.cz\/wordpress\/wp-json\/wp\/v2\/users\/1"}],"replies":[{"embeddable":true,"href":"https:\/\/www.caths.cz\/wordpress\/wp-json\/wp\/v2\/comments?post=2082"}],"version-history":[{"count":0,"href":"https:\/\/www.caths.cz\/wordpress\/wp-json\/wp\/v2\/posts\/2082\/revisions"}],"wp:attachment":[{"href":"https:\/\/www.caths.cz\/wordpress\/wp-json\/wp\/v2\/media?parent=2082"}],"wp:term":[{"taxonomy":"category","embeddable":true,"href":"https:\/\/www.caths.cz\/wordpress\/wp-json\/wp\/v2\/categories?post=2082"},{"taxonomy":"post_tag","embeddable":true,"href":"https:\/\/www.caths.cz\/wordpress\/wp-json\/wp\/v2\/tags?post=2082"}],"curies":[{"name":"wp","href":"https:\/\/api.w.org\/{rel}","templated":true}]}}