{"id":20819,"date":"2015-07-30T21:17:59","date_gmt":"2015-07-30T20:17:59","guid":{"rendered":"http:\/\/www.caths.cz\/wordpress\/?p=20819"},"modified":"2015-07-30T21:17:59","modified_gmt":"2015-07-30T20:17:59","slug":"dve-bronzove-medaile-z-ms-handicapovanych-cyklistu-pro-ceskou-vypravu","status":"publish","type":"post","link":"https:\/\/www.caths.cz\/wordpress\/dve-bronzove-medaile-z-ms-handicapovanych-cyklistu-pro-ceskou-vypravu\/","title":{"rendered":"Dv\u011b bronzov\u00e9 medaile z MS handicapovan\u00fdch cyklist\u016f pro \u010deskou v\u00fdpravu!"},"content":{"rendered":"<p>Dv\u011b bronzov\u00e9 medaile z\u00e1sluhou Terezy Diepoldov\u00e9 a tricyklisty Ji\u0159\u00edho Hindra m\u00e1 na sv\u00e9m kont\u011b, po prvn\u00edm sout\u011b\u017en\u00edm dni, \u010desk\u00e1 v\u00fdprava handicapovan\u00fdch cyklist\u016f na mistrovstv\u00ed sv\u011bta ve \u0161v\u00fdcarsk\u00e9m Nottwilu.<br \/>\nTereza Diepoldov\u00e1 v\u00a0n\u00e1ro\u010dn\u00e9, kopcovit\u00e9 \u010dasovce potvrdila vynikaj\u00edc\u00ed formu a tak\u00e9 100% n\u00e1vrat po ro\u010dn\u00ed zdravotn\u00ed a studijn\u00ed pauze zp\u011bt do absolutn\u00ed sv\u011btov\u00e9 \u0161pi\u010dky kategorie C2.<br \/>\nStudentka FTVS UK a z\u00e1vodnice t\u00fdmu Nutrend Specialized Racing v\u00a0polovin\u011b z\u00e1vodu dr\u017eela t\u0159et\u00ed p\u0159\u00ed\u010dku a ve strhuj\u00edc\u00edm z\u00e1v\u011bru se j\u00ed poda\u0159ilo medailov\u00e9 um\u00edst\u011bn\u00ed udr\u017eet i v\u00a0c\u00edli.<\/p>\n<p>Dob\u0159e si vedli i dal\u0161\u00ed na\u0161i z\u00e1vodn\u00edci. V\u00a0kategorii T1, z\u00e1vodn\u00edk\u016f na t\u0159\u00edkolce z\u00edskal Ji\u0159\u00ed Hindr zaslou\u017een\u00fd bronz. Ivo Koblasa v\u00a0kategorii C2 obsadil 8. a Mat\u011bj Benda 13. m\u00edsto. V\u00a0presti\u017en\u00ed kategorii C4 se Ji\u0159\u00ed Je\u017eek dok\u00e1zal probojovat do elitn\u00ed sv\u011btov\u00e9 des\u00edtky a jeho radost v\u00a0c\u00edli, respekt soupe\u0159\u016f i div\u00e1k\u016f byly neskr\u00fdvan\u00e9. Nej\u00fasp\u011b\u0161n\u011bj\u0161\u00ed handicapovan\u00fd cyklista planety znovu prok\u00e1zal pro\u010d je sv\u011btov\u011b uzn\u00e1vanou sportovn\u00ed celebritou, kdy\u017e se po velmi v\u00e1\u017en\u00e9m, \u017eivot ohro\u017euj\u00edc\u00edm zran\u011bn\u00ed v\u00a0minul\u00e9m roce dok\u00e1zal vr\u00e1tit zp\u011bt do sv\u011btov\u00e9ho profipelotonu handicapovan\u00fdch cyklist\u016f. Ji\u0159\u00ed Bou\u0161ka dokon\u010dil z\u00e1vod na 11. a Tom\u00e1\u0161 Kajnar v\u00a0kategorii C5 na 12. m\u00edst\u011b.<\/p>\n<p><a href=\"http:\/\/www.caths.cz\/wordpress\/wp-content\/uploads\/2015\/07\/MS-Nottwil_Tereza.jpg\"><img loading=\"lazy\" decoding=\"async\" class=\"alignnone size-large wp-image-20820\" src=\"http:\/\/www.caths.cz\/wordpress\/wp-content\/uploads\/2015\/07\/MS-Nottwil_Tereza-768x1024.jpg\" alt=\"MS Nottwil_Tereza\" width=\"600\" height=\"800\" srcset=\"https:\/\/www.caths.cz\/wordpress\/wp-content\/uploads\/2015\/07\/MS-Nottwil_Tereza-768x1024.jpg 768w, https:\/\/www.caths.cz\/wordpress\/wp-content\/uploads\/2015\/07\/MS-Nottwil_Tereza-225x300.jpg 225w, https:\/\/www.caths.cz\/wordpress\/wp-content\/uploads\/2015\/07\/MS-Nottwil_Tereza-90x120.jpg 90w\" sizes=\"auto, (max-width: 600px) 100vw, 600px\" \/><\/a><\/p>\n<p>&nbsp;<\/p>\n","protected":false},"excerpt":{"rendered":"<a href=\"https:\/\/www.caths.cz\/wordpress\/dve-bronzove-medaile-z-ms-handicapovanych-cyklistu-pro-ceskou-vypravu\/\"><img width=\"100\" height=\"100\" src=\"https:\/\/www.caths.cz\/wordpress\/wp-content\/uploads\/2015\/07\/MS-Nottwil_Tereza-100x100.jpg\" class=\"alignleft tfe wp-post-image\" alt=\"\" decoding=\"async\" loading=\"lazy\" srcset=\"https:\/\/www.caths.cz\/wordpress\/wp-content\/uploads\/2015\/07\/MS-Nottwil_Tereza-100x100.jpg 100w, https:\/\/www.caths.cz\/wordpress\/wp-content\/uploads\/2015\/07\/MS-Nottwil_Tereza-150x150.jpg 150w\" sizes=\"auto, (max-width: 100px) 100vw, 100px\" \/><\/a><p>Dv\u011b bronzov\u00e9 medaile z\u00e1sluhou Terezy Diepoldov\u00e9 a tricyklisty Ji\u0159\u00edho Hindra m\u00e1 na sv\u00e9m kont\u011b, po prvn\u00edm sout\u011b\u017en\u00edm dni, \u010desk\u00e1 v\u00fdprava handicapovan\u00fdch cyklist\u016f na mistrovstv\u00ed sv\u011bta ve \u0161v\u00fdcarsk\u00e9m Nottwilu. Tereza Diepoldov\u00e1 [&hellip;]<\/p>\n","protected":false},"author":1,"featured_media":20820,"comment_status":"closed","ping_status":"closed","sticky":false,"template":"","format":"standard","meta":{"ngg_post_thumbnail":0,"footnotes":""},"categories":[2],"tags":[],"class_list":["post-20819","post","type-post","status-publish","format-standard","has-post-thumbnail","hentry","category-cyklistika"],"_links":{"self":[{"href":"https:\/\/www.caths.cz\/wordpress\/wp-json\/wp\/v2\/posts\/20819","targetHints":{"allow":["GET"]}}],"collection":[{"href":"https:\/\/www.caths.cz\/wordpress\/wp-json\/wp\/v2\/posts"}],"about":[{"href":"https:\/\/www.caths.cz\/wordpress\/wp-json\/wp\/v2\/types\/post"}],"author":[{"embeddable":true,"href":"https:\/\/www.caths.cz\/wordpress\/wp-json\/wp\/v2\/users\/1"}],"replies":[{"embeddable":true,"href":"https:\/\/www.caths.cz\/wordpress\/wp-json\/wp\/v2\/comments?post=20819"}],"version-history":[{"count":1,"href":"https:\/\/www.caths.cz\/wordpress\/wp-json\/wp\/v2\/posts\/20819\/revisions"}],"predecessor-version":[{"id":20821,"href":"https:\/\/www.caths.cz\/wordpress\/wp-json\/wp\/v2\/posts\/20819\/revisions\/20821"}],"wp:featuredmedia":[{"embeddable":true,"href":"https:\/\/www.caths.cz\/wordpress\/wp-json\/wp\/v2\/media\/20820"}],"wp:attachment":[{"href":"https:\/\/www.caths.cz\/wordpress\/wp-json\/wp\/v2\/media?parent=20819"}],"wp:term":[{"taxonomy":"category","embeddable":true,"href":"https:\/\/www.caths.cz\/wordpress\/wp-json\/wp\/v2\/categories?post=20819"},{"taxonomy":"post_tag","embeddable":true,"href":"https:\/\/www.caths.cz\/wordpress\/wp-json\/wp\/v2\/tags?post=20819"}],"curies":[{"name":"wp","href":"https:\/\/api.w.org\/{rel}","templated":true}]}}