{"id":20814,"date":"2015-07-29T20:42:46","date_gmt":"2015-07-29T19:42:46","guid":{"rendered":"http:\/\/www.caths.cz\/wordpress\/?p=20814"},"modified":"2015-07-29T20:56:50","modified_gmt":"2015-07-29T19:56:50","slug":"zacina-mistrovstvi-sveta-handicapovanych-cyklistu","status":"publish","type":"post","link":"https:\/\/www.caths.cz\/wordpress\/zacina-mistrovstvi-sveta-handicapovanych-cyklistu\/","title":{"rendered":"Za\u010d\u00edn\u00e1 mistrovstv\u00ed sv\u011bta handicapovan\u00fdch cyklist\u016f"},"content":{"rendered":"<p>Ve \u0161v\u00fdcarsk\u00e9m Nottwilu bylo slavnostn\u011b zah\u00e1jeno mistrovstv\u00ed sv\u011bta handicapovan\u00fdch cyklist\u016f.<br \/>\nV\u00a0p\u011bti sout\u011b\u017en\u00edch dnech se p\u0159edstav\u00ed jezdci z\u00a0celkem 46 zem\u00ed a vzhledem k\u00a0bl\u00ed\u017e\u00edc\u00edm se paralympijsk\u00fdm hr\u00e1m v\u00a0Rio de Janeiru p\u016fjde o velmi v\u00fdznamnou ud\u00e1lost, nejenom svou presti\u017e\u00ed, ale tak\u00e9 ziskem pot\u0159ebn\u00fdch bod\u016f d\u016fle\u017eit\u00fdch pro stanoven\u00ed nomina\u010dn\u00ed kv\u00f3ty n\u00e1rod\u016f pro paralympijsk\u00e9 hry.<br \/>\nReprezenta\u010dn\u00ed t\u00fdm \u010cesk\u00e9 republiky je v\u00a0Nottwilu v\u00a0nejsiln\u011bj\u0161\u00edm slo\u017een\u00ed a vzhledem k\u00a0velmi v\u00fdrazn\u00fdm v\u00edkendov\u00fdm\u00a0\u00fasp\u011bch\u016fm na\u0161ich jezdc\u016f na sv\u011btov\u00e9m poh\u00e1ru v\u00a0Elzachu nemohou b\u00fdt ambice na\u0161ich jezdc\u016f jin\u00e9 ne\u017e vysok\u00e9.<\/p>\n<p><em>Program MS:<\/em><br \/>\n<em>st\u0159eda: handbike \u2013 \u0161tafeta<\/em><br \/>\n<em>\u010dtvrtek: \u010dasovka jednotlivc\u016f kategorie C a T &#8211; Diepoldov\u00e1, Koblasa, Benda, Kajnar, Je\u017eek, Bou\u0161ka, Hindr, Vondr\u00e1\u010dek<\/em><br \/>\n<em>p\u00e1tek: \u00a0\u010dasovka jednotlivc\u016f handbike \u2013 Jahoda, Anto\u0161ov\u00e1<\/em><br \/>\n<em>sobota: silni\u010dn\u00ed z\u00e1vod: Diepoldov\u00e1, Koblasa, Stark, Benda, Kajnar, Je\u017eek, Bou\u0161ka, Hindr, Vondr\u00e1\u010dek<\/em><br \/>\n<em>ned\u011ble: silni\u010dn\u00ed z\u00e1vod handbike: Jahoda, Anto\u0161ov\u00e1<\/em><\/p>\n<p><a href=\"http:\/\/www.caths.cz\/wordpress\/wp-content\/uploads\/2015\/07\/20150729_110954.jpg\"><img loading=\"lazy\" decoding=\"async\" class=\"alignnone size-large wp-image-20817\" src=\"http:\/\/www.caths.cz\/wordpress\/wp-content\/uploads\/2015\/07\/20150729_110954-768x1024.jpg\" alt=\"20150729_110954\" width=\"600\" height=\"800\" srcset=\"https:\/\/www.caths.cz\/wordpress\/wp-content\/uploads\/2015\/07\/20150729_110954-768x1024.jpg 768w, https:\/\/www.caths.cz\/wordpress\/wp-content\/uploads\/2015\/07\/20150729_110954-225x300.jpg 225w, https:\/\/www.caths.cz\/wordpress\/wp-content\/uploads\/2015\/07\/20150729_110954-90x120.jpg 90w\" sizes=\"auto, (max-width: 600px) 100vw, 600px\" \/><\/a><\/p>\n<p><a href=\"http:\/\/www.caths.cz\/wordpress\/wp-content\/uploads\/2015\/07\/logo-MS.jpg\"><img loading=\"lazy\" decoding=\"async\" class=\"alignnone size-full wp-image-20815\" src=\"http:\/\/www.caths.cz\/wordpress\/wp-content\/uploads\/2015\/07\/logo-MS.jpg\" alt=\"logo MS\" width=\"425\" height=\"264\" srcset=\"https:\/\/www.caths.cz\/wordpress\/wp-content\/uploads\/2015\/07\/logo-MS.jpg 425w, https:\/\/www.caths.cz\/wordpress\/wp-content\/uploads\/2015\/07\/logo-MS-300x186.jpg 300w, https:\/\/www.caths.cz\/wordpress\/wp-content\/uploads\/2015\/07\/logo-MS-120x75.jpg 120w\" sizes=\"auto, (max-width: 425px) 100vw, 425px\" \/><\/a><\/p>\n<p>&nbsp;<\/p>\n","protected":false},"excerpt":{"rendered":"<a href=\"https:\/\/www.caths.cz\/wordpress\/zacina-mistrovstvi-sveta-handicapovanych-cyklistu\/\"><img width=\"100\" height=\"100\" src=\"https:\/\/www.caths.cz\/wordpress\/wp-content\/uploads\/2015\/07\/logo-MS-100x100.jpg\" class=\"alignleft tfe wp-post-image\" alt=\"\" decoding=\"async\" loading=\"lazy\" srcset=\"https:\/\/www.caths.cz\/wordpress\/wp-content\/uploads\/2015\/07\/logo-MS-100x100.jpg 100w, https:\/\/www.caths.cz\/wordpress\/wp-content\/uploads\/2015\/07\/logo-MS-150x150.jpg 150w\" sizes=\"auto, (max-width: 100px) 100vw, 100px\" \/><\/a><p>Ve \u0161v\u00fdcarsk\u00e9m Nottwilu bylo slavnostn\u011b zah\u00e1jeno mistrovstv\u00ed sv\u011bta handicapovan\u00fdch cyklist\u016f. V\u00a0p\u011bti sout\u011b\u017en\u00edch dnech se p\u0159edstav\u00ed jezdci z\u00a0celkem 46 zem\u00ed a vzhledem k\u00a0bl\u00ed\u017e\u00edc\u00edm se paralympijsk\u00fdm hr\u00e1m v\u00a0Rio de Janeiru p\u016fjde o [&hellip;]<\/p>\n","protected":false},"author":1,"featured_media":20815,"comment_status":"closed","ping_status":"closed","sticky":false,"template":"","format":"standard","meta":{"ngg_post_thumbnail":0,"footnotes":""},"categories":[2,9],"tags":[],"class_list":["post-20814","post","type-post","status-publish","format-standard","has-post-thumbnail","hentry","category-cyklistika","category-handbike"],"_links":{"self":[{"href":"https:\/\/www.caths.cz\/wordpress\/wp-json\/wp\/v2\/posts\/20814","targetHints":{"allow":["GET"]}}],"collection":[{"href":"https:\/\/www.caths.cz\/wordpress\/wp-json\/wp\/v2\/posts"}],"about":[{"href":"https:\/\/www.caths.cz\/wordpress\/wp-json\/wp\/v2\/types\/post"}],"author":[{"embeddable":true,"href":"https:\/\/www.caths.cz\/wordpress\/wp-json\/wp\/v2\/users\/1"}],"replies":[{"embeddable":true,"href":"https:\/\/www.caths.cz\/wordpress\/wp-json\/wp\/v2\/comments?post=20814"}],"version-history":[{"count":2,"href":"https:\/\/www.caths.cz\/wordpress\/wp-json\/wp\/v2\/posts\/20814\/revisions"}],"predecessor-version":[{"id":20818,"href":"https:\/\/www.caths.cz\/wordpress\/wp-json\/wp\/v2\/posts\/20814\/revisions\/20818"}],"wp:featuredmedia":[{"embeddable":true,"href":"https:\/\/www.caths.cz\/wordpress\/wp-json\/wp\/v2\/media\/20815"}],"wp:attachment":[{"href":"https:\/\/www.caths.cz\/wordpress\/wp-json\/wp\/v2\/media?parent=20814"}],"wp:term":[{"taxonomy":"category","embeddable":true,"href":"https:\/\/www.caths.cz\/wordpress\/wp-json\/wp\/v2\/categories?post=20814"},{"taxonomy":"post_tag","embeddable":true,"href":"https:\/\/www.caths.cz\/wordpress\/wp-json\/wp\/v2\/tags?post=20814"}],"curies":[{"name":"wp","href":"https:\/\/api.w.org\/{rel}","templated":true}]}}