{"id":2081,"date":"2011-11-23T00:42:35","date_gmt":"2011-11-22T23:42:35","guid":{"rendered":"http:\/\/www.caths.cz\/wordpress\/?p=2081"},"modified":"2011-11-23T00:42:35","modified_gmt":"2011-11-22T23:42:35","slug":"anketni-otazka-myslite-si-ze-je-spravne-kdyz-spickovi-sportovci-s-telesnym-handicapem-zavodi-na-vrcholnych-soutezich-nehandicapovanych-sportovcu","status":"publish","type":"post","link":"https:\/\/www.caths.cz\/wordpress\/anketni-otazka-myslite-si-ze-je-spravne-kdyz-spickovi-sportovci-s-telesnym-handicapem-zavodi-na-vrcholnych-soutezich-nehandicapovanych-sportovcu\/","title":{"rendered":"Anketn\u00ed ot\u00e1zka: Mysl\u00edte si, \u017ee je spr\u00e1vn\u00e9, kdy\u017e \u0161pi\u010dkov\u00ed sportovci s t\u011blesn\u00fdm handicapem z\u00e1vod\u00ed na vrcholn\u00fdch sout\u011b\u017e\u00edch nehandicapovan\u00fdch sportovc\u016f?"},"content":{"rendered":"<p align=\"justify\"> Ji\u0159\u00ed Je\u017eek, Natalie du Toit, Oscar Pistorius, Sarah Storey, Jody Cundy. Handicapovan\u00ed sportovci, kte\u0159\u00ed se stali sv\u011btov\u00fdmi legendami sportu handicapovan\u00fdch a zn\u00e1 je cel\u00fd sv\u011bt. Ov\u0161em d\u016fvodem jejich popularity nejsou pouze v\u00fdkony a \u0159ada titul\u016f a rekord\u016f v kategorii handicapovan\u00fdch sportovc\u016f. Jejich schopnosti jsou toti\u017e takov\u00e9, \u017ee dok\u00e1\u017eou rovnocenn\u011b sout\u011b\u017eit i na vrcholn\u00fdch sportovn\u00edch akc\u00edch pro sportovce bez handicapu. Jejich \u00fa\u010dast na t\u011bchto sout\u011b\u017e\u00edch bud\u00ed \u00factu, nad\u0161en\u00ed, bezmezn\u00fd obdiv a motivaci, ale i nesouhlas a ostrou kritiku.<br \/><img decoding=\"async\" src=\"\/wordpress\/image\/k_clankum\/anketa14.jpg\"><br \/> Pokud jde o str\u00e1nku \u010dist\u011b sportovn\u00ed, tak nap\u0159\u00edklad Jirka Je\u017eek nastupuje do ka\u017ed\u00e9ho z\u00e1vodu profesion\u00e1l\u016f s 30% ztr\u00e1tou. O tolik je toti\u017e sn\u00ed\u017een\u00fd jeho standardn\u00ed fyziologick\u00fd v\u00fdkon amputovanou kon\u010detinou. Tu ztr\u00e1tu mus\u00ed n\u011bjak kompenzovat, v\u00fdkonnost\u00ed, velmi tvrd\u00fdm tr\u00e9ninkem, z\u00e1vodn\u00ed inteligenc\u00ed a taktikou. Jinak by nem\u011bl v z\u00e1vod\u011b \u017e\u00e1dnou \u0161anci. A to dok\u00e1\u017ee na sv\u011bt\u011b opravdu jen minimum handicapovan\u00fdch sportovc\u016f.<\/p>\n<p> Logick\u00fdm postojem by tedy m\u011bl b\u00fdt respekt k takto mimo\u0159\u00e1dn\u00fdm v\u00fdkon\u016fm, nicm\u00e9n\u011b i kritick\u00e9 hlasy jsou \u010dastokr\u00e1t pom\u011brn\u011b po\u010detn\u00e9&#8230;<br \/> Hlasatel\u00e9 negativn\u00edho postoje maj\u00ed v\u011bt\u0161inou probl\u00e9m s t\u00edm, \u017ee mimo\u0159\u00e1dn\u00e9 v\u00fdkony handicapovan\u00fdch sportovc\u016f zasti\u0148uj\u00ed v\u00fdkony sportovc\u016f bez handicapu a jsou demotivuj\u00edc\u00ed pro sportovce samotn\u00e9.<br \/> Tak\u00e9 neopom\u00edjej\u00ed zm\u00ednit, \u017ee ve\u0161ker\u00e1 marketingov\u00e1 aktivita jde okam\u017eit\u011b stranou, p\u0159edm\u011btem z\u00e1jmu je samoz\u0159ejm\u011b sportovec s handicapem, kter\u00fd rovnocenn\u011b zvl\u00e1d\u00e1 n\u00e1ro\u010dn\u00fd z\u00e1vod sv\u00fdch nehandicapovan\u00fdch koleg\u016f.<\/p>\n<p> N\u00e1zory na toto t\u00e9ma jsou r\u016fzn\u00e9 a diskusi o tomto bychom mohli v\u011bnovat p\u0159edlouh\u00e9 hodiny.<br \/> A co si mysl\u00edte vy, na\u0161i \u010dten\u00e1\u0159i? Odpov\u011bzte na na\u0161i anketn\u00ed ot\u00e1zku:<\/p>\n<p><strong> Mysl\u00edte si, \u017ee je spr\u00e1vn\u00e9, kdy\u017e \u0161pi\u010dkov\u00ed sportovci s t\u011blesn\u00fdm handicapem z\u00e1vod\u00ed na vrcholn\u00fdch sout\u011b\u017e\u00edch nehandicapovan\u00fdch sportovc\u016f?<\/strong><\/p>\n<p> V\u00e1\u0161 n\u00e1zor n\u00e1s velmi zaj\u00edm\u00e1 a d\u011bkujeme za n\u011bj.<\/p>\n","protected":false},"excerpt":{"rendered":"<a href=\"https:\/\/www.caths.cz\/wordpress\/anketni-otazka-myslite-si-ze-je-spravne-kdyz-spickovi-sportovci-s-telesnym-handicapem-zavodi-na-vrcholnych-soutezich-nehandicapovanych-sportovcu\/\"><img loading=\"lazy\" decoding=\"async\" width=\"100\" height=\"100\" src=\"https:\/\/www.caths.cz\/wordpress\/wp-content\/plugins\/thumbnail-for-excerpts\/tfe_no_thumb.png\" class=\"alignleft wp-post-image tfe\" alt=\"\" title=\"\" \/><\/a><p>Ji\u0159\u00ed Je\u017eek, Natalie du Toit, Oscar Pistorius, Sarah Storey, Jody Cundy. Handicapovan\u00ed sportovci, kte\u0159\u00ed se stali sv\u011btov\u00fdmi legendami sportu handicapovan\u00fdch a zn\u00e1 je cel\u00fd sv\u011bt. Ov\u0161em d\u016fvodem jejich popularity nejsou [&hellip;]<\/p>\n","protected":false},"author":1,"featured_media":0,"comment_status":"closed","ping_status":"closed","sticky":false,"template":"","format":"standard","meta":{"ngg_post_thumbnail":0,"footnotes":""},"categories":[39],"tags":[],"class_list":["post-2081","post","type-post","status-publish","format-standard","hentry","category-caths-anketa"],"_links":{"self":[{"href":"https:\/\/www.caths.cz\/wordpress\/wp-json\/wp\/v2\/posts\/2081","targetHints":{"allow":["GET"]}}],"collection":[{"href":"https:\/\/www.caths.cz\/wordpress\/wp-json\/wp\/v2\/posts"}],"about":[{"href":"https:\/\/www.caths.cz\/wordpress\/wp-json\/wp\/v2\/types\/post"}],"author":[{"embeddable":true,"href":"https:\/\/www.caths.cz\/wordpress\/wp-json\/wp\/v2\/users\/1"}],"replies":[{"embeddable":true,"href":"https:\/\/www.caths.cz\/wordpress\/wp-json\/wp\/v2\/comments?post=2081"}],"version-history":[{"count":0,"href":"https:\/\/www.caths.cz\/wordpress\/wp-json\/wp\/v2\/posts\/2081\/revisions"}],"wp:attachment":[{"href":"https:\/\/www.caths.cz\/wordpress\/wp-json\/wp\/v2\/media?parent=2081"}],"wp:term":[{"taxonomy":"category","embeddable":true,"href":"https:\/\/www.caths.cz\/wordpress\/wp-json\/wp\/v2\/categories?post=2081"},{"taxonomy":"post_tag","embeddable":true,"href":"https:\/\/www.caths.cz\/wordpress\/wp-json\/wp\/v2\/tags?post=2081"}],"curies":[{"name":"wp","href":"https:\/\/api.w.org\/{rel}","templated":true}]}}