{"id":20807,"date":"2015-07-28T07:20:47","date_gmt":"2015-07-28T06:20:47","guid":{"rendered":"http:\/\/www.caths.cz\/wordpress\/?p=20807"},"modified":"2015-07-28T07:23:54","modified_gmt":"2015-07-28T06:23:54","slug":"jiz-dnes-startuje-opel-handy-cyklo-maraton-2015","status":"publish","type":"post","link":"https:\/\/www.caths.cz\/wordpress\/jiz-dnes-startuje-opel-handy-cyklo-maraton-2015\/","title":{"rendered":"Ji\u017e dnes startuje Opel handy cyklo maraton 2015"},"content":{"rendered":"<p><a href=\"http:\/\/www.caths.cz\/wordpress\/wp-content\/uploads\/2015\/07\/111hodin_logo_auto.jpg\"><img loading=\"lazy\" decoding=\"async\" class=\"alignnone size-full wp-image-20808\" src=\"http:\/\/www.caths.cz\/wordpress\/wp-content\/uploads\/2015\/07\/111hodin_logo_auto.jpg\" alt=\"111hodin_logo_auto\" width=\"915\" height=\"793\" srcset=\"https:\/\/www.caths.cz\/wordpress\/wp-content\/uploads\/2015\/07\/111hodin_logo_auto.jpg 915w, https:\/\/www.caths.cz\/wordpress\/wp-content\/uploads\/2015\/07\/111hodin_logo_auto-300x260.jpg 300w, https:\/\/www.caths.cz\/wordpress\/wp-content\/uploads\/2015\/07\/111hodin_logo_auto-120x104.jpg 120w\" sizes=\"auto, (max-width: 915px) 100vw, 915px\" \/><\/a>Ji\u017e dnes v \u00a0poledne odstartuje z\u00a0pra\u017esk\u00e9ho V\u00e1clavsk\u00e9ho n\u00e1m\u011bst\u00ed t\u0159et\u00ed ro\u010dn\u00edk extr\u00e9mn\u00edho \u0161tafetov\u00e9ho z\u00e1vodu Opel handy cyklo maraton. Z\u00e1vodu osmi, nebo \u010dty\u0159\u010dlenn\u00fdch t\u00fdm\u016f, kter\u00e9 v\u00a0\u010dasov\u00e9m limitu 111 hodin mus\u00ed zvl\u00e1dnout 2222 km dlouhou trasu nap\u0159\u00ed\u010d \u010ceskou i Slovenskou republikou. Trasa vede p\u0159es 24 kontroln\u00edch bod\u016f, kter\u00e9 tvo\u0159\u00ed rehabilita\u010dn\u00ed \u00fastavy, spin\u00e1ln\u00ed jednotky a speci\u00e1ln\u00ed centra.<\/p>\n<p>V\u00a0leto\u0161n\u00edm ro\u010dn\u00edku bude startovat celkem 232 cyklist\u016f tvo\u0159\u00edc\u00edch 31 t\u00fdm\u016f. Ka\u017ed\u00fd z\u00a0t\u00fdm\u016f m\u00e1 mezi sebou alespo\u0148 jednoho hendikepovan\u00e9ho z\u00e1vodn\u00edka, kter\u00fd mus\u00ed ujet b\u011bhem z\u00e1vodu minim\u00e1ln\u011b 100 km. Jedine\u010dn\u00fd bude v\u00a0tomto smyslu t\u00fdm \u010cern\u00ed kon\u011b, kter\u00fd celou akci pojal tradi\u010dn\u011b po sv\u00e9m a z\u00a0hendikepovan\u00fdch z\u00e1vodn\u00edk\u016f, v\u010detn\u011b handbikera a tricyklisty, je sestaven kompletn\u00ed t\u00fdm.<\/p>\n<p>Ka\u017ed\u00fd z\u00a0t\u00fdm\u016f je z\u00e1rove\u0148 patronem \u010dlov\u011bka kr\u00e1tce po \u00farazu nebo nemoci, kter\u00fd se nov\u011b u\u010d\u00ed \u017e\u00edt s\u00a0hendikepem a prost\u0159ednictv\u00edm z\u00e1vodu se zapojuje zp\u011bt do \u201eb\u011b\u017en\u00e9ho\u201c \u017eivota. Nejlep\u0161\u00ed uk\u00e1zkou smyslu t\u00e9to akce je u\u017e to, \u017ee mnoz\u00ed z\u00a0t\u011bch, pro kter\u00e9 z\u00e1vodn\u00ed t\u00fdmy jely v\u00a0minul\u00fdch letech, v\u00a0leto\u0161n\u00edm ro\u010dn\u00edku budou sami z\u00e1vodit pro n\u011bkoho dal\u0161\u00edho. Smyslem z\u00e1vodu toti\u017e nen\u00ed jen v\u00edt\u011bzstv\u00ed, ale hlavn\u011b \u0161\u00ed\u0159en\u00ed my\u0161lenky sportu bez bari\u00e9r, z\u00e1bava, nav\u00e1z\u00e1n\u00ed nov\u00fdch p\u0159\u00e1telstv\u00ed a spolupr\u00e1ce mezi zdrav\u00fdmi a hendikepovan\u00fdmi.<\/p>\n<p>Na start se tak dnes spole\u010dn\u011b postav\u00ed nejen mnoho zn\u00e1m\u00fdch osobnost\u00ed sportu \u201ezdrav\u00fdch\u201c, ale i \u0161pi\u010dkov\u00ed hendikepovan\u00ed sportovci, sportovci, pro kter\u00e9 byla pr\u00e1v\u011b \u00fa\u010dast v\u00a0tomto z\u00e1vod\u011b hlavn\u00ed motivac\u00ed pro to, aby za\u010dali po \u00faraze sportovat, nebo tak\u00e9 mnoho l\u00e9ka\u0159\u016f a zdravotn\u00edk\u016f, kte\u0159\u00ed se o n\u011b v\u00a0pr\u016fb\u011bhu jejich l\u00e9\u010dby starali.<\/p>\n<p>Cel\u00fd z\u00e1vod m\u016f\u017eete \u017eiv\u011b sledovat na webu www.111hodin.cz , proto\u017ee \u0161tafetov\u00fdm kol\u00edkem jednotliv\u00fdch t\u00fdm\u016f je GPS tracker. Novinkou budou tak\u00e9 web kamery, kter\u00e9 budou p\u0159en\u00e1\u0161et d\u011bn\u00ed z\u00a0vybran\u00fdch pr\u016fjezdn\u00edch bod\u016f. Leto\u0161n\u00ed ro\u010dn\u00edk bude nav\u00edc zpest\u0159en o zaj\u00edmav\u00e9 \u010dasovky, zejm\u00e9na o nesm\u00edrn\u011b n\u00e1ro\u010dnou a atraktivn\u00ed vrcha\u0159skou \u010dasovku k\u00a0vodn\u00ed n\u00e1dr\u017ei Dlouh\u00e9 Str\u00e1n\u011b v\u00a0Jesen\u00edk\u00e1ch.<\/p>\n<p>Tak nev\u00e1hejte a p\u0159ij\u010fte z\u00e1vodn\u00edky podpo\u0159it na trati, v\u00a0kontroln\u00edch bodech, nebo v\u00a0sobotu 1.8. od 14:00 na pra\u017eskou Ladronku, kde bude p\u0159ipraven bohat\u00fd program a vyhl\u00e1\u0161en\u00ed v\u00edt\u011bz\u016f.<\/p>\n","protected":false},"excerpt":{"rendered":"<a href=\"https:\/\/www.caths.cz\/wordpress\/jiz-dnes-startuje-opel-handy-cyklo-maraton-2015\/\"><img width=\"100\" height=\"100\" src=\"https:\/\/www.caths.cz\/wordpress\/wp-content\/uploads\/2015\/07\/111hodin_logo_auto-100x100.jpg\" class=\"alignleft tfe wp-post-image\" alt=\"\" decoding=\"async\" loading=\"lazy\" srcset=\"https:\/\/www.caths.cz\/wordpress\/wp-content\/uploads\/2015\/07\/111hodin_logo_auto-100x100.jpg 100w, https:\/\/www.caths.cz\/wordpress\/wp-content\/uploads\/2015\/07\/111hodin_logo_auto-150x150.jpg 150w\" sizes=\"auto, (max-width: 100px) 100vw, 100px\" \/><\/a><p>Ji\u017e dnes v \u00a0poledne odstartuje z\u00a0pra\u017esk\u00e9ho V\u00e1clavsk\u00e9ho n\u00e1m\u011bst\u00ed t\u0159et\u00ed ro\u010dn\u00edk extr\u00e9mn\u00edho \u0161tafetov\u00e9ho z\u00e1vodu Opel handy cyklo maraton. Z\u00e1vodu osmi, nebo \u010dty\u0159\u010dlenn\u00fdch t\u00fdm\u016f, kter\u00e9 v\u00a0\u010dasov\u00e9m limitu 111 hodin mus\u00ed zvl\u00e1dnout 2222 [&hellip;]<\/p>\n","protected":false},"author":1,"featured_media":20808,"comment_status":"closed","ping_status":"closed","sticky":false,"template":"","format":"standard","meta":{"ngg_post_thumbnail":0,"footnotes":""},"categories":[2],"tags":[],"class_list":["post-20807","post","type-post","status-publish","format-standard","has-post-thumbnail","hentry","category-cyklistika"],"_links":{"self":[{"href":"https:\/\/www.caths.cz\/wordpress\/wp-json\/wp\/v2\/posts\/20807","targetHints":{"allow":["GET"]}}],"collection":[{"href":"https:\/\/www.caths.cz\/wordpress\/wp-json\/wp\/v2\/posts"}],"about":[{"href":"https:\/\/www.caths.cz\/wordpress\/wp-json\/wp\/v2\/types\/post"}],"author":[{"embeddable":true,"href":"https:\/\/www.caths.cz\/wordpress\/wp-json\/wp\/v2\/users\/1"}],"replies":[{"embeddable":true,"href":"https:\/\/www.caths.cz\/wordpress\/wp-json\/wp\/v2\/comments?post=20807"}],"version-history":[{"count":4,"href":"https:\/\/www.caths.cz\/wordpress\/wp-json\/wp\/v2\/posts\/20807\/revisions"}],"predecessor-version":[{"id":20812,"href":"https:\/\/www.caths.cz\/wordpress\/wp-json\/wp\/v2\/posts\/20807\/revisions\/20812"}],"wp:featuredmedia":[{"embeddable":true,"href":"https:\/\/www.caths.cz\/wordpress\/wp-json\/wp\/v2\/media\/20808"}],"wp:attachment":[{"href":"https:\/\/www.caths.cz\/wordpress\/wp-json\/wp\/v2\/media?parent=20807"}],"wp:term":[{"taxonomy":"category","embeddable":true,"href":"https:\/\/www.caths.cz\/wordpress\/wp-json\/wp\/v2\/categories?post=20807"},{"taxonomy":"post_tag","embeddable":true,"href":"https:\/\/www.caths.cz\/wordpress\/wp-json\/wp\/v2\/tags?post=20807"}],"curies":[{"name":"wp","href":"https:\/\/api.w.org\/{rel}","templated":true}]}}