{"id":2080,"date":"2011-11-22T01:51:05","date_gmt":"2011-11-22T00:51:05","guid":{"rendered":"http:\/\/www.caths.cz\/wordpress\/?p=2080"},"modified":"2011-11-22T01:51:05","modified_gmt":"2011-11-22T00:51:05","slug":"druhe-kolo-mezinarodni-ligy-v-curlingu-vozickaru","status":"publish","type":"post","link":"https:\/\/www.caths.cz\/wordpress\/druhe-kolo-mezinarodni-ligy-v-curlingu-vozickaru\/","title":{"rendered":"Druh\u00e9 kolo Mezin\u00e1rodn\u00ed ligy v curlingu voz\u00ed\u010dk\u00e1\u0159\u016f"},"content":{"rendered":"<p align=\"justify\">\nVe \u010dtvrtek 17.11. prob\u011bhlo v Praze druh\u00e9 kolo druh\u00e9ho ro\u010dn\u00edku Mezin\u00e1rodn\u00ed curlingov\u00e9 ligy. P\u0159in\u00e1\u0161\u00edme v\u00e1m kompletn\u00ed v\u00fdsledky a koment\u00e1\u0159 reprezenta\u010dn\u00edho skipa a hr\u00e1\u010de Nov\u00e9ho M\u011bsta nad Metuj\u00ed &#8222;A&#8220;, Radka Pokorn\u00e9ho.<\/p>\n<p align=\"justify\"><img decoding=\"async\" src=\"\/wordpress\/image\/k_clankum\/curlingliga1.jpg\" ALIGN=\"right\" HSPACE=5 VSPACE=5\"> Do souboj\u016f druh\u00e9ho kola bohu\u017eel tentokr\u00e1t nezas\u00e1hly t\u00fdmy N\u011bmecka a Nov\u00e9ho M\u011bsta nad Metuj\u00ed &#8222;B&#8220;, kter\u00e9 chyb\u011bly ze zdravotn\u00edch d\u016fvod\u016f a jejich v\u00fdsledky byly zaps\u00e1ny jako kontuma\u010dn\u00ed prohry. Zdravotn\u00ed komplikace postihly tak\u00e9 t\u00fdm Slovenska, kter\u00fd odehr\u00e1l sv\u00e1 utk\u00e1n\u00ed pouze ve t\u0159ech hr\u00e1\u010d\u00edch.<br \/> Po dvou kolech je ve veden\u00ed ligy t\u00fdm Slovenska, n\u00e1sledov\u00e1n dru\u017estvem Jedli\u010dkova \u00fastavu &#8222;A&#8220; a Nov\u00e9ho M\u011bsta &#8222;A&#8220;.<\/p>\n<p> Radek Pokorn\u00fd popsal sv\u00e9 dojmy n\u00e1sledovn\u011b:<br \/> <em> &#8222;Ve druh\u00e9m kole ligy, n\u00e1s \u010dekali leh\u010d\u00ed soupe\u0159i. Prvn\u00ed z nich SC J\u00da Praha \u2013 B, hned v prvn\u00edm endu jsme bodovali p\u011bti kameny a mohli jsme si v z\u00e1pase dovolit hr\u00e1t v\u00edce na risk, vyzkou\u0161et t\u011b\u017e\u0161\u00ed kameny. Z\u00e1pas skon\u010dil v\u00edt\u011bzn\u011b 14:0. Druh\u00fd z\u00e1pas proti Velk\u00e9mu Mezi\u0159\u00ed\u010d\u00ed byl v\u00edce vyrovnan\u00fd. Od za\u010d\u00e1tku z\u00e1pasu m\u00e1me men\u0161\u00ed n\u00e1skok p\u0159ed soupe\u0159em, kter\u00fd se n\u00e1m da\u0159\u00ed udr\u017eet do konce z\u00e1pasu. Posledn\u00ed dva endy, ve kter\u00fdch se n\u00e1m poda\u0159ilo sk\u00f3rovat, rozhodli o na\u0161em v\u00edt\u011bzstv\u00ed 6:3. Posledn\u00ed z\u00e1pas, kter\u00fd jsme m\u011bli odehr\u00e1t proti na\u0161emu B t\u00fdmu, byl zkontumov\u00e1n, jeliko\u017e dva hr\u00e1\u010di z t\u00fdmu nemohli na ligu p\u0159ijet. Po dvou kolech jsme pr\u016fb\u011b\u017en\u011b na t\u0159et\u00edm m\u00edst\u011b.&#8220;<\/em><\/p>\n<p> V\u00fdsledky 2. kola Mezin\u00e1rodn\u00ed ligy v curlingu voz\u00ed\u010dk\u00e1\u0159\u016f ke sta\u017een\u00ed <a href=\"http:\/\/www.caths.cz\/storage\/curling\/Vysledky_3005CU_111117_JU.pdf\" target=\"_blank\"> zde<\/a><\/p>\n","protected":false},"excerpt":{"rendered":"<a href=\"https:\/\/www.caths.cz\/wordpress\/druhe-kolo-mezinarodni-ligy-v-curlingu-vozickaru\/\"><img loading=\"lazy\" decoding=\"async\" width=\"100\" height=\"100\" src=\"https:\/\/www.caths.cz\/wordpress\/wp-content\/plugins\/thumbnail-for-excerpts\/tfe_no_thumb.png\" class=\"alignleft wp-post-image tfe\" alt=\"\" title=\"\" \/><\/a><p>Ve \u010dtvrtek 17.11. prob\u011bhlo v Praze druh\u00e9 kolo druh\u00e9ho ro\u010dn\u00edku Mezin\u00e1rodn\u00ed curlingov\u00e9 ligy. P\u0159in\u00e1\u0161\u00edme v\u00e1m kompletn\u00ed v\u00fdsledky a koment\u00e1\u0159 reprezenta\u010dn\u00edho skipa a hr\u00e1\u010de Nov\u00e9ho M\u011bsta nad Metuj\u00ed &#8222;A&#8220;, Radka Pokorn\u00e9ho.<\/p>\n","protected":false},"author":1,"featured_media":0,"comment_status":"closed","ping_status":"closed","sticky":false,"template":"","format":"standard","meta":{"ngg_post_thumbnail":0,"footnotes":""},"categories":[7],"tags":[],"class_list":["post-2080","post","type-post","status-publish","format-standard","hentry","category-curling"],"_links":{"self":[{"href":"https:\/\/www.caths.cz\/wordpress\/wp-json\/wp\/v2\/posts\/2080","targetHints":{"allow":["GET"]}}],"collection":[{"href":"https:\/\/www.caths.cz\/wordpress\/wp-json\/wp\/v2\/posts"}],"about":[{"href":"https:\/\/www.caths.cz\/wordpress\/wp-json\/wp\/v2\/types\/post"}],"author":[{"embeddable":true,"href":"https:\/\/www.caths.cz\/wordpress\/wp-json\/wp\/v2\/users\/1"}],"replies":[{"embeddable":true,"href":"https:\/\/www.caths.cz\/wordpress\/wp-json\/wp\/v2\/comments?post=2080"}],"version-history":[{"count":0,"href":"https:\/\/www.caths.cz\/wordpress\/wp-json\/wp\/v2\/posts\/2080\/revisions"}],"wp:attachment":[{"href":"https:\/\/www.caths.cz\/wordpress\/wp-json\/wp\/v2\/media?parent=2080"}],"wp:term":[{"taxonomy":"category","embeddable":true,"href":"https:\/\/www.caths.cz\/wordpress\/wp-json\/wp\/v2\/categories?post=2080"},{"taxonomy":"post_tag","embeddable":true,"href":"https:\/\/www.caths.cz\/wordpress\/wp-json\/wp\/v2\/tags?post=2080"}],"curies":[{"name":"wp","href":"https:\/\/api.w.org\/{rel}","templated":true}]}}