{"id":2079,"date":"2011-11-21T00:31:39","date_gmt":"2011-11-20T23:31:39","guid":{"rendered":"http:\/\/www.caths.cz\/wordpress\/?p=2079"},"modified":"2011-11-21T00:31:39","modified_gmt":"2011-11-20T23:31:39","slug":"jiri-jezek-odleta-do-aigle-na-prvni-zasedani-komise-sportovcu-uci","status":"publish","type":"post","link":"https:\/\/www.caths.cz\/wordpress\/jiri-jezek-odleta-do-aigle-na-prvni-zasedani-komise-sportovcu-uci\/","title":{"rendered":"Ji\u0159\u00ed Je\u017eek odl\u00e9t\u00e1 do Aigle na prvn\u00ed zased\u00e1n\u00ed Komise sportovc\u016f UCI"},"content":{"rendered":"<p align=\"justify\">   Ji\u0159\u00ed Je\u017eek je v pln\u00e9m tr\u00e9ninku a zpr\u00e1vy z motolsk\u00e9 haly \u0159\u00edkaj\u00ed, \u017ee se Jirk\u016fv sv\u011btov\u00fd rekord ve st\u00edhac\u00edm z\u00e1vod\u011b u\u017e nyn\u00ed ot\u0159\u00e1s\u00e1 v z\u00e1kladech. Tak kvalitn\u00ed je toti\u017e aktu\u00e1ln\u00ed kondice na\u0161eho nej\u00fasp\u011b\u0161n\u011bj\u0161\u00edho sportovce.<\/p>\n<p align=\"justify\"> Ov\u0161em n\u00e1sleduj\u00edc\u00ed \u010dty\u0159i dny si Jirka zpest\u0159\u00ed \u00favodn\u00edm zased\u00e1n\u00edm v Komisi sportovc\u016f UCI, kter\u00e1 se sejde v pond\u011bl\u00ed v s\u00eddle UCI v Aigle. <br \/> Bod\u016f k projedn\u00e1n\u00ed m\u00e1 Jirka celou \u0159adu a o v\u00fdsledc\u00edch jedn\u00e1n\u00edch v\u00e1m p\u0159ineseme samostatnou report\u00e1\u017e.<br \/> Jirka samoz\u0159ejm\u011b nijak nezkr\u00e1t\u00ed sv\u00e9 tr\u00e9ninkov\u00e9 d\u00e1vky. A\u017e do \u010dtvrtka se bude p\u0159ipravovat na dr\u00e1ze v Aigle, kterou d\u016fv\u011brn\u011b zn\u00e1 i v okoln\u00edch hor\u00e1ch, kam jezd\u00ed na\u0161i cyklist\u00e9 na soust\u0159ed\u011bn\u00ed.<br \/> V p\u00e1tek by se pak Jirka m\u011bl z\u00fa\u010dastnit \u00favodn\u00edch z\u00e1vod\u016f \u010cesk\u00e9ho poh\u00e1ru handicapovan\u00fdch cyklist\u016f na dr\u00e1ze v Motole. <\/p>\n<p> <img decoding=\"async\" src=\"\/wordpress\/image\/sekretarky\/Aigle 023.jpg\"> <\/p>\n","protected":false},"excerpt":{"rendered":"<a href=\"https:\/\/www.caths.cz\/wordpress\/jiri-jezek-odleta-do-aigle-na-prvni-zasedani-komise-sportovcu-uci\/\"><img loading=\"lazy\" decoding=\"async\" width=\"100\" height=\"100\" src=\"https:\/\/www.caths.cz\/wordpress\/wp-content\/plugins\/thumbnail-for-excerpts\/tfe_no_thumb.png\" class=\"alignleft wp-post-image tfe\" alt=\"\" title=\"\" \/><\/a><p>Ji\u0159\u00ed Je\u017eek je v pln\u00e9m tr\u00e9ninku a zpr\u00e1vy z motolsk\u00e9 haly \u0159\u00edkaj\u00ed, \u017ee se Jirk\u016fv sv\u011btov\u00fd rekord ve st\u00edhac\u00edm z\u00e1vod\u011b u\u017e nyn\u00ed ot\u0159\u00e1s\u00e1 v z\u00e1kladech. Tak kvalitn\u00ed je toti\u017e aktu\u00e1ln\u00ed [&hellip;]<\/p>\n","protected":false},"author":1,"featured_media":0,"comment_status":"closed","ping_status":"closed","sticky":false,"template":"","format":"standard","meta":{"ngg_post_thumbnail":0,"footnotes":""},"categories":[6],"tags":[],"class_list":["post-2079","post","type-post","status-publish","format-standard","hentry","category-caths-info"],"_links":{"self":[{"href":"https:\/\/www.caths.cz\/wordpress\/wp-json\/wp\/v2\/posts\/2079","targetHints":{"allow":["GET"]}}],"collection":[{"href":"https:\/\/www.caths.cz\/wordpress\/wp-json\/wp\/v2\/posts"}],"about":[{"href":"https:\/\/www.caths.cz\/wordpress\/wp-json\/wp\/v2\/types\/post"}],"author":[{"embeddable":true,"href":"https:\/\/www.caths.cz\/wordpress\/wp-json\/wp\/v2\/users\/1"}],"replies":[{"embeddable":true,"href":"https:\/\/www.caths.cz\/wordpress\/wp-json\/wp\/v2\/comments?post=2079"}],"version-history":[{"count":0,"href":"https:\/\/www.caths.cz\/wordpress\/wp-json\/wp\/v2\/posts\/2079\/revisions"}],"wp:attachment":[{"href":"https:\/\/www.caths.cz\/wordpress\/wp-json\/wp\/v2\/media?parent=2079"}],"wp:term":[{"taxonomy":"category","embeddable":true,"href":"https:\/\/www.caths.cz\/wordpress\/wp-json\/wp\/v2\/categories?post=2079"},{"taxonomy":"post_tag","embeddable":true,"href":"https:\/\/www.caths.cz\/wordpress\/wp-json\/wp\/v2\/tags?post=2079"}],"curies":[{"name":"wp","href":"https:\/\/api.w.org\/{rel}","templated":true}]}}