{"id":20773,"date":"2015-07-26T21:42:29","date_gmt":"2015-07-26T20:42:29","guid":{"rendered":"http:\/\/www.caths.cz\/wordpress\/?p=20773"},"modified":"2015-07-26T21:52:07","modified_gmt":"2015-07-26T20:52:07","slug":"zlata-a-stribrna-medaile-na-zaver-svetoveho-poharu-handicapovanych-cyklistu","status":"publish","type":"post","link":"https:\/\/www.caths.cz\/wordpress\/zlata-a-stribrna-medaile-na-zaver-svetoveho-poharu-handicapovanych-cyklistu\/","title":{"rendered":"Zlat\u00e1 a st\u0159\u00edbrn\u00e1 medaile na z\u00e1v\u011br sv\u011btov\u00e9ho poh\u00e1ru handicapovan\u00fdch cyklist\u016f"},"content":{"rendered":"<p>V\u00a0ned\u011bli \u010dekal na z\u00e1vodn\u00edky kategori\u00ed C a T silni\u010dn\u00ed z\u00e1vod. Z\u00a0\u010desk\u00fdch z\u00e1vodn\u00edk\u016f nastoupili do souboj\u016f Ivo Koblasa a Michal Stark v\u00a0kategorii C2, Ji\u0159\u00ed Je\u017eek v\u00a0C4 a Tom\u00e1\u0161 Kajnar v\u00a0kategorii C5. Tra\u0165 z\u00e1vodu vedla centrem m\u011bsta na velmi technick\u00e9m okruhu dlouh\u00e9m 4,6 km a prov\u011b\u0159ila jezdce ve v\u0161ech sm\u011brech.<\/p>\n<p>Obrovskou radost znamenala zlat\u00e1 medaile Iva Koblasy, kter\u00fd zv\u00edt\u011bzil v\u00a0z\u00e1vod\u011b dlouh\u00e9m 55,2 km a i p\u0159es p\u00e1d ve druh\u00e9m kole dok\u00e1zal ztr\u00e1tu dojet a ve spurtu porazit t\u0159et\u00edho Peru\u00e1nce Hilariuse a druh\u00e9ho Rusa Gilmutinova. Micha Stark dojel na dev\u00e1t\u00e9 p\u0159\u00ed\u010dce.<\/p>\n<p>Z\u00e1vod kategori\u00ed C4 a C5 m\u011b\u0159il 69 km a od za\u010d\u00e1tku bylo jasn\u00e9, \u017ee se pojede ve vra\u017eedn\u00e9m tempu. Pr\u016fm\u011brn\u00e1 rychlost prvn\u00edho kola byla p\u0159es 50 km\/h. V\u00a0hlavn\u00ed skupin\u011b pracoval velmi aktivn\u011b Jirka Je\u017eek, kter\u00fd \u00fasp\u011b\u0161n\u011b smaz\u00e1val n\u00e1stupy sv\u00fdch soupe\u0159\u016f. Do c\u00edlov\u00e9 rovinky p\u0159ijela hlavn\u00ed skupina pohromad\u011b a rozhodovalo se ve spurtu, ve kter\u00e9m Jirka pro\u0165al pomyslnou p\u00e1sku na kr\u00e1sn\u00e9m sedm\u00e9m m\u00edst\u011b. Z\u00e1vod vyhr\u00e1l Slov\u00e1k Metelka p\u0159ed Rusem Pudovem a druh\u00fdm Slov\u00e1kem Kurilem. Tom\u00e1\u0161 Kajnar dojel z\u00e1vod na dvan\u00e1ct\u00e9m m\u00edst\u011b.<\/p>\n<p>V\u00a0silni\u010dn\u00edm z\u00e1vod\u011b tricykl\u016f pak p\u0159idal je\u0161t\u011b st\u0159\u00edbrnou medaili do sb\u00edrky \u010desk\u00e9ho t\u00fdmu David Vondr\u00e1\u010dek, kter\u00e9ho porazil mistr sv\u011bta N\u011bmec Durst a t\u0159et\u00ed skon\u010dil Belgi\u010dan Celen.<\/p>\n<p><a href=\"http:\/\/www.caths.cz\/wordpress\/wp-content\/uploads\/2015\/07\/0611.jpg\"><img loading=\"lazy\" decoding=\"async\" class=\"alignnone size-large wp-image-20774\" src=\"http:\/\/www.caths.cz\/wordpress\/wp-content\/uploads\/2015\/07\/0611-1024x683.jpg\" alt=\"061\" width=\"600\" height=\"400\" srcset=\"https:\/\/www.caths.cz\/wordpress\/wp-content\/uploads\/2015\/07\/0611-1024x683.jpg 1024w, https:\/\/www.caths.cz\/wordpress\/wp-content\/uploads\/2015\/07\/0611-300x200.jpg 300w, https:\/\/www.caths.cz\/wordpress\/wp-content\/uploads\/2015\/07\/0611-120x80.jpg 120w, https:\/\/www.caths.cz\/wordpress\/wp-content\/uploads\/2015\/07\/0611.jpg 1166w\" sizes=\"auto, (max-width: 600px) 100vw, 600px\" \/><\/a><\/p>\n<p><a href=\"http:\/\/www.caths.cz\/wordpress\/wp-content\/uploads\/2015\/07\/063.jpg\"><img loading=\"lazy\" decoding=\"async\" class=\"alignnone size-large wp-image-20775\" src=\"http:\/\/www.caths.cz\/wordpress\/wp-content\/uploads\/2015\/07\/063-1024x683.jpg\" alt=\"063\" width=\"600\" height=\"400\" srcset=\"https:\/\/www.caths.cz\/wordpress\/wp-content\/uploads\/2015\/07\/063-1024x683.jpg 1024w, https:\/\/www.caths.cz\/wordpress\/wp-content\/uploads\/2015\/07\/063-300x200.jpg 300w, https:\/\/www.caths.cz\/wordpress\/wp-content\/uploads\/2015\/07\/063-120x80.jpg 120w, https:\/\/www.caths.cz\/wordpress\/wp-content\/uploads\/2015\/07\/063.jpg 1166w\" sizes=\"auto, (max-width: 600px) 100vw, 600px\" \/><\/a><\/p>\n<p><a href=\"http:\/\/www.caths.cz\/wordpress\/wp-content\/uploads\/2015\/07\/088.jpg\"><img loading=\"lazy\" decoding=\"async\" class=\"alignnone size-large wp-image-20776\" src=\"http:\/\/www.caths.cz\/wordpress\/wp-content\/uploads\/2015\/07\/088-1024x683.jpg\" alt=\"088\" width=\"600\" height=\"400\" srcset=\"https:\/\/www.caths.cz\/wordpress\/wp-content\/uploads\/2015\/07\/088-1024x683.jpg 1024w, https:\/\/www.caths.cz\/wordpress\/wp-content\/uploads\/2015\/07\/088-300x200.jpg 300w, https:\/\/www.caths.cz\/wordpress\/wp-content\/uploads\/2015\/07\/088-120x80.jpg 120w, https:\/\/www.caths.cz\/wordpress\/wp-content\/uploads\/2015\/07\/088.jpg 1166w\" sizes=\"auto, (max-width: 600px) 100vw, 600px\" \/><\/a><\/p>\n<p><a href=\"http:\/\/www.caths.cz\/wordpress\/wp-content\/uploads\/2015\/07\/DSC_3400.jpg\"><img loading=\"lazy\" decoding=\"async\" class=\"alignnone size-large wp-image-20777\" src=\"http:\/\/www.caths.cz\/wordpress\/wp-content\/uploads\/2015\/07\/DSC_3400.jpg\" alt=\"DSC_3400\" width=\"600\" height=\"399\" srcset=\"https:\/\/www.caths.cz\/wordpress\/wp-content\/uploads\/2015\/07\/DSC_3400.jpg 902w, https:\/\/www.caths.cz\/wordpress\/wp-content\/uploads\/2015\/07\/DSC_3400-300x200.jpg 300w, https:\/\/www.caths.cz\/wordpress\/wp-content\/uploads\/2015\/07\/DSC_3400-120x80.jpg 120w\" sizes=\"auto, (max-width: 600px) 100vw, 600px\" \/><\/a><\/p>\n<p>&nbsp;<\/p>\n<p><a href=\"http:\/\/www.caths.cz\/wordpress\/wp-content\/uploads\/2015\/07\/132.jpg\"><img loading=\"lazy\" decoding=\"async\" class=\"alignnone size-large wp-image-20778\" src=\"http:\/\/www.caths.cz\/wordpress\/wp-content\/uploads\/2015\/07\/132-1024x683.jpg\" alt=\"132\" width=\"600\" height=\"400\" srcset=\"https:\/\/www.caths.cz\/wordpress\/wp-content\/uploads\/2015\/07\/132-1024x683.jpg 1024w, https:\/\/www.caths.cz\/wordpress\/wp-content\/uploads\/2015\/07\/132-300x200.jpg 300w, https:\/\/www.caths.cz\/wordpress\/wp-content\/uploads\/2015\/07\/132-120x80.jpg 120w, https:\/\/www.caths.cz\/wordpress\/wp-content\/uploads\/2015\/07\/132.jpg 1166w\" sizes=\"auto, (max-width: 600px) 100vw, 600px\" \/><\/a><\/p>\n<p><a href=\"http:\/\/www.caths.cz\/wordpress\/wp-content\/uploads\/2015\/07\/196.jpg\"><img loading=\"lazy\" decoding=\"async\" class=\"alignnone size-large wp-image-20779\" src=\"http:\/\/www.caths.cz\/wordpress\/wp-content\/uploads\/2015\/07\/196-1024x683.jpg\" alt=\"196\" width=\"600\" height=\"400\" srcset=\"https:\/\/www.caths.cz\/wordpress\/wp-content\/uploads\/2015\/07\/196-1024x683.jpg 1024w, https:\/\/www.caths.cz\/wordpress\/wp-content\/uploads\/2015\/07\/196-300x200.jpg 300w, https:\/\/www.caths.cz\/wordpress\/wp-content\/uploads\/2015\/07\/196-120x80.jpg 120w, https:\/\/www.caths.cz\/wordpress\/wp-content\/uploads\/2015\/07\/196.jpg 1166w\" sizes=\"auto, (max-width: 600px) 100vw, 600px\" \/><\/a><\/p>\n","protected":false},"excerpt":{"rendered":"<a href=\"https:\/\/www.caths.cz\/wordpress\/zlata-a-stribrna-medaile-na-zaver-svetoveho-poharu-handicapovanych-cyklistu\/\"><img width=\"100\" height=\"100\" src=\"https:\/\/www.caths.cz\/wordpress\/wp-content\/uploads\/2015\/07\/0611-100x100.jpg\" class=\"alignleft tfe wp-post-image\" alt=\"\" decoding=\"async\" loading=\"lazy\" srcset=\"https:\/\/www.caths.cz\/wordpress\/wp-content\/uploads\/2015\/07\/0611-100x100.jpg 100w, https:\/\/www.caths.cz\/wordpress\/wp-content\/uploads\/2015\/07\/0611-150x150.jpg 150w\" sizes=\"auto, (max-width: 100px) 100vw, 100px\" \/><\/a><p>V\u00a0ned\u011bli \u010dekal na z\u00e1vodn\u00edky kategori\u00ed C a T silni\u010dn\u00ed z\u00e1vod. Z\u00a0\u010desk\u00fdch z\u00e1vodn\u00edk\u016f nastoupili do souboj\u016f Ivo Koblasa a Michal Stark v\u00a0kategorii C2, Ji\u0159\u00ed Je\u017eek v\u00a0C4 a Tom\u00e1\u0161 Kajnar v\u00a0kategorii C5. [&hellip;]<\/p>\n","protected":false},"author":1,"featured_media":20774,"comment_status":"closed","ping_status":"closed","sticky":false,"template":"","format":"standard","meta":{"ngg_post_thumbnail":0,"footnotes":""},"categories":[2],"tags":[],"class_list":["post-20773","post","type-post","status-publish","format-standard","has-post-thumbnail","hentry","category-cyklistika"],"_links":{"self":[{"href":"https:\/\/www.caths.cz\/wordpress\/wp-json\/wp\/v2\/posts\/20773","targetHints":{"allow":["GET"]}}],"collection":[{"href":"https:\/\/www.caths.cz\/wordpress\/wp-json\/wp\/v2\/posts"}],"about":[{"href":"https:\/\/www.caths.cz\/wordpress\/wp-json\/wp\/v2\/types\/post"}],"author":[{"embeddable":true,"href":"https:\/\/www.caths.cz\/wordpress\/wp-json\/wp\/v2\/users\/1"}],"replies":[{"embeddable":true,"href":"https:\/\/www.caths.cz\/wordpress\/wp-json\/wp\/v2\/comments?post=20773"}],"version-history":[{"count":3,"href":"https:\/\/www.caths.cz\/wordpress\/wp-json\/wp\/v2\/posts\/20773\/revisions"}],"predecessor-version":[{"id":20782,"href":"https:\/\/www.caths.cz\/wordpress\/wp-json\/wp\/v2\/posts\/20773\/revisions\/20782"}],"wp:featuredmedia":[{"embeddable":true,"href":"https:\/\/www.caths.cz\/wordpress\/wp-json\/wp\/v2\/media\/20774"}],"wp:attachment":[{"href":"https:\/\/www.caths.cz\/wordpress\/wp-json\/wp\/v2\/media?parent=20773"}],"wp:term":[{"taxonomy":"category","embeddable":true,"href":"https:\/\/www.caths.cz\/wordpress\/wp-json\/wp\/v2\/categories?post=20773"},{"taxonomy":"post_tag","embeddable":true,"href":"https:\/\/www.caths.cz\/wordpress\/wp-json\/wp\/v2\/tags?post=20773"}],"curies":[{"name":"wp","href":"https:\/\/api.w.org\/{rel}","templated":true}]}}