{"id":20762,"date":"2015-07-25T23:03:04","date_gmt":"2015-07-25T22:03:04","guid":{"rendered":"http:\/\/www.caths.cz\/wordpress\/?p=20762"},"modified":"2015-07-25T23:03:04","modified_gmt":"2015-07-25T22:03:04","slug":"dalsi-zlato-a-dva-bronzy-na-konte-ceskych-cyklistu","status":"publish","type":"post","link":"https:\/\/www.caths.cz\/wordpress\/dalsi-zlato-a-dva-bronzy-na-konte-ceskych-cyklistu\/","title":{"rendered":"Dal\u0161\u00ed zlato a dva bronzy na kont\u011b \u010desk\u00fdch cyklist\u016f"},"content":{"rendered":"<p>Sv\u011btov\u00fd poh\u00e1r handicapovan\u00fdch cyklist\u016f pokra\u010doval silni\u010dn\u00edm z\u00e1vodem, ve kter\u00e9m se op\u011bt \u010de\u0161t\u00ed z\u00e1vodn\u00edci bl\u00fdskli hned n\u011bkolika cenn\u00fdmi kovy, \u010d\u00edm\u017e se \u010cesk\u00e1 republika dostala na pr\u016fb\u011b\u017en\u00e9 \u0161est\u00e9 m\u00edsto v hodnocen\u00ed n\u00e1rod\u016f.<\/p>\n<p>V\u00a0rann\u00edch hodin\u00e1ch nastoupili ke startu silni\u010dn\u00edho z\u00e1vodu kategori\u00ed H1 a H2 dva \u010de\u0161t\u00ed handbike\u0159i \u2013 Patrik Jahoda (H1) a Pavel Folt\u00fdn (H2). Z\u00e1vod se velmi slibn\u011b vyv\u00edjel pro oba z\u00e1vodn\u00edky.<\/p>\n<p>Patrik Jahoda se ve sv\u00e9m z\u00e1vod\u011b\u00a0dr\u017eel ve vedouc\u00ed skupin\u011b spole\u010dn\u011b s\u00a0Finem Polvim a Australanem Nickelem. Skupinka dojela pohromad\u011b a\u017e do c\u00edlov\u00e9 rovinky, kde Patrik vyu\u017eil situace a podjel si Australana a v\u00a0kr\u00e1sn\u00e9m fini\u0161i si dojel pro v\u00edt\u011bzstv\u00ed.<\/p>\n<p>Z\u00e1vod kategorie H2 se pro Pavla Folt\u00fdna vyv\u00edjel z\u00a0po\u010d\u00e1tku velmi slibn\u011b, kdy\u017e polovinu z\u00e1vodu odjel na t\u0159et\u00edm m\u00edst\u011b za izraelsk\u00fdm z\u00e1vodn\u00edkem Lionem. T\u0159i kola p\u0159ed koncem jej v\u0161ak dojela dvojice pron\u00e1sledovatel\u016f Hindricq a Frankowski a Pavel ji\u017e jejich tempu nedok\u00e1zal odolat. I tak z\u00a0toho bylo velmi dobr\u00e9 p\u00e1t\u00e9 m\u00edsto.<\/p>\n<p>V\u00a0jeden\u00e1ct hodin dopoledne odstartoval silni\u010dn\u00ed z\u00e1vod kategorie \u017een C2 s\u00a0na\u0161\u00ed Terezou Diepoldovou, v\u00edt\u011bzkou p\u00e1te\u010dn\u00ed \u010dasovky. Po zaj\u00edmav\u00e9m z\u00e1vod\u011b, ve kter\u00e9m vy\u0161el \u00fanik pouze Ameri\u010dance Jones a poda\u0159ilo se j\u00ed z\u00edskat rozhoduj\u00edc\u00ed n\u00e1skok, dojely do c\u00edlov\u00e9 rovinky ostatn\u00ed z\u00e1vodnice ve skupin\u011b. Tereza v\u00a0z\u00e1v\u011bre\u010dn\u00e9m fini\u0161i podlehla holandsk\u00e9 z\u00e1vodnici Norbruis a skon\u010dila na v\u00fdsledn\u00e9m t\u0159et\u00edm m\u00edst\u011b.<\/p>\n<p>Posledn\u00ed sobotn\u00ed medaili, a to bronzovou, vybojovala ve\u010der handbikerka Kate\u0159ina Anto\u0161ov\u00e1. Katka se po dvou kolech probojovala na t\u0159et\u00ed m\u00edsto, sv\u00fdm soupe\u0159k\u00e1m odjela a sv\u016fj n\u00e1skok zvy\u0161ovala. P\u0159ed n\u00ed byly jen dv\u011b z\u00e1vodnice Brelsford a Kaluza, kter\u00e9 se ji\u017e Katce nepoda\u0159ilo dojet a tak po\u0159ad\u00ed z\u016fstalo nezm\u011bn\u011bn\u00e9.<\/p>\n<p>V\u0161em z\u00e1vodn\u00edk\u016fm velmi blahop\u0159ejeme!!<\/p>\n<p>Z\u00edtra pokra\u010duje program MS silni\u010dn\u00edm z\u00e1vodem kategori\u00ed C, B a T.<\/p>\n<p><a href=\"http:\/\/www.caths.cz\/wordpress\/wp-content\/uploads\/2015\/07\/011.jpg\"><img loading=\"lazy\" decoding=\"async\" class=\"alignnone size-full wp-image-20763\" src=\"http:\/\/www.caths.cz\/wordpress\/wp-content\/uploads\/2015\/07\/011.jpg\" alt=\"011\" width=\"1010\" height=\"629\" srcset=\"https:\/\/www.caths.cz\/wordpress\/wp-content\/uploads\/2015\/07\/011.jpg 1010w, https:\/\/www.caths.cz\/wordpress\/wp-content\/uploads\/2015\/07\/011-300x187.jpg 300w, https:\/\/www.caths.cz\/wordpress\/wp-content\/uploads\/2015\/07\/011-120x75.jpg 120w\" sizes=\"auto, (max-width: 1010px) 100vw, 1010px\" \/><\/a><\/p>\n<p><a href=\"http:\/\/www.caths.cz\/wordpress\/wp-content\/uploads\/2015\/07\/038.jpg\"><img loading=\"lazy\" decoding=\"async\" class=\"alignnone size-large wp-image-20764\" src=\"http:\/\/www.caths.cz\/wordpress\/wp-content\/uploads\/2015\/07\/038-1024x993.jpg\" alt=\"038\" width=\"600\" height=\"582\" srcset=\"https:\/\/www.caths.cz\/wordpress\/wp-content\/uploads\/2015\/07\/038-1024x993.jpg 1024w, https:\/\/www.caths.cz\/wordpress\/wp-content\/uploads\/2015\/07\/038-300x291.jpg 300w, https:\/\/www.caths.cz\/wordpress\/wp-content\/uploads\/2015\/07\/038-120x116.jpg 120w, https:\/\/www.caths.cz\/wordpress\/wp-content\/uploads\/2015\/07\/038.jpg 1069w\" sizes=\"auto, (max-width: 600px) 100vw, 600px\" \/><\/a><\/p>\n<p><a href=\"http:\/\/www.caths.cz\/wordpress\/wp-content\/uploads\/2015\/07\/061.jpg\"><img loading=\"lazy\" decoding=\"async\" class=\"alignnone size-large wp-image-20765\" src=\"http:\/\/www.caths.cz\/wordpress\/wp-content\/uploads\/2015\/07\/061-1024x829.jpg\" alt=\"061\" width=\"600\" height=\"486\" srcset=\"https:\/\/www.caths.cz\/wordpress\/wp-content\/uploads\/2015\/07\/061-1024x829.jpg 1024w, https:\/\/www.caths.cz\/wordpress\/wp-content\/uploads\/2015\/07\/061-300x243.jpg 300w, https:\/\/www.caths.cz\/wordpress\/wp-content\/uploads\/2015\/07\/061-120x97.jpg 120w, https:\/\/www.caths.cz\/wordpress\/wp-content\/uploads\/2015\/07\/061.jpg 1143w\" sizes=\"auto, (max-width: 600px) 100vw, 600px\" \/><\/a><\/p>\n<p>&nbsp;<\/p>\n<p><a href=\"http:\/\/www.caths.cz\/wordpress\/wp-content\/uploads\/2015\/07\/066.jpg\"><img loading=\"lazy\" decoding=\"async\" class=\"alignnone size-large wp-image-20766\" src=\"http:\/\/www.caths.cz\/wordpress\/wp-content\/uploads\/2015\/07\/066-1024x683.jpg\" alt=\"066\" width=\"600\" height=\"400\" srcset=\"https:\/\/www.caths.cz\/wordpress\/wp-content\/uploads\/2015\/07\/066-1024x683.jpg 1024w, https:\/\/www.caths.cz\/wordpress\/wp-content\/uploads\/2015\/07\/066-300x200.jpg 300w, https:\/\/www.caths.cz\/wordpress\/wp-content\/uploads\/2015\/07\/066-120x80.jpg 120w, https:\/\/www.caths.cz\/wordpress\/wp-content\/uploads\/2015\/07\/066.jpg 1166w\" sizes=\"auto, (max-width: 600px) 100vw, 600px\" \/><\/a><\/p>\n<p><a href=\"http:\/\/www.caths.cz\/wordpress\/wp-content\/uploads\/2015\/07\/076.jpg\"><img loading=\"lazy\" decoding=\"async\" class=\"alignnone size-large wp-image-20767\" src=\"http:\/\/www.caths.cz\/wordpress\/wp-content\/uploads\/2015\/07\/076-1024x736.jpg\" alt=\"076\" width=\"600\" height=\"431\" srcset=\"https:\/\/www.caths.cz\/wordpress\/wp-content\/uploads\/2015\/07\/076-1024x736.jpg 1024w, https:\/\/www.caths.cz\/wordpress\/wp-content\/uploads\/2015\/07\/076-300x216.jpg 300w, https:\/\/www.caths.cz\/wordpress\/wp-content\/uploads\/2015\/07\/076-120x86.jpg 120w, https:\/\/www.caths.cz\/wordpress\/wp-content\/uploads\/2015\/07\/076.jpg 1093w\" sizes=\"auto, (max-width: 600px) 100vw, 600px\" \/><\/a><\/p>\n<p><a href=\"http:\/\/www.caths.cz\/wordpress\/wp-content\/uploads\/2015\/07\/104.jpg\"><img loading=\"lazy\" decoding=\"async\" class=\"alignnone size-large wp-image-20768\" src=\"http:\/\/www.caths.cz\/wordpress\/wp-content\/uploads\/2015\/07\/104-1024x683.jpg\" alt=\"104\" width=\"600\" height=\"400\" srcset=\"https:\/\/www.caths.cz\/wordpress\/wp-content\/uploads\/2015\/07\/104-1024x683.jpg 1024w, https:\/\/www.caths.cz\/wordpress\/wp-content\/uploads\/2015\/07\/104-300x200.jpg 300w, https:\/\/www.caths.cz\/wordpress\/wp-content\/uploads\/2015\/07\/104-120x80.jpg 120w, https:\/\/www.caths.cz\/wordpress\/wp-content\/uploads\/2015\/07\/104.jpg 1166w\" sizes=\"auto, (max-width: 600px) 100vw, 600px\" \/><\/a><\/p>\n<p><a href=\"http:\/\/www.caths.cz\/wordpress\/wp-content\/uploads\/2015\/07\/111.jpg\"><img loading=\"lazy\" decoding=\"async\" class=\"alignnone size-large wp-image-20769\" src=\"http:\/\/www.caths.cz\/wordpress\/wp-content\/uploads\/2015\/07\/111-1024x683.jpg\" alt=\"111\" width=\"600\" height=\"400\" srcset=\"https:\/\/www.caths.cz\/wordpress\/wp-content\/uploads\/2015\/07\/111-1024x683.jpg 1024w, https:\/\/www.caths.cz\/wordpress\/wp-content\/uploads\/2015\/07\/111-300x200.jpg 300w, https:\/\/www.caths.cz\/wordpress\/wp-content\/uploads\/2015\/07\/111-120x80.jpg 120w, https:\/\/www.caths.cz\/wordpress\/wp-content\/uploads\/2015\/07\/111.jpg 1166w\" sizes=\"auto, (max-width: 600px) 100vw, 600px\" \/><\/a><\/p>\n<p>&nbsp;<\/p>\n<p><a href=\"http:\/\/www.caths.cz\/wordpress\/wp-content\/uploads\/2015\/07\/116.jpg\"><img loading=\"lazy\" decoding=\"async\" class=\"alignnone size-large wp-image-20770\" src=\"http:\/\/www.caths.cz\/wordpress\/wp-content\/uploads\/2015\/07\/116-1024x647.jpg\" alt=\"116\" width=\"600\" height=\"379\" srcset=\"https:\/\/www.caths.cz\/wordpress\/wp-content\/uploads\/2015\/07\/116-1024x647.jpg 1024w, https:\/\/www.caths.cz\/wordpress\/wp-content\/uploads\/2015\/07\/116-300x190.jpg 300w, https:\/\/www.caths.cz\/wordpress\/wp-content\/uploads\/2015\/07\/116-120x76.jpg 120w, https:\/\/www.caths.cz\/wordpress\/wp-content\/uploads\/2015\/07\/116.jpg 1084w\" sizes=\"auto, (max-width: 600px) 100vw, 600px\" \/><\/a><\/p>\n<p><a href=\"http:\/\/www.caths.cz\/wordpress\/wp-content\/uploads\/2015\/07\/136.jpg\"><img loading=\"lazy\" decoding=\"async\" class=\"alignnone size-large wp-image-20771\" src=\"http:\/\/www.caths.cz\/wordpress\/wp-content\/uploads\/2015\/07\/136-758x1024.jpg\" alt=\"136\" width=\"600\" height=\"811\" srcset=\"https:\/\/www.caths.cz\/wordpress\/wp-content\/uploads\/2015\/07\/136-758x1024.jpg 758w, https:\/\/www.caths.cz\/wordpress\/wp-content\/uploads\/2015\/07\/136-222x300.jpg 222w, https:\/\/www.caths.cz\/wordpress\/wp-content\/uploads\/2015\/07\/136-89x120.jpg 89w, https:\/\/www.caths.cz\/wordpress\/wp-content\/uploads\/2015\/07\/136.jpg 1093w\" sizes=\"auto, (max-width: 600px) 100vw, 600px\" \/><\/a><\/p>\n","protected":false},"excerpt":{"rendered":"<a href=\"https:\/\/www.caths.cz\/wordpress\/dalsi-zlato-a-dva-bronzy-na-konte-ceskych-cyklistu\/\"><img width=\"100\" height=\"100\" src=\"https:\/\/www.caths.cz\/wordpress\/wp-content\/uploads\/2015\/07\/011-100x100.jpg\" class=\"alignleft tfe wp-post-image\" alt=\"\" decoding=\"async\" loading=\"lazy\" srcset=\"https:\/\/www.caths.cz\/wordpress\/wp-content\/uploads\/2015\/07\/011-100x100.jpg 100w, https:\/\/www.caths.cz\/wordpress\/wp-content\/uploads\/2015\/07\/011-150x150.jpg 150w\" sizes=\"auto, (max-width: 100px) 100vw, 100px\" \/><\/a><p>Sv\u011btov\u00fd poh\u00e1r handicapovan\u00fdch cyklist\u016f pokra\u010doval silni\u010dn\u00edm z\u00e1vodem, ve kter\u00e9m se op\u011bt \u010de\u0161t\u00ed z\u00e1vodn\u00edci bl\u00fdskli hned n\u011bkolika cenn\u00fdmi kovy, \u010d\u00edm\u017e se \u010cesk\u00e1 republika dostala na pr\u016fb\u011b\u017en\u00e9 \u0161est\u00e9 m\u00edsto v hodnocen\u00ed n\u00e1rod\u016f. [&hellip;]<\/p>\n","protected":false},"author":1,"featured_media":20763,"comment_status":"closed","ping_status":"closed","sticky":false,"template":"","format":"standard","meta":{"ngg_post_thumbnail":0,"footnotes":""},"categories":[2,9],"tags":[],"class_list":["post-20762","post","type-post","status-publish","format-standard","has-post-thumbnail","hentry","category-cyklistika","category-handbike"],"_links":{"self":[{"href":"https:\/\/www.caths.cz\/wordpress\/wp-json\/wp\/v2\/posts\/20762","targetHints":{"allow":["GET"]}}],"collection":[{"href":"https:\/\/www.caths.cz\/wordpress\/wp-json\/wp\/v2\/posts"}],"about":[{"href":"https:\/\/www.caths.cz\/wordpress\/wp-json\/wp\/v2\/types\/post"}],"author":[{"embeddable":true,"href":"https:\/\/www.caths.cz\/wordpress\/wp-json\/wp\/v2\/users\/1"}],"replies":[{"embeddable":true,"href":"https:\/\/www.caths.cz\/wordpress\/wp-json\/wp\/v2\/comments?post=20762"}],"version-history":[{"count":1,"href":"https:\/\/www.caths.cz\/wordpress\/wp-json\/wp\/v2\/posts\/20762\/revisions"}],"predecessor-version":[{"id":20772,"href":"https:\/\/www.caths.cz\/wordpress\/wp-json\/wp\/v2\/posts\/20762\/revisions\/20772"}],"wp:featuredmedia":[{"embeddable":true,"href":"https:\/\/www.caths.cz\/wordpress\/wp-json\/wp\/v2\/media\/20763"}],"wp:attachment":[{"href":"https:\/\/www.caths.cz\/wordpress\/wp-json\/wp\/v2\/media?parent=20762"}],"wp:term":[{"taxonomy":"category","embeddable":true,"href":"https:\/\/www.caths.cz\/wordpress\/wp-json\/wp\/v2\/categories?post=20762"},{"taxonomy":"post_tag","embeddable":true,"href":"https:\/\/www.caths.cz\/wordpress\/wp-json\/wp\/v2\/tags?post=20762"}],"curies":[{"name":"wp","href":"https:\/\/api.w.org\/{rel}","templated":true}]}}