{"id":2075,"date":"2011-11-17T03:00:33","date_gmt":"2011-11-17T02:00:33","guid":{"rendered":"http:\/\/www.caths.cz\/wordpress\/?p=2075"},"modified":"2011-11-17T03:00:33","modified_gmt":"2011-11-17T02:00:33","slug":"michal-stark","status":"publish","type":"post","link":"https:\/\/www.caths.cz\/wordpress\/michal-stark\/","title":{"rendered":"Michal Stark&#8230;"},"content":{"rendered":"<p align=\"justify\">\nP\u0159edstavovat Michala Starka by asi bylo zbyte\u010dn\u00e9. Exkluz\u00edvn\u00ed rozhovor pro www.caths.cz p\u0159in\u00e1\u0161\u00ed odpov\u011bdi i na ot\u00e1zky, kter\u00e9 doposud nebyly zve\u0159ejn\u011bny.<\/p>\n<p align=\"justify\"> <strong> 1) Jak se Ti da\u0159\u00ed po \u00faraze, m\u016f\u017ee\u0161 u\u017e plnohodnotn\u011b tr\u00e9novat?<\/strong><\/p>\n<p><em> Na\u0161t\u011bst\u00ed u\u017e ano. S postupn\u00fdm tr\u00e9ninkem, l\u00e9pe \u0159e\u010deno popoj\u00ed\u017ed\u011bn\u00edm, jsem za\u010dal relativn\u011b brzo. Celou dobu l\u00e9\u010dby jsem byl pod pe\u010dliv\u00fdm odborn\u00fdm dozorem na\u0161ich reprezenta\u010dn\u00edch l\u00e9ka\u0159\u016f v Motole, konkr\u00e9tn\u011b doktora Kryla. D\u00edky n\u011bmu jsem v\u011bd\u011bl kdy a v jak\u00e9 m\u00ed\u0159e m\u016f\u017eu za\u010d\u00edt zat\u011b\u017eovat sv\u00e9 pochrouman\u00e9 t\u011blo. V sou\u010dasn\u00e9 dob\u011b u\u017e jsem schopn\u00fd absolvovat dr\u00e1hov\u00e9 tr\u00e9ninky. S tren\u00e9rem Viktorem Zapletalem, nejenom na tr\u00e9ninku, pravideln\u011b konzultujeme tr\u00e9ninkov\u00e9 d\u00e1vky, kter\u00e9 postupn\u011b navy\u0161ujeme p\u0159edev\u0161\u00edm v intenzit\u011b.<br \/> Jedin\u00fd probl\u00e9m, kter\u00fd m\u011b nyn\u00ed handicapuje, je stav pah\u00fdlu. P\u0159i nehod\u011b dostal siln\u00fd n\u00e1raz a st\u00e1le je natolik citliv\u00fd, \u017ee se nedok\u00e1\u017eu dostat do prot\u00e9zy. Na\u0161t\u011bst\u00ed m\u011b tato skute\u010dnost neomezuje po cyklistick\u00e9 str\u00e1nce. Jezd\u00edm tedy bu\u010f na kole, nebo se pohybuji o berl\u00edch. <\/em><\/p>\n<p><strong> 2) Tiskem prol\u00e9tla fotografie Tv\u00e9ho kola, kter\u00e9 nep\u0159e\u017eilo st\u0159et s autem. Jak\u00e9 kolo m\u00e1\u0161 nyn\u00ed?<\/strong><\/p>\n<p><em> Jako spr\u00e1vn\u00fd cyklista jsem se po nehod\u011b staral nejd\u0159\u00edve o sv\u016fj z\u00e1vodn\u00ed stroj, kter\u00fd to bohu\u017eel nep\u0159e\u017eil. Dva t\u00fddny &#8222;star\u00fd&#8220; silni\u010dn\u00ed speci\u00e1l jsem naprosto zru\u0161il a ud\u011blal jsem z n\u011bj skl\u00e1da\u010dku do batohu. L\u00e9pe \u0159e\u010deno vin\u00edk nehody n\u00e1s zru\u0161il oba &#8211; m\u011b i kolo!<br \/> Mrzelo m\u011b to o to v\u00edce, \u017ee se jednalo o speci\u00e1ln\u011b vyroben\u00e9 kolo pro m\u011b s designem v n\u00e1rodn\u00edch barv\u00e1ch&#8230; Zna\u010dka Apache velmi rychle zareagovala a poskytla mi nov\u00e9 silni\u010dn\u00ed kolo &#8211; celokarbonov\u00fd model Apache Gila Monster osazen\u00fd sadou Shimano Dura Ace. Hmotnost kola je 6,6kg&#8230;<\/em><\/p>\n<p><strong> 3) Je ti 46 let a st\u00e1le pat\u0159\u00ed\u0161 k absolutn\u00ed sv\u011btov\u00e9 \u0161pi\u010dce. Na ja\u0159e jsi v Montichiari vylep\u0161il sv\u016fj osobn\u00ed a z\u00e1rove\u0148 i \u010desk\u00fd rekord na sv\u011btov\u00fdch 3:57.968 ve st\u00edha\u010dce a 1:19.466 na pevn\u00fd kilometr. Jak\u00e9 je tajemstv\u00ed Tv\u00e9 sportovn\u00ed dlouhov\u011bkosti?<\/strong><\/p>\n<p><em><img decoding=\"async\" src=\"\/wordpress\/image\/k_clankum\/stark_r2.JPG\" ALIGN=\"right\" HSPACE=5 VSPACE=5\"> Ta \u010d\u00edslovka v kolonce m\u00e9ho v\u011bku je z\u00e1vratn\u00e1, ale j\u00e1 si ji nep\u0159ipou\u0161t\u00edm. A\u010dkoliv je pravda, \u017ee mezi paralympijsk\u00fdmi cyklisty jsem jedin\u00fdm, kter\u00fd startoval u\u017e na paralympi\u00e1d\u011b v Barcelon\u011b &#8211; pro pam\u011btn\u00edky 1992&#8230;<br \/>Na druhou stranu zase a\u017e tak opot\u0159ebovan\u00fdm cyklistou nejsem, proto\u017ee se z\u00e1vodn\u00ed cyklistice v\u011bnuji a\u017e od sv\u00fdch 24 let. P\u0159ed t\u00edm jsem z\u00e1vodn\u011b ly\u017eoval.<br \/> Ano v italsk\u00e9m Montichiari mi mistrovsk\u00e9 z\u00e1vody vy\u0161ly n\u00e1ramn\u011b. Zajel jsem si osob\u00e1k ve st\u00edha\u010dce a dokonce i v pevn\u00e9m kilometru. Kupodivu je to u m\u011b trend a\u017e v posledn\u00edch letech a nejeden odborn\u00edk se div\u00ed, jak je to mo\u017en\u00e9, \u017ee se zlep\u0161uji rychlostn\u011b na star\u00e9 koleno. J\u00e1 se domn\u00edv\u00e1m, \u017ee se nejedn\u00e1 a\u017e o takov\u00fd z\u00e1zrak. I s ohledem na to, \u017ee jsem schopn\u00fd jezdit na t\u00e9 nejvy\u0161\u0161\u00ed \u00farovni i silni\u010dn\u00ed discipliny, je z\u0159ejm\u00e9, \u017ee je to jen a jen o tr\u00e9ninku. Ur\u010dit\u011b m\u00e1m \u0161t\u011bst\u00ed na tren\u00e9rsk\u00e9 veden\u00ed a neot\u0159el\u00e9 formy tr\u00e9ninku. Ne, \u017ee bych byl zrovna tr\u00e9ninkov\u00fd typ, ale uv\u011bdomuji si, \u017ee bez n\u00e1ro\u010dn\u00e9 p\u0159\u00edpravy nem\u00e1m na z\u00e1vodech \u0161anci na dobr\u00e9 um\u00edst\u011bn\u00ed. <br \/>Z\u00e1sadn\u00ed tajemstv\u00ed m\u00e9 sportovn\u00ed dlouhov\u011bkosti je prost\u00e9 &#8211; cyklistika, hlavn\u011b v t\u00e9 z\u00e1vodn\u00ed podob\u011b m\u011b st\u00e1le nesm\u00edrn\u011b bav\u00ed!<\/em><\/p>\n<p><strong> 4) Pat\u0159\u00ed\u0161 k v\u00fdrazn\u00fdm osobnostem \u010desk\u00e9ho paralympionismu. Byl jsi jedn\u00edm z aktivist\u016f sporu v \u010desk\u00e9m paralympionismu, kter\u00fd trv\u00e1 u\u017e neuv\u011b\u0159iteln\u00fdch 6 let, roze\u0161el ses s reprezenta\u010dn\u00edm t\u00fdmem a sv\u00fdm tren\u00e9rem Viktorem Zapletalem, ov\u0161em v roce 2009 jste dosp\u011bli k dohod\u011b a dnes jsi oporou \u010desk\u00e9 reprezentace, op\u011bt jsi \u010dlenem \u00fasp\u011b\u0161n\u00e9 tr\u00e9ninkov\u00e9 skupiny Viktora Zapletala, voz\u00ed\u0161 medaile z mistrovstv\u00ed sv\u011bta a tak\u00e9 jsi \u010dlenem \u010cATHS.<br \/> Asi nikde dosud nebyl publikov\u00e1n Tv\u016fj koment\u00e1\u0159 k t\u011bmto t\u00e9mat\u016fm&#8230;<\/strong><\/p>\n<p><em> Moje prvn\u00ed reakce na tuto ot\u00e1zku byla &#8222;No comment&#8220;. Ale nakonec si \u0159\u00edk\u00e1m pro\u010d ne. Je pravda, \u017ee jsem se k m\u00e9mu n\u00e1vratu vyj\u00e1d\u0159il p\u0159ed p\u00e1r lety velmi stru\u010dn\u011b, a\u017e povrchn\u011b. <br \/>Nev\u00edm, zda-li bych se nazval aktivistou sporu v paralympijsk\u00e9m hnut\u00ed, ale ur\u010ditou tv\u00e1\u0159\u00ed jsem asi byl. To nem\u016f\u017eu pop\u0159\u00edt. <br \/><img decoding=\"async\" src=\"\/wordpress\/image\/k_clankum\/stark_r1.JPG\" ALIGN=\"right\" HSPACE=5 VSPACE=5\">Stav po paralympijsk\u00fdch hr\u00e1ch v At\u00e9n\u00e1ch a stav ve kter\u00fd cel\u00fd spor eskaloval b\u011bhem let se nedaj\u00ed v\u016fbec porovnat. V\u016fbec jsem netu\u0161il co to vzedme za v\u00e1\u0161n\u011b a nen\u00e1vist a\u017e za hrob na v\u0161ech stran\u00e1ch. J\u00e1 jsem st\u00e1le v\u011b\u0159il v dohodu a necht\u011bl jsem \u010dinit un\u00e1hlen\u00e9 rozhodnut\u00ed, kter\u00e9ho bych pozd\u011bji litoval. Pro\u017eil jsem si jistou dobu mimo reprezentaci. P\u0159i\u0161el jsem tak o MS v Bordeaux (2007) a p\u0159edev\u0161\u00edm paralympijsk\u00fd Peking (2008). Dv\u011b sez\u00f3ny mo\u017en\u00e1 m\u00e9 \u017eivotn\u00ed formy. Nikoho z toho v\u0161ak nemohu vinit. Rozhodnut\u00ed bylo jen m\u00e9. <br \/>S odstupem let vid\u00edm ud\u00e1losti v jin\u00e9 perspektiv\u011b, ale to na v\u011bci nic nem\u011bn\u00ed. V roce 2009 jsem dosp\u011bl k p\u0159esv\u011bd\u010den\u00ed, \u017ee mus\u00edm ud\u011blat z\u00e1sadn\u00ed rozhodnut\u00ed. Bylo z\u0159ejm\u00e9, \u017ee ukon\u010den\u00ed sporu nen\u00ed na spadnut\u00ed a mn\u011b ut\u00edkal sportovn\u00ed \u017eivot m\u00edlov\u00fdmi kroky. K p\u0159ehodnocen\u00ed m\u00e9 situace m\u011b v jist\u00e9m sm\u011bru p\u0159esv\u011bd\u010dovali i v Dukle Praha, m\u00e9m mate\u0159sk\u00e9m t\u00fdmu. V\u011bd\u011bl jsem, \u017ee jsou jen dv\u011b mo\u017enosti &#8211; ukon\u010den\u00ed aktivity vrcholov\u00e9ho sportovce, nebo vstup do \u010cATHS a n\u00e1vrat do \u010desk\u00e9 reprezentace. Mus\u00edm se p\u0159iznat, \u017ee se mi ten krok ne\u010dinil snadn\u011b. Ob\u00e1val jsem se, \u017ee pro mnoh\u00e9 budu bu\u010f zr\u00e1dcem, nebo srabem. Nev\u011bd\u011bl jsem tak\u00e9, jak m\u011b p\u0159ijme velmi omlazen\u00fd t\u00fdm a hlavn\u011b jestli najdeme s Viktorem Zapletalem op\u011bt k sob\u011b cestu. K m\u00e9 \u00falev\u011b a mo\u017en\u00e1 i p\u0159ekvapen\u00ed si v\u0161e postupn\u011b sedlo a nemo\u017en\u00e9 se poda\u0159ilo. M\u00e1m z toho dobr\u00fd pocit!<\/em><\/p>\n<p><strong> 5) Jsi bezkonkuren\u010dn\u011b nejstar\u0161\u00edm \u010dlenem reprezenta\u010dn\u00edho t\u00fdmu t\u011blesn\u011b a zrakov\u011b handicapovan\u00fdch cyklist\u016f a nap\u0159\u00edklad vych\u00e1zej\u00edc\u00ed hv\u011bzda Tereza Diepoldov\u00e1 by klidn\u011b mohla b\u00fdt tvou dcerou. V t\u00fdmu ti \u0159\u00edkaj\u00ed &#8222;D\u011bdo&#8220;, tr\u00e1v\u00edte spolu mnoho m\u011bs\u00edc\u016f v roce na dlouh\u00fdch cest\u00e1ch a pokud zrovna nez\u00e1vod\u00edte, m\u00e1te spole\u010dn\u00e9 tr\u00e9ninky n\u011bkolikr\u00e1t t\u00fddn\u011b. Jak\u00fd je sou\u010dasn\u00fd t\u00fdm t\u011blesn\u011b a zrakov\u011b handicapovan\u00fdch cyklist\u016f?<\/strong><\/p>\n<p><em> Atmosf\u00e9ra v reprezenta\u010dn\u00edm t\u00fdmu se v\u016fbec ned\u00e1 porovnat. Kdy\u017e jsem opou\u0161t\u011bl reprezentaci, byla v \u00fapln\u011b jin\u00e9m slo\u017een\u00ed a zdaleka spolu netr\u00e1vila tolik \u010dasu. S tehdej\u0161\u00edmi reprezenta\u010dn\u00edmi kolegy jsme si byli v\u011bkov\u011b daleko bl\u00ed\u017ee a nikdo by nemohl b\u00fdt m\u00fdm potomkem&#8230;<br \/> A\u010dkoliv d\u011bl\u00e1m skoro cel\u00fd \u017eivot individu\u00e1ln\u00ed sport, je pro m\u011b t\u00fdm nesm\u00edrn\u011b d\u016fle\u017eit\u00fd a atmosf\u00e9ra v n\u011bm ovliv\u0148uje do jist\u00e9 m\u00edry m\u016fj v\u00fdkon. Mus\u00edm konstatovat, \u017ee se t\u011b\u0161\u00edm nejenom na z\u00e1vody, ale pr\u00e1v\u011b i na partu. Nepanuje mezi n\u00e1mi nezdrav\u00e1 \u0159evnivost a jsme si schopni vz\u00e1jemn\u011b pomoci. Vedle na\u0161ich mlad\u00fdch z\u00e1vodn\u00edk\u016f se nem\u016f\u017eu chovat jako star\u00fd p\u00e1prda \ud83d\ude42<br \/> Cel\u00fd repre t\u00fdm, v\u010detn\u011b realiza\u010dn\u00edho z\u00e1zem\u00ed, se v\u00fdrazn\u011b posunul a v sou\u010dasnosti funguje podobn\u011b, jako klasick\u00e9 profesion\u00e1ln\u00ed formace.<\/em><\/p>\n<p><strong> 6) Reprezenta\u010dn\u00ed t\u00fdm t\u011blesn\u011b a zrakov\u011b handicapovan\u00fdch cyklist\u016f je d\u00edky \u010detn\u00fdm partner\u016fm a sponzor\u016fm \u0161pi\u010dkov\u011b vybaven. M\u016f\u017ee\u0161 srovnat sv\u00e9 cyklistick\u00e9 za\u010d\u00e1tky p\u0159ed 17 lety a sou\u010dasn\u00fd stav?<\/strong><\/p>\n<p><em> Kdyby p\u0159ed 17 lety&#8230; j\u00e1 jsem trochu v\u00e1\u017en\u011bji za\u010d\u00ednal s cyklistikou u\u017e v roce 1989 a od roku 1990 z\u00e1vod\u00edm! Porovn\u00e1n\u00ed je docela \u00fasm\u011bvn\u00e9. J\u00e1 jsem za\u010d\u00ednal na \u017eelezn\u00e9m favoritovi, kter\u00fd v\u00e1\u017eil skoro jako legend\u00e1rn\u00ed ukrajina. Tr\u00e9noval jsem podle pocitu &#8211; \u010d\u00edm v\u00edce, t\u00edm l\u00e9pe. Troufal jsem si na neuv\u011b\u0159iteln\u00e9 v\u011bci &#8211; 345 km b\u011bhem jednoho dne! (to by m\u011b asi v dne\u0161n\u00ed dob\u011b tren\u00e9r Viktor zabil, proto\u017ee jsem se samoz\u0159ejm\u011b zlikvidoval na dal\u0161\u00ed m\u011bs\u00edc). Kombinoval jsem je\u0161t\u011b do roku 1994 cyklistiku se sjezdov\u00fdm ly\u017eov\u00e1n\u00edm. P\u0159i sou\u010dasn\u00e9m rozvrhu sez\u00f3ny, kdy kombinuji silnici s dr\u00e1hou a vlastn\u011b zimn\u00ed sez\u00f3na je dr\u00e1hovou, je kombinace s jin\u00fdm dal\u0161\u00edm vrcholov\u00fdm sportem naprosto vylou\u010den\u00e1.<br \/><img decoding=\"async\" src=\"\/wordpress\/image\/k_clankum\/stark_r3.jpg\" ALIGN=\"right\" HSPACE=5 VSPACE=5\"> V dob\u011b m\u00fdch cyklo za\u010d\u00e1tk\u016f byl trochu odli\u0161n\u00fd syst\u00e9m sout\u011b\u017e\u00ed a z\u00e1vod\u016f bylo o cosi m\u00e9n\u011b. Mistrovstv\u00ed sv\u011bta se konalo jednou za \u010dty\u0159i roky. P\u0159ipo\u010dtu-li k tomu mistrovstv\u00ed Evropy a paralympi\u00e1dy, v\u011bt\u0161inou vych\u00e1zela na ka\u017ed\u00fd rok n\u011bjak\u00e1 vrcholn\u00e1 cyklistick\u00e1 ud\u00e1lost.<br \/> Samoz\u0159ejm\u011b, \u017ee \u0161lo v\u0161e kvalitativn\u011b nahoru. Nemysl\u00edm si, \u017ee a\u017e tak diametr\u00e1ln\u011b samotn\u00e9 v\u00fdkony z\u00e1vodn\u00edk\u016f &#8211; ur\u010dit\u011b se obrovsky posunuly v\u00fdkony na dr\u00e1ze (v paralympijsk\u00e9 cyklistice na programu teprve od roku 1994), ale to sp\u00ed\u0161e vzhledem k tomu, \u017ee se daleko v\u00edce na velodromech tr\u00e9nuje a pou\u017e\u00edv\u00e1 se \u0161pi\u010dkov\u00fd velomateri\u00e1l. <br \/>Kdy\u017e jsem v devades\u00e1t\u00fdch letech absolvoval \u010dasovku v pr\u016fm\u011brn\u00e9 rychlosti nad 39km\/h pravd\u011bpodobn\u011b jsem ji vyhr\u00e1l. V sou\u010dasnosti nemus\u00ed ani 40ti kilometrov\u00e1 rychlost sta\u010dit na bednu&#8230; <br \/>Co se v\u0161ak ned\u00e1 porovnat jsou podm\u00ednky! Po\u010d\u00ednaje materi\u00e1ln\u00edm vybaven\u00edm reprezenta\u010dn\u00edho t\u00fdmu, a\u017e po mo\u017enosti regenerace!<br \/> Velmi v\u00fdrazn\u011b se zm\u011bnily principy fungov\u00e1n\u00ed paracyklistiky. Sice u\u017e i za rann\u00fdch let spolupracoval IPC (Mezin\u00e1rodn\u00ed paralympijsk\u00fd v\u00fdbor) s UCI (Mezin\u00e1rodn\u00ed cyklistick\u00e1 unie) na po\u0159\u00e1d\u00e1n\u00ed z\u00e1vod\u016f a za\u0161t\u00edt\u011bn\u00ed cyklistiky, v\u010detn\u011b povinn\u00e9 cyklistick\u00e9 licence pro z\u00e1vodn\u00edky. Ale teprve a\u017e po za\u010dlen\u011bn\u00ed pod UCI m\u00e1 paracyklistika toto\u017enou tv\u00e1\u0159 s b\u011b\u017en\u00fdmi profesion\u00e1ln\u00edmi z\u00e1vody. Z cyklistiky v para pod\u00e1n\u00ed se stal presti\u017en\u00ed sport!<\/em><\/p>\n<p><strong> 7) Jsi \u010deskou medailovou nad\u011bj\u00ed pro paralympi\u00e1du v Lond\u00fdn\u011b 2012. V\u0161ichni v\u00edme, \u017ee na trati dok\u00e1\u017ee\u0161 nechat i posledn\u00ed zbytky sil. Jak lond\u00fdnsk\u00fd z\u00e1vod vid\u00ed\u0161 ty, jsi u\u017e nyn\u00ed nerv\u00f3zn\u00ed nebo naopak bojovn\u011b nalad\u011bn\u00fd s t\u00edm, \u017ee nem\u00e1\u0161 co ztratit?<\/strong><\/p>\n<p><em> P\u0159edev\u0161\u00edm bych na paralympi\u00e1du v Lond\u00fdn\u011b r\u00e1d odjel naprosto \u0161pi\u010dkov\u011b p\u0159ipraven\u00fd a p\u0159edev\u0161\u00edm zdrav\u00fd. Mysl\u00edm, \u017ee j\u00e1 i tren\u00e9r Viktor Zapletal v\u00edme, kde je moje hlavn\u00ed dom\u00e9na. Na dr\u00e1ze ve st\u00edha\u010dce a na silnici v \u010dasovce. V t\u011bchto disciplin\u00e1ch bych se cht\u011bl poprat o medaile. <br \/>P\u0159i avizovan\u00e9m slou\u010den\u00ed kategori\u00ed C1, C2 a C3 v pevn\u00e9m kilometru, nem\u00e1m sebemen\u0161\u00ed nad\u011bji na p\u0159edn\u00ed um\u00edst\u011bn\u00ed &#8211; ale to nen\u00ed m\u00e1 favorizovan\u00e1 disciplina. <br \/>Kde m\u011b slou\u010den\u00ed velmi mrz\u00ed, je silni\u010dn\u00ed z\u00e1vod. Za norm\u00e1ln\u00edho syst\u00e9mu bych si i tady troufal na p\u011bkn\u00fd v\u00fdsledek. Po\u0159\u00e1d v koutku mysli v\u011b\u0159\u00edm, \u017ee UCI a IPC p\u0159ehodnot\u00ed sv\u00e9 rozhodnut\u00ed a vr\u00e1t\u00ed z\u00e1vodu spravedlivou tv\u00e1\u0159. Utk\u00e1vat se o medaile s dvounoh\u00fdmi C3 je pro n\u00e1s jednono\u017ece nesmysl a p\u0159edem prohran\u00e1 bitva.<br \/> Samoz\u0159ejm\u011b, \u017ee \u010d\u00edm se Lond\u00fdn bl\u00ed\u017e\u00ed, t\u00edm v\u00edce si uv\u011bdomuji, \u017ee m\u011b \u010dek\u00e1 mo\u017en\u00e1 vrchol kari\u00e9ry. Jeden paralympijsk\u00fd bronz m\u00e1m, ale ten je u\u017e tak\u00e9 zapr\u00e1\u0161en\u00fd&#8230; <\/em><\/p>\n<p><strong> 8) Letn\u00ed paralympijsk\u00e9 hry Rio de Janeiro a Michal Stark?!<\/strong><\/p>\n<p><em> Chce se mi \u0159\u00edci ani n\u00e1hodou. To jsem ale \u0159\u00edkal skoro po ka\u017ed\u00e9 paralympi\u00e1d\u011b. Musel by nastat z\u00e1zrak, abych si udr\u017eel formu, zdrav\u00ed a motivaci. Byl bych skute\u010dn\u011b u\u017e cyklistick\u00fdm Metuzal\u00e9mem. I kdy\u017e, m\u016fj \u0161pan\u011blsk\u00fd soupe\u0159 Antonio Garcia je ro\u010dn\u00edk 56 \ud83d\ude09 &#8230;<\/em><\/p>\n<p><strong> 9) Vzk\u00e1\u017ee\u0161 pros\u00edm n\u011bco \u010dten\u00e1\u0159\u016fm www.caths.cz?<\/strong><\/p>\n<p><em> Sportovc\u016fm p\u0159eji hodn\u011b sil a sportovn\u00edho \u0161t\u011bst\u00ed, aby se n\u00e1s na paralympijsk\u00e9 i olympijsk\u00e9 hry co nejv\u00edce nominovalo. Fanou\u0161ky a p\u0159\u00edznivce pros\u00edm, aby nejen v Lond\u00fdn\u011b dr\u017eeli p\u011bsti! <\/em><\/p>\n","protected":false},"excerpt":{"rendered":"<a href=\"https:\/\/www.caths.cz\/wordpress\/michal-stark\/\"><img loading=\"lazy\" decoding=\"async\" width=\"100\" height=\"100\" src=\"https:\/\/www.caths.cz\/wordpress\/wp-content\/plugins\/thumbnail-for-excerpts\/tfe_no_thumb.png\" class=\"alignleft wp-post-image tfe\" alt=\"\" title=\"\" \/><\/a><p>P\u0159edstavovat Michala Starka by asi bylo zbyte\u010dn\u00e9. Exkluz\u00edvn\u00ed rozhovor pro www.caths.cz p\u0159in\u00e1\u0161\u00ed odpov\u011bdi i na ot\u00e1zky, kter\u00e9 doposud nebyly zve\u0159ejn\u011bny. 1) Jak se Ti da\u0159\u00ed po \u00faraze, m\u016f\u017ee\u0161 u\u017e plnohodnotn\u011b [&hellip;]<\/p>\n","protected":false},"author":1,"featured_media":0,"comment_status":"closed","ping_status":"closed","sticky":false,"template":"","format":"standard","meta":{"ngg_post_thumbnail":0,"footnotes":""},"categories":[16],"tags":[],"class_list":["post-2075","post","type-post","status-publish","format-standard","hentry","category-rozhovory"],"_links":{"self":[{"href":"https:\/\/www.caths.cz\/wordpress\/wp-json\/wp\/v2\/posts\/2075","targetHints":{"allow":["GET"]}}],"collection":[{"href":"https:\/\/www.caths.cz\/wordpress\/wp-json\/wp\/v2\/posts"}],"about":[{"href":"https:\/\/www.caths.cz\/wordpress\/wp-json\/wp\/v2\/types\/post"}],"author":[{"embeddable":true,"href":"https:\/\/www.caths.cz\/wordpress\/wp-json\/wp\/v2\/users\/1"}],"replies":[{"embeddable":true,"href":"https:\/\/www.caths.cz\/wordpress\/wp-json\/wp\/v2\/comments?post=2075"}],"version-history":[{"count":0,"href":"https:\/\/www.caths.cz\/wordpress\/wp-json\/wp\/v2\/posts\/2075\/revisions"}],"wp:attachment":[{"href":"https:\/\/www.caths.cz\/wordpress\/wp-json\/wp\/v2\/media?parent=2075"}],"wp:term":[{"taxonomy":"category","embeddable":true,"href":"https:\/\/www.caths.cz\/wordpress\/wp-json\/wp\/v2\/categories?post=2075"},{"taxonomy":"post_tag","embeddable":true,"href":"https:\/\/www.caths.cz\/wordpress\/wp-json\/wp\/v2\/tags?post=2075"}],"curies":[{"name":"wp","href":"https:\/\/api.w.org\/{rel}","templated":true}]}}