{"id":2074,"date":"2011-11-16T10:22:57","date_gmt":"2011-11-16T09:22:57","guid":{"rendered":"http:\/\/www.caths.cz\/wordpress\/?p=2074"},"modified":"2011-11-16T10:22:57","modified_gmt":"2011-11-16T09:22:57","slug":"fotogalerie-z-prazskeho-cyklokrosu","status":"publish","type":"post","link":"https:\/\/www.caths.cz\/wordpress\/fotogalerie-z-prazskeho-cyklokrosu\/","title":{"rendered":"Fotogalerie z Pra\u017esk\u00e9ho cyklokrosu"},"content":{"rendered":"<p>1. \u010d\u00e1st <a href=\"http:\/\/www.caths.cz\/index.php?page=galerie&#038;level=album&#038;id=109\"><font color=\"#0066CC\"> zde<\/font><\/a><\/strong>  a 2. \u010d\u00e1st<br \/>\n<a href=\"http:\/\/www.caths.cz\/index.php?page=galerie&#038;level=album&#038;id=110\"><font color=\"#0066CC\"> zde<\/font><\/a><\/strong> <br \/>Foto \u00a9 V\u011bra Vodi\u010dkov\u00e1<\/p>\n","protected":false},"excerpt":{"rendered":"<a href=\"https:\/\/www.caths.cz\/wordpress\/fotogalerie-z-prazskeho-cyklokrosu\/\"><img loading=\"lazy\" decoding=\"async\" width=\"100\" height=\"100\" src=\"https:\/\/www.caths.cz\/wordpress\/wp-content\/plugins\/thumbnail-for-excerpts\/tfe_no_thumb.png\" class=\"alignleft wp-post-image tfe\" alt=\"\" title=\"\" \/><\/a><p>1. \u010d\u00e1st zde a 2. \u010d\u00e1st zde Foto \u00a9 V\u011bra Vodi\u010dkov\u00e1<\/p>\n","protected":false},"author":1,"featured_media":0,"comment_status":"closed","ping_status":"closed","sticky":false,"template":"","format":"standard","meta":{"ngg_post_thumbnail":0,"footnotes":""},"categories":[40],"tags":[],"class_list":["post-2074","post","type-post","status-publish","format-standard","hentry","category-pojed-s-nami"],"_links":{"self":[{"href":"https:\/\/www.caths.cz\/wordpress\/wp-json\/wp\/v2\/posts\/2074","targetHints":{"allow":["GET"]}}],"collection":[{"href":"https:\/\/www.caths.cz\/wordpress\/wp-json\/wp\/v2\/posts"}],"about":[{"href":"https:\/\/www.caths.cz\/wordpress\/wp-json\/wp\/v2\/types\/post"}],"author":[{"embeddable":true,"href":"https:\/\/www.caths.cz\/wordpress\/wp-json\/wp\/v2\/users\/1"}],"replies":[{"embeddable":true,"href":"https:\/\/www.caths.cz\/wordpress\/wp-json\/wp\/v2\/comments?post=2074"}],"version-history":[{"count":0,"href":"https:\/\/www.caths.cz\/wordpress\/wp-json\/wp\/v2\/posts\/2074\/revisions"}],"wp:attachment":[{"href":"https:\/\/www.caths.cz\/wordpress\/wp-json\/wp\/v2\/media?parent=2074"}],"wp:term":[{"taxonomy":"category","embeddable":true,"href":"https:\/\/www.caths.cz\/wordpress\/wp-json\/wp\/v2\/categories?post=2074"},{"taxonomy":"post_tag","embeddable":true,"href":"https:\/\/www.caths.cz\/wordpress\/wp-json\/wp\/v2\/tags?post=2074"}],"curies":[{"name":"wp","href":"https:\/\/api.w.org\/{rel}","templated":true}]}}