{"id":2073,"date":"2011-11-16T00:38:18","date_gmt":"2011-11-15T23:38:18","guid":{"rendered":"http:\/\/www.caths.cz\/wordpress\/?p=2073"},"modified":"2011-11-16T00:38:18","modified_gmt":"2011-11-15T23:38:18","slug":"vernisaz-fotografiii-z-ms-v-cyklistice-byla-uspesna","status":"publish","type":"post","link":"https:\/\/www.caths.cz\/wordpress\/vernisaz-fotografiii-z-ms-v-cyklistice-byla-uspesna\/","title":{"rendered":"Vernis\u00e1\u017e fotografi\u00ed\u00ed z MS v cyklistice byla \u00fasp\u011b\u0161n\u00e1"},"content":{"rendered":"<p align=\"justify\">   V sobotu byla v Brn\u011b na sportovn\u00edm veletrhu Bike Brno slavnostn\u011b zah\u00e1jena vernis\u00e1\u017e fotografi\u00ed Michala \u010cerven\u00e9ho, kter\u00e9 byly po\u0159\u00edzeny na leto\u0161n\u00edm mistrovstv\u00ed sv\u011bta v cyklistice handicapovan\u00fdch v D\u00e1nsku.\n<\/p>\n<p align=\"justify\"> V\u00fdstavu p\u0159edstavili n\u00e1v\u0161t\u011bvn\u00edk\u016fm Michal \u010cerven\u00fd, Jirka Je\u017eek a Jarka Krakovi\u010dov\u00e1. Zvl\u00e1\u0161tn\u00ed pod\u011bkov\u00e1n\u00ed pat\u0159\u00ed firm\u011b Nutrend, kter\u00e1 umo\u017enila vystavit fotografie v prostoru sv\u00e9ho firemn\u00edho st\u00e1nku.<\/p>\n<p> <img decoding=\"async\" src=\"\/wordpress\/image\/sekretarky\/Vernisaz\/001.jpg\"><\/p>\n<p> <img decoding=\"async\" src=\"\/wordpress\/image\/sekretarky\/Vernisaz\/002.jpg\"><\/p>\n<p> <img decoding=\"async\" src=\"\/wordpress\/image\/sekretarky\/Vernisaz\/003.jpg\"><\/p>\n<p> <img decoding=\"async\" src=\"\/wordpress\/image\/sekretarky\/Vernisaz\/004.jpg\"><\/p>\n<p> <img decoding=\"async\" src=\"\/wordpress\/image\/sekretarky\/Vernisaz\/005.jpg\"><\/p>\n<p> <img decoding=\"async\" src=\"\/wordpress\/image\/sekretarky\/Vernisaz\/006.jpg\"><\/p>\n<p> <img decoding=\"async\" src=\"\/wordpress\/image\/sekretarky\/Vernisaz\/007.jpg\"><\/p>\n","protected":false},"excerpt":{"rendered":"<a href=\"https:\/\/www.caths.cz\/wordpress\/vernisaz-fotografiii-z-ms-v-cyklistice-byla-uspesna\/\"><img loading=\"lazy\" decoding=\"async\" width=\"100\" height=\"100\" src=\"https:\/\/www.caths.cz\/wordpress\/wp-content\/plugins\/thumbnail-for-excerpts\/tfe_no_thumb.png\" class=\"alignleft wp-post-image tfe\" alt=\"\" title=\"\" \/><\/a><p>V sobotu byla v Brn\u011b na sportovn\u00edm veletrhu Bike Brno slavnostn\u011b zah\u00e1jena vernis\u00e1\u017e fotografi\u00ed Michala \u010cerven\u00e9ho, kter\u00e9 byly po\u0159\u00edzeny na leto\u0161n\u00edm mistrovstv\u00ed sv\u011bta v cyklistice handicapovan\u00fdch v D\u00e1nsku. V\u00fdstavu p\u0159edstavili [&hellip;]<\/p>\n","protected":false},"author":1,"featured_media":0,"comment_status":"closed","ping_status":"closed","sticky":false,"template":"","format":"standard","meta":{"ngg_post_thumbnail":0,"footnotes":""},"categories":[6],"tags":[],"class_list":["post-2073","post","type-post","status-publish","format-standard","hentry","category-caths-info"],"_links":{"self":[{"href":"https:\/\/www.caths.cz\/wordpress\/wp-json\/wp\/v2\/posts\/2073","targetHints":{"allow":["GET"]}}],"collection":[{"href":"https:\/\/www.caths.cz\/wordpress\/wp-json\/wp\/v2\/posts"}],"about":[{"href":"https:\/\/www.caths.cz\/wordpress\/wp-json\/wp\/v2\/types\/post"}],"author":[{"embeddable":true,"href":"https:\/\/www.caths.cz\/wordpress\/wp-json\/wp\/v2\/users\/1"}],"replies":[{"embeddable":true,"href":"https:\/\/www.caths.cz\/wordpress\/wp-json\/wp\/v2\/comments?post=2073"}],"version-history":[{"count":0,"href":"https:\/\/www.caths.cz\/wordpress\/wp-json\/wp\/v2\/posts\/2073\/revisions"}],"wp:attachment":[{"href":"https:\/\/www.caths.cz\/wordpress\/wp-json\/wp\/v2\/media?parent=2073"}],"wp:term":[{"taxonomy":"category","embeddable":true,"href":"https:\/\/www.caths.cz\/wordpress\/wp-json\/wp\/v2\/categories?post=2073"},{"taxonomy":"post_tag","embeddable":true,"href":"https:\/\/www.caths.cz\/wordpress\/wp-json\/wp\/v2\/tags?post=2073"}],"curies":[{"name":"wp","href":"https:\/\/api.w.org\/{rel}","templated":true}]}}