{"id":2071,"date":"2011-11-13T22:25:11","date_gmt":"2011-11-13T21:25:11","guid":{"rendered":"http:\/\/www.caths.cz\/wordpress\/?p=2071"},"modified":"2011-11-13T22:25:11","modified_gmt":"2011-11-13T21:25:11","slug":"prazsky-cyklokros-zaznamenal-rekordni-ucast","status":"publish","type":"post","link":"https:\/\/www.caths.cz\/wordpress\/prazsky-cyklokros-zaznamenal-rekordni-ucast\/","title":{"rendered":"Pra\u017esk\u00fd cyklokros zaznamenal rekordn\u00ed \u00fa\u010dast"},"content":{"rendered":"<p align=\"justify\">Na pl\u00e1ni v \u0158ep\u00edch prob\u011bhl v ned\u011bli ve\u0159ejn\u00fd cyklistick\u00fd z\u00e1vod &#8211; Pra\u017esk\u00fd cyklokros. V p\u0159\u00edjemn\u00e9m a slunn\u00e9m po\u010das\u00ed se v Praze odprezentovala rekordn\u00ed \u00fa\u010dast z\u00e1vodn\u00edk\u016f v\u0161ech kategori\u00ed. Z\u00e1vod byl rovn\u011b\u017e posledn\u00edm kolem \u010cP MTB handicapovan\u00fdch.\n<\/p>\n<p align=\"justify\">P\u0159es 240 cyklist\u016f \u010d\u00edtaj\u00edc\u00ed startovn\u00ed pole se se\u0161lo na startu v celkem 19 kategori\u00ed od nejmen\u0161\u00edch z\u00e1vodn\u00edk\u016f v kategorii do 7 let, p\u0159es v\u0161echny ml\u00e1de\u017enick\u00e9 kategorie, a\u017e po presti\u017en\u00ed kategorii Elite, ve kter\u00e9 startoval i p\u0159ed p\u00e1r dny zvolen\u00fd Kr\u00e1l cyklistiky Jaroslav Kulhav\u00fd.<br \/> Na startu jsme uv\u00edtali i Ji\u0159\u00edho Je\u017eka, kter\u00fd se postavil na start z\u00e1vodu horsk\u00fdch kol. Jirka se rozhodl z\u00e1vodit v presti\u017en\u00ed kategorii mu\u017e\u016f 30 + (bez handicapu). Na technicky n\u00e1ro\u010dn\u00e9 trati se spoustou sjezd\u016f a v\u00fdb\u011bh\u016f po schodech Jirka dok\u00e1zal, \u017ee pro n\u011bj nen\u00ed nic nemo\u017en\u00e9 a obsadil ve t\u00e9to kategorii kr\u00e1sn\u00e9 3.m\u00edsto.<br \/> Ocen\u011bn\u00fdm z\u00e1vodn\u00edk\u016fm blahop\u0159ejeme, v\u0161em z\u00fa\u010dastn\u011bn\u00fdm d\u011bkujeme za \u00fa\u010dast a t\u011b\u0161\u00edme se na V\u00e1s na ja\u0159e nashledanou v z\u00e1vod\u011b King of Prague MTB XCO!!<\/p>\n<p> V\u00fdsledky Pra\u017esk\u00e9ho cyklokrosu naleznete <a href=\"http:\/\/www.caths.cz\/storage\/sekretarky\/vysledky Prazsky cyklokros_oprava.pdf\" target=\"_blank\"> zde<\/a> <\/p>\n<p> Fotogalerii ze z\u00e1vodu zve\u0159ejn\u00edme v nejbli\u017e\u0161\u00edch dnech. <\/p>\n<p> Auto\u0159i fotografi\u00ed &#8211; V\u011bra Vodi\u010dkov\u00e1 a Michal \u010cerven\u00fd <\/p>\n<p> <img decoding=\"async\" src=\"\/wordpress\/image\/sekretarky\/prazsky cyklokros\/cyklokros2012 009.jpg\"><\/p>\n<p> <img decoding=\"async\" src=\"\/wordpress\/image\/sekretarky\/prazsky cyklokros\/cyklokros2012 028.jpg\"><\/p>\n<p> <img decoding=\"async\" src=\"\/wordpress\/image\/sekretarky\/prazsky cyklokros\/cyklokros2012 041.jpg\"><\/p>\n<p> <img decoding=\"async\" src=\"\/wordpress\/image\/sekretarky\/prazsky cyklokros\/cyklokros2012 070.jpg\"><\/p>\n<p> <img decoding=\"async\" src=\"\/wordpress\/image\/sekretarky\/prazsky cyklokros\/cyklokros2012 331.jpg\"><\/p>\n<p> <img decoding=\"async\" src=\"\/wordpress\/image\/sekretarky\/prazsky cyklokros\/cyklokros2012 337.jpg\"><\/p>\n<p> <img decoding=\"async\" src=\"\/wordpress\/image\/sekretarky\/prazsky cyklokros\/cyklokros2012 361.jpg\"><\/p>\n<p> <img decoding=\"async\" src=\"\/wordpress\/image\/sekretarky\/prazsky cyklokros\/cyklokros2012 376.jpg\"><\/p>\n<p> <img decoding=\"async\" src=\"\/wordpress\/image\/sekretarky\/prazsky cyklokros\/cyklokros2012 380.jpg\"><\/p>\n<p> <img decoding=\"async\" src=\"\/wordpress\/image\/sekretarky\/prazsky cyklokros\/cyklokros2012 426.jpg\"><\/p>\n<p> <img decoding=\"async\" src=\"\/wordpress\/image\/sekretarky\/prazsky cyklokros\/cyklokros2012 438.jpg\"><\/p>\n<p> <img decoding=\"async\" src=\"\/wordpress\/image\/sekretarky\/prazsky cyklokros\/cyklokros2012 528.jpg\"><\/p>\n<p> <img decoding=\"async\" src=\"\/wordpress\/image\/sekretarky\/prazsky cyklokros\/prazsky-cyklokros-2011_01.jpg\"><\/p>\n<p> <img decoding=\"async\" src=\"\/wordpress\/image\/sekretarky\/prazsky cyklokros\/prazsky-cyklokros-2011_02.jpg\"><\/p>\n<p> <img decoding=\"async\" src=\"\/wordpress\/image\/sekretarky\/prazsky cyklokros\/prazsky-cyklokros-2011_03.jpg\"><\/p>\n<p> <img decoding=\"async\" src=\"\/wordpress\/image\/sekretarky\/prazsky cyklokros\/prazsky-cyklokros-2011_04.jpg\"><\/p>\n","protected":false},"excerpt":{"rendered":"<a href=\"https:\/\/www.caths.cz\/wordpress\/prazsky-cyklokros-zaznamenal-rekordni-ucast\/\"><img loading=\"lazy\" decoding=\"async\" width=\"100\" height=\"100\" src=\"https:\/\/www.caths.cz\/wordpress\/wp-content\/plugins\/thumbnail-for-excerpts\/tfe_no_thumb.png\" class=\"alignleft wp-post-image tfe\" alt=\"\" title=\"\" \/><\/a><p>Na pl\u00e1ni v \u0158ep\u00edch prob\u011bhl v ned\u011bli ve\u0159ejn\u00fd cyklistick\u00fd z\u00e1vod &#8211; Pra\u017esk\u00fd cyklokros. V p\u0159\u00edjemn\u00e9m a slunn\u00e9m po\u010das\u00ed se v Praze odprezentovala rekordn\u00ed \u00fa\u010dast z\u00e1vodn\u00edk\u016f v\u0161ech kategori\u00ed. Z\u00e1vod byl rovn\u011b\u017e [&hellip;]<\/p>\n","protected":false},"author":1,"featured_media":0,"comment_status":"closed","ping_status":"closed","sticky":false,"template":"","format":"standard","meta":{"ngg_post_thumbnail":0,"footnotes":""},"categories":[40],"tags":[],"class_list":["post-2071","post","type-post","status-publish","format-standard","hentry","category-pojed-s-nami"],"_links":{"self":[{"href":"https:\/\/www.caths.cz\/wordpress\/wp-json\/wp\/v2\/posts\/2071","targetHints":{"allow":["GET"]}}],"collection":[{"href":"https:\/\/www.caths.cz\/wordpress\/wp-json\/wp\/v2\/posts"}],"about":[{"href":"https:\/\/www.caths.cz\/wordpress\/wp-json\/wp\/v2\/types\/post"}],"author":[{"embeddable":true,"href":"https:\/\/www.caths.cz\/wordpress\/wp-json\/wp\/v2\/users\/1"}],"replies":[{"embeddable":true,"href":"https:\/\/www.caths.cz\/wordpress\/wp-json\/wp\/v2\/comments?post=2071"}],"version-history":[{"count":0,"href":"https:\/\/www.caths.cz\/wordpress\/wp-json\/wp\/v2\/posts\/2071\/revisions"}],"wp:attachment":[{"href":"https:\/\/www.caths.cz\/wordpress\/wp-json\/wp\/v2\/media?parent=2071"}],"wp:term":[{"taxonomy":"category","embeddable":true,"href":"https:\/\/www.caths.cz\/wordpress\/wp-json\/wp\/v2\/categories?post=2071"},{"taxonomy":"post_tag","embeddable":true,"href":"https:\/\/www.caths.cz\/wordpress\/wp-json\/wp\/v2\/tags?post=2071"}],"curies":[{"name":"wp","href":"https:\/\/api.w.org\/{rel}","templated":true}]}}