{"id":2070,"date":"2011-11-12T01:12:02","date_gmt":"2011-11-12T00:12:02","guid":{"rendered":"http:\/\/www.caths.cz\/wordpress\/?p=2070"},"modified":"2011-11-12T01:12:02","modified_gmt":"2011-11-12T00:12:02","slug":"alex-sadilek-ziskal-v-nemecku-bronzovou-medaili","status":"publish","type":"post","link":"https:\/\/www.caths.cz\/wordpress\/alex-sadilek-ziskal-v-nemecku-bronzovou-medaili\/","title":{"rendered":"Alex Sad\u00edlek z\u00edskal v N\u011bmecku bronzovou medaili"},"content":{"rendered":"<p align=\"justify\">\nV n\u011bmeck\u00e9m Travemunde minul\u00fd m\u011bs\u00edc prob\u011bhlo Mistrovstv\u00ed N\u011bmecka olympijsk\u00fdch t\u0159\u00edd, v\u010detn\u011b paralympijsk\u00e9 t\u0159\u00eddy 2.4mR. Z\u00e1vod v t\u00e9to t\u0159\u00edd\u011b byl otev\u0159en\u00fd i pro nehendikepovan\u00e9.<\/p>\n<p align=\"justify\"> <img decoding=\"async\" src=\"\/wordpress\/image\/k_clankum\/medaile_sadilek.jpg\" ALIGN=\"right\" HSPACE=5 VSPACE=5\"> Po celou dobu vl\u00e1dlo p\u0159\u00edjemn\u00e9 bab\u00ed l\u00e9to s minim\u00e1ln\u00edm v\u011btrem, co\u017e zp\u016fsobilo nemal\u00e9 pot\u00ed\u017ee z\u00e1vodn\u00ed komisi postavit tra\u0165. Z\u00e1vod byl vyps\u00e1n na 5 dn\u00ed, z toho se kv\u016fli nedostatku v\u011btru jeden den neodjela \u017e\u00e1dn\u00e1 rozj\u00ed\u017e\u010fka. <br \/> Ve t\u0159\u00edd\u011b 2.4mR se Mistrovstv\u00ed z\u00fa\u010dastnilo 28 lod\u00ed z Holandska, \u010ceska a samoz\u0159ejm\u011b N\u011bmecka.<br \/> Na startu nechyb\u011bl Heiko Kroeger \u2013 jist\u00fd \u00fa\u010dastn\u00edk paralympi\u00e1dy 2012, jeho sparingpartner a nad\u011bjn\u00fd mlad\u00fd Lasse Klotzing (mezin\u00e1rodn\u00ed mistr \u010cR z Lipna) nebo lo\u0148sk\u00fd Mistr N\u011bmecka Detlev Muller-Boling. <br \/> Z \u010desk\u00fdch jachta\u0159\u016f se z\u00e1vodu z\u00fa\u010dastnili Viktor Sad\u00edlek, Alex Sad\u00edlek a Petr \u010cerm\u00e1k. <br \/> Z\u00e1vod byl vyps\u00e1n na 10 rozj\u00ed\u017ed\u011bk, v\u010detn\u011b rozj\u00ed\u017e\u010fky medailov\u00e9. Kv\u016fli nedostatku v\u011btru se odjely jen 4 rozj\u00ed\u017e\u010fky + jedna medailov\u00e1.<br \/> Stabiln\u00edm v\u00fdkonem na p\u0159edn\u00edch m\u00edstech si Alex po 4 rozj\u00ed\u017e\u010fk\u00e1ch (7,4,4,6) zajistil 4 pozici, Petr rovn\u011b\u017e vyrovnan\u00fdm um\u00edst\u011bn\u00edm a jedn\u00edm 5. m\u00edstem (15,13,5,14) si vydobyl posledn\u00ed 10. postupov\u00e9 m\u00edsto do medailov\u00e9 rozj\u00ed\u017e\u010fky. Viktor tak\u00e9 neza\u010dal \u0161patn\u011b, ale technick\u00fd probl\u00e9m jej vy\u0159adil z \u00fa\u010dasti ve fin\u00e1le (11,7,18,DNC).<br \/> Medailov\u00e1 rozj\u00ed\u017e\u010fka slibovala p\u0159ece jen dramati\u010dt\u011bj\u0161\u00ed momenty. Jednak byl v\u011bt\u0161\u00ed v\u00edtr, jelo se na kr\u00e1tk\u00e9 nov\u00e9 trati bl\u00edzko b\u0159ehu p\u0159ed mnoh\u00fdmi div\u00e1ky a na palub\u011b jsme m\u011bli GPS na zaznamen\u00e1v\u00e1n\u00ed pozic. Heiko z t\u0159et\u00ed p\u0159\u00ed\u010dky (po 4 rozj\u00ed\u017e\u010fk\u00e1ch) nep\u0159edjel Lasseho a t\u00edm zv\u00edt\u011bzil Lasse po tuh\u00e9m boji t\u011bsn\u011b p\u0159ed Heikem. Alex dobrou taktikou j\u00edzdy a 3. m\u00edstem v c\u00edli odsunul do t\u00e9 doby na druh\u00e9 pozici jedouc\u00edho n\u011bmce Christopha Tromera na 4. m\u00edsto. <br \/>Shodou bod\u016f ale lep\u0161\u00edm um\u00edst\u011bn\u00edm v medailov\u00e9 rozj\u00ed\u017e\u010fce z\u00edskal Alex celkov\u00e9 3. m\u00edsto. Petr dojel do c\u00edle na p\u011bkn\u00e9m 6. m\u00edst\u011b, to ale nesta\u010dilo na zlep\u0161en\u00ed celkov\u00e9ho um\u00edst\u011bn\u00ed a skon\u010dil na 10. m\u00edst\u011b. <\/p>\n<p><u> Celkov\u00e9 v\u00fdsledky:<\/u><\/p>\n<p> 1. &#8211; Lasse Klotzing GER 44<br \/> 2. &#8211; Heiko Kroger GER 1<br \/> 3. &#8211; Alex Sad\u00edlek CZE 4<br \/> 4. &#8211; Christoph Tromer GER 5<br \/> 6. &#8211; Nico Golema NED 29<br \/> 7. &#8211; Detlev Muller-Boling GER 99<br \/> 8. &#8211; Jorg Feder GER 2<br \/> 9. &#8211; Stefan Kloitzing GER 63<br \/> 10.- Petr \u010cerm\u00e1k CZE 9<br \/> \u2026<br \/> 18.- Viktor Sad\u00edlek CZE 41<\/p>\n<p> Dramatickou medailovou rozj\u00ed\u017e\u010fku m\u016f\u017eete sledovat <a href=\" http:\/\/www.youtube.com\/watch?v=zW0JSghU2Jg\" target=\"_blank\"> zde<\/a> <\/p>\n","protected":false},"excerpt":{"rendered":"<a href=\"https:\/\/www.caths.cz\/wordpress\/alex-sadilek-ziskal-v-nemecku-bronzovou-medaili\/\"><img loading=\"lazy\" decoding=\"async\" width=\"100\" height=\"100\" src=\"https:\/\/www.caths.cz\/wordpress\/wp-content\/plugins\/thumbnail-for-excerpts\/tfe_no_thumb.png\" class=\"alignleft wp-post-image tfe\" alt=\"\" title=\"\" \/><\/a><p>V n\u011bmeck\u00e9m Travemunde minul\u00fd m\u011bs\u00edc prob\u011bhlo Mistrovstv\u00ed N\u011bmecka olympijsk\u00fdch t\u0159\u00edd, v\u010detn\u011b paralympijsk\u00e9 t\u0159\u00eddy 2.4mR. Z\u00e1vod v t\u00e9to t\u0159\u00edd\u011b byl otev\u0159en\u00fd i pro nehendikepovan\u00e9.<\/p>\n","protected":false},"author":1,"featured_media":0,"comment_status":"closed","ping_status":"closed","sticky":false,"template":"","format":"standard","meta":{"ngg_post_thumbnail":0,"footnotes":""},"categories":[11],"tags":[],"class_list":["post-2070","post","type-post","status-publish","format-standard","hentry","category-jachting"],"_links":{"self":[{"href":"https:\/\/www.caths.cz\/wordpress\/wp-json\/wp\/v2\/posts\/2070","targetHints":{"allow":["GET"]}}],"collection":[{"href":"https:\/\/www.caths.cz\/wordpress\/wp-json\/wp\/v2\/posts"}],"about":[{"href":"https:\/\/www.caths.cz\/wordpress\/wp-json\/wp\/v2\/types\/post"}],"author":[{"embeddable":true,"href":"https:\/\/www.caths.cz\/wordpress\/wp-json\/wp\/v2\/users\/1"}],"replies":[{"embeddable":true,"href":"https:\/\/www.caths.cz\/wordpress\/wp-json\/wp\/v2\/comments?post=2070"}],"version-history":[{"count":0,"href":"https:\/\/www.caths.cz\/wordpress\/wp-json\/wp\/v2\/posts\/2070\/revisions"}],"wp:attachment":[{"href":"https:\/\/www.caths.cz\/wordpress\/wp-json\/wp\/v2\/media?parent=2070"}],"wp:term":[{"taxonomy":"category","embeddable":true,"href":"https:\/\/www.caths.cz\/wordpress\/wp-json\/wp\/v2\/categories?post=2070"},{"taxonomy":"post_tag","embeddable":true,"href":"https:\/\/www.caths.cz\/wordpress\/wp-json\/wp\/v2\/tags?post=2070"}],"curies":[{"name":"wp","href":"https:\/\/api.w.org\/{rel}","templated":true}]}}