{"id":2069,"date":"2011-11-11T12:09:42","date_gmt":"2011-11-11T11:09:42","guid":{"rendered":"http:\/\/www.caths.cz\/wordpress\/?p=2069"},"modified":"2011-11-11T12:09:42","modified_gmt":"2011-11-11T11:09:42","slug":"jiri-jezek-byl-vyhlasen-kralem-cyklistiky-handicapovanych","status":"publish","type":"post","link":"https:\/\/www.caths.cz\/wordpress\/jiri-jezek-byl-vyhlasen-kralem-cyklistiky-handicapovanych\/","title":{"rendered":"Ji\u0159\u00ed Je\u017eek byl vyhl\u00e1\u0161en Kr\u00e1lem cyklistiky handicapovan\u00fdch"},"content":{"rendered":"<p align=\"justify\">   V n\u00e1dhern\u00e9m prost\u0159ed\u00ed pavilonu Rotunda na Brn\u011bnsk\u00e9m v\u00fdstavi\u0161ti prob\u011bhl v\u010dera slavnostn\u00ed ve\u010der vyhla\u0161ov\u00e1n\u00ed Kr\u00e1le cyklistiky 2011. V kategorii handicapovan\u00fdch byl vyhl\u00e1\u0161en nej\u00fasp\u011b\u0161n\u011bj\u0161\u00ed cyklista leto\u0161n\u00ed sez\u00f3ny &#8211; Jirka Je\u017eek.<\/p>\n<p align=\"justify\"> V Brn\u011b byla k vid\u011bn\u00ed cel\u00e1 \u010desk\u00e1 cyklistick\u00e1 \u0161pi\u010dka v\u010detn\u011b v\u0161ech leto\u0161n\u00edch medailist\u016f v kategorii handicapovan\u00fdch. O\u010dek\u00e1van\u00fdm v\u00edt\u011bzem t\u00e9to kategorie se stal Jirka Je\u017eek, proto\u017ee se sv\u00fdmi \u00fasp\u011bchy nem\u011bl letos konkurenci. Vyjmenujme jen ty nejd\u016fle\u017eit\u011bj\u0161\u00ed : zlato &#8211; st\u00edhac\u00ed z\u00e1vod (MS na dr\u00e1ze), st\u0159\u00edbro &#8211; \u010dasovka (MS silnice), bronz &#8211; team sprint (MS dr\u00e1ha), v\u00edt\u011bz Sv\u011btov\u00e9ho poh\u00e1ru (celkov\u00e9 v\u00edt\u011bzstv\u00ed seri\u00e1lu).<br \/> Celkov\u00fdm v\u00edt\u011bzem ankety Kr\u00e1l cyklistiky se stal letos nep\u0159ekonateln\u00fd biker Jaroslav Kulhav\u00fd, co\u017e n\u00e1s t\u011b\u0161\u00ed o to v\u00edce, \u017ee Jarda je patronem \u010cesk\u00e9ho Poh\u00e1ru horsk\u00fdch kol MTB handicapovan\u00fdch. <br \/> V\u0161em ocen\u011bn\u00fdm gratulujeme !!!<\/p>\n<p> <img decoding=\"async\" src=\"\/wordpress\/image\/sekretarky\/kral cyklistiky\/001.jpg\"\n\n <img decoding=\"async\" src=\"\/wordpress\/image\/sekretarky\/kral cyklistiky\/002.jpg\"\n\n <img decoding=\"async\" src=\"\/wordpress\/image\/sekretarky\/kral cyklistiky\/003.jpg\"\n\n <img decoding=\"async\" src=\"\/wordpress\/image\/sekretarky\/kral cyklistiky\/006.jpg\"\n\n <img decoding=\"async\" src=\"\/wordpress\/image\/sekretarky\/kral cyklistiky\/133.jpg\"\n\n <img decoding=\"async\" src=\"\/wordpress\/image\/sekretarky\/kral cyklistiky\/141.jpg\"\n\n <img decoding=\"async\" src=\"\/wordpress\/image\/sekretarky\/kral cyklistiky\/150.jpg\"\n\n\n<\/p>\n","protected":false},"excerpt":{"rendered":"<a href=\"https:\/\/www.caths.cz\/wordpress\/jiri-jezek-byl-vyhlasen-kralem-cyklistiky-handicapovanych\/\"><img loading=\"lazy\" decoding=\"async\" width=\"100\" height=\"100\" src=\"https:\/\/www.caths.cz\/wordpress\/wp-content\/plugins\/thumbnail-for-excerpts\/tfe_no_thumb.png\" class=\"alignleft wp-post-image tfe\" alt=\"\" title=\"\" \/><\/a><p>V n\u00e1dhern\u00e9m prost\u0159ed\u00ed pavilonu Rotunda na Brn\u011bnsk\u00e9m v\u00fdstavi\u0161ti prob\u011bhl v\u010dera slavnostn\u00ed ve\u010der vyhla\u0161ov\u00e1n\u00ed Kr\u00e1le cyklistiky 2011. V kategorii handicapovan\u00fdch byl vyhl\u00e1\u0161en nej\u00fasp\u011b\u0161n\u011bj\u0161\u00ed cyklista leto\u0161n\u00ed sez\u00f3ny &#8211; Jirka Je\u017eek. V Brn\u011b [&hellip;]<\/p>\n","protected":false},"author":1,"featured_media":0,"comment_status":"closed","ping_status":"closed","sticky":false,"template":"","format":"standard","meta":{"ngg_post_thumbnail":0,"footnotes":""},"categories":[2],"tags":[],"class_list":["post-2069","post","type-post","status-publish","format-standard","hentry","category-cyklistika"],"_links":{"self":[{"href":"https:\/\/www.caths.cz\/wordpress\/wp-json\/wp\/v2\/posts\/2069","targetHints":{"allow":["GET"]}}],"collection":[{"href":"https:\/\/www.caths.cz\/wordpress\/wp-json\/wp\/v2\/posts"}],"about":[{"href":"https:\/\/www.caths.cz\/wordpress\/wp-json\/wp\/v2\/types\/post"}],"author":[{"embeddable":true,"href":"https:\/\/www.caths.cz\/wordpress\/wp-json\/wp\/v2\/users\/1"}],"replies":[{"embeddable":true,"href":"https:\/\/www.caths.cz\/wordpress\/wp-json\/wp\/v2\/comments?post=2069"}],"version-history":[{"count":0,"href":"https:\/\/www.caths.cz\/wordpress\/wp-json\/wp\/v2\/posts\/2069\/revisions"}],"wp:attachment":[{"href":"https:\/\/www.caths.cz\/wordpress\/wp-json\/wp\/v2\/media?parent=2069"}],"wp:term":[{"taxonomy":"category","embeddable":true,"href":"https:\/\/www.caths.cz\/wordpress\/wp-json\/wp\/v2\/categories?post=2069"},{"taxonomy":"post_tag","embeddable":true,"href":"https:\/\/www.caths.cz\/wordpress\/wp-json\/wp\/v2\/tags?post=2069"}],"curies":[{"name":"wp","href":"https:\/\/api.w.org\/{rel}","templated":true}]}}