{"id":2066,"date":"2011-11-08T03:27:55","date_gmt":"2011-11-08T02:27:55","guid":{"rendered":"http:\/\/www.caths.cz\/wordpress\/?p=2066"},"modified":"2011-11-08T03:27:55","modified_gmt":"2011-11-08T02:27:55","slug":"bude-mit-cyklistika-dva-krale","status":"publish","type":"post","link":"https:\/\/www.caths.cz\/wordpress\/bude-mit-cyklistika-dva-krale\/","title":{"rendered":"Bude m\u00edt cyklistika dva kr\u00e1le?"},"content":{"rendered":"<p align=\"justify\">\nKdo p\u0159evezme presti\u017en\u00ed titul Kr\u00e1l cyklistiky pro rok 2011?  V\u00fdb\u011br se zredukoval na p\u011bt cyklist\u016f z nich\u017e v\u0161ichni letos vybojovali titul mistra sv\u011bta.<\/p>\n<p align=\"justify\"> Zaj\u00edmav\u00e9 jist\u011b je, \u017ee tr\u00e9ninkov\u00e1 skupina tren\u00e9ra Viktora Zapletala m\u00e1 v t\u00e9to p\u011btici hned trojn\u00e1sobn\u00e9 zastoupen\u00ed d\u00edky mistr\u016fm sv\u011bta: Michalovi Prokopovi (fourcross), Jaroslavovi Kulhav\u00e9mu (MTB) a Jirkovi Je\u017ekovi. <img decoding=\"async\" src=\"\/wordpress\/image\/k_clankum\/1142_min.jpg\" ALIGN=\"right\" HSPACE=5 VSPACE=5\"><br \/> A pap\u00edrov\u00fdmi favority sout\u011b\u017ee pak jsou posledn\u00ed dva jmenovan\u00ed, kte\u0159\u00ed pro\u017eili opravdu mimo\u0159\u00e1dn\u00fd rok.<\/p>\n<p> Ji\u0159\u00ed Je\u017eek a Jaroslav Kulhav\u00fd toti\u017e v roce 2011 shodn\u011b z\u00edskali: <br \/> 1) titul mistra sv\u011bta<br \/> 2) titul vicemistra sv\u011bta<br \/> 3) celkov\u00e9 v\u00edt\u011bzstv\u00ed ve Sv\u011btov\u00e9m poh\u00e1ru<\/p>\n<p> Je\u0161t\u011b nikdy se v historii na\u0161\u00ed cyklistiky nic podobn\u00e9ho nepovedlo a my m\u016f\u017eeme b\u00fdt pr\u00e1vem hrd\u00ed na na\u0161eho nej\u00fasp\u011b\u0161n\u011bj\u0161\u00edho handicapovan\u00e9ho sportovce v\u0161ech dob, Jirku Je\u017eka, kter\u00fd reprezentuje na\u0161\u00ed zemi a \u010cATHS takov\u00fdmto zp\u016fsobem.<\/p>\n<p> Slavnostn\u00ed ve\u010der prob\u011bhne ve \u010dtvrtek od 19 hodin na brn\u011bnsk\u00e9m v\u00fdstavi\u0161ti a n\u00e1s t\u011b\u0161\u00ed, \u017ee mimo Jirky Je\u017eka budou na slavnostn\u00edm ve\u010deru, za p\u0159\u00edtomnosti kamer \u010cesk\u00e9 televize, ocen\u011bni i dal\u0161\u00ed \u00fasp\u011b\u0161n\u00ed cyklist\u00e9 \u010cATHS \u2013 medailist\u00e9 z leto\u0161n\u00edho mistrovstv\u00ed sv\u011bta na dr\u00e1ze \u010di na silnici: Tereza Diepoldov\u00e1, Michal Stark a Tom\u00e1\u0161 Kvasni\u010dka. <\/p>\n","protected":false},"excerpt":{"rendered":"<a href=\"https:\/\/www.caths.cz\/wordpress\/bude-mit-cyklistika-dva-krale\/\"><img loading=\"lazy\" decoding=\"async\" width=\"100\" height=\"100\" src=\"https:\/\/www.caths.cz\/wordpress\/wp-content\/plugins\/thumbnail-for-excerpts\/tfe_no_thumb.png\" class=\"alignleft wp-post-image tfe\" alt=\"\" title=\"\" \/><\/a><p>Kdo p\u0159evezme presti\u017en\u00ed titul Kr\u00e1l cyklistiky pro rok 2011? V\u00fdb\u011br se zredukoval na p\u011bt cyklist\u016f z nich\u017e v\u0161ichni letos vybojovali titul mistra sv\u011bta. Zaj\u00edmav\u00e9 jist\u011b je, \u017ee tr\u00e9ninkov\u00e1 skupina tren\u00e9ra [&hellip;]<\/p>\n","protected":false},"author":1,"featured_media":0,"comment_status":"closed","ping_status":"closed","sticky":false,"template":"","format":"standard","meta":{"ngg_post_thumbnail":0,"footnotes":""},"categories":[2],"tags":[],"class_list":["post-2066","post","type-post","status-publish","format-standard","hentry","category-cyklistika"],"_links":{"self":[{"href":"https:\/\/www.caths.cz\/wordpress\/wp-json\/wp\/v2\/posts\/2066","targetHints":{"allow":["GET"]}}],"collection":[{"href":"https:\/\/www.caths.cz\/wordpress\/wp-json\/wp\/v2\/posts"}],"about":[{"href":"https:\/\/www.caths.cz\/wordpress\/wp-json\/wp\/v2\/types\/post"}],"author":[{"embeddable":true,"href":"https:\/\/www.caths.cz\/wordpress\/wp-json\/wp\/v2\/users\/1"}],"replies":[{"embeddable":true,"href":"https:\/\/www.caths.cz\/wordpress\/wp-json\/wp\/v2\/comments?post=2066"}],"version-history":[{"count":0,"href":"https:\/\/www.caths.cz\/wordpress\/wp-json\/wp\/v2\/posts\/2066\/revisions"}],"wp:attachment":[{"href":"https:\/\/www.caths.cz\/wordpress\/wp-json\/wp\/v2\/media?parent=2066"}],"wp:term":[{"taxonomy":"category","embeddable":true,"href":"https:\/\/www.caths.cz\/wordpress\/wp-json\/wp\/v2\/categories?post=2066"},{"taxonomy":"post_tag","embeddable":true,"href":"https:\/\/www.caths.cz\/wordpress\/wp-json\/wp\/v2\/tags?post=2066"}],"curies":[{"name":"wp","href":"https:\/\/api.w.org\/{rel}","templated":true}]}}