{"id":2062,"date":"2011-11-04T08:11:31","date_gmt":"2011-11-04T07:11:31","guid":{"rendered":"http:\/\/www.caths.cz\/wordpress\/?p=2062"},"modified":"2011-11-04T08:11:31","modified_gmt":"2011-11-04T07:11:31","slug":"atletika-vozickaru-zna-jiz-svuj-kalendar-na-rok-2012","status":"publish","type":"post","link":"https:\/\/www.caths.cz\/wordpress\/atletika-vozickaru-zna-jiz-svuj-kalendar-na-rok-2012\/","title":{"rendered":"Atletika voz\u00ed\u010dk\u00e1\u0159\u016f zn\u00e1 ji\u017e sv\u016fj kalend\u00e1\u0159 na rok 2012"},"content":{"rendered":"<p align=\"justify\">   Atletick\u00e1 sez\u00f3na 2012 \u010desk\u00fdch atlet\u016f se rozb\u011bhne ji\u017e v b\u0159eznu, kdy na reprezenta\u010dn\u00ed soust\u0159ed\u011bn\u00ed v teple odlet\u00ed reprezenta\u010dn\u00ed t\u00fdm atlet\u016f, aby zah\u00e1jil svou n\u00e1ro\u010dnou p\u0159\u00edpravu p\u0159ed LPH Lond\u00fdn 2012.<\/p>\n<p align=\"justify\"> Po velmi dobr\u00fdch zku\u0161enostech s lo\u0148sk\u00fdm soust\u0159ed\u011bn\u00edm p\u0159ed MS Christchurch na Kan\u00e1rsk\u00fdch ostrovech se rozhodl reprezenta\u010dn\u00ed t\u00fdm za\u0159adit soust\u0159ed\u011bn\u00ed na stejn\u00e9m m\u00edst\u011b jako rozjezdov\u00e9 i na po\u010d\u00e1tek p\u0159\u00ed\u0161t\u00edho roku. P\u0159\u00edprava bude d\u00e1le pokra\u010dovat soust\u0159ed\u011bn\u00edm ve st\u0159edisku Nymburk v kv\u011btnu. Fin\u00e1ln\u00ed soust\u0159ed\u011bn\u00ed p\u0159ed Lond\u00fdnem pak bude absolvovat repre t\u00fdm na p\u0159elomu \u010dervence a srpna op\u011bt v Nymburku.<\/p>\n<p> <img decoding=\"async\" src=\"\/wordpress\/image\/sekretarky\/atlet.jpg\" ALIGN=\"right\" HSPACE=5 VSPACE=5\"> V kalend\u00e1\u0159i z\u00e1vod\u016f je samoz\u0159ejm\u011b vrcholem roku 2012 paralympi\u00e1da v Lond\u00fdn\u011b. P\u0159ed t\u00edmto vrcholn\u00fdm podnikem \u010dek\u00e1 na atlety v tuzemsku seri\u00e1l 7 kol \u010cesk\u00e9ho poh\u00e1ru, d\u00e1le Mezin\u00e1rodn\u00ed mistrovstv\u00ed \u010cR v Olomouci a v zahrani\u010d\u00ed ji\u017e avizovan\u00e9 Mistrovstv\u00ed Evropy v holandsk\u00e9m Stadskanaalu.<br \/> Kalend\u00e1\u0159 bude je\u0161t\u011b v pr\u016fb\u011bhu sez\u00f3ny dopln\u011bn o zahrani\u010dn\u00ed z\u00e1vody v N\u011bmecku, Holandsku a v dal\u0161\u00edch zem\u00edch a to p\u0159edev\u0161\u00edm z d\u016fvodu pln\u011bn\u00ed limit\u016f na LPH.<\/p>\n<p> Podrobn\u00fd kalend\u00e1\u0159 atlet\u016f naleznete<a href=\"http:\/\/www.caths.cz\/storage\/sekretarky\/kalendar ALTETIKA.pdf\" target=\"_blank\"> zde<\/a><\/p>\n","protected":false},"excerpt":{"rendered":"<a href=\"https:\/\/www.caths.cz\/wordpress\/atletika-vozickaru-zna-jiz-svuj-kalendar-na-rok-2012\/\"><img loading=\"lazy\" decoding=\"async\" width=\"100\" height=\"100\" src=\"https:\/\/www.caths.cz\/wordpress\/wp-content\/plugins\/thumbnail-for-excerpts\/tfe_no_thumb.png\" class=\"alignleft wp-post-image tfe\" alt=\"\" title=\"\" \/><\/a><p>Atletick\u00e1 sez\u00f3na 2012 \u010desk\u00fdch atlet\u016f se rozb\u011bhne ji\u017e v b\u0159eznu, kdy na reprezenta\u010dn\u00ed soust\u0159ed\u011bn\u00ed v teple odlet\u00ed reprezenta\u010dn\u00ed t\u00fdm atlet\u016f, aby zah\u00e1jil svou n\u00e1ro\u010dnou p\u0159\u00edpravu p\u0159ed LPH Lond\u00fdn 2012. Po [&hellip;]<\/p>\n","protected":false},"author":1,"featured_media":0,"comment_status":"closed","ping_status":"closed","sticky":false,"template":"","format":"standard","meta":{"ngg_post_thumbnail":0,"footnotes":""},"categories":[5],"tags":[],"class_list":["post-2062","post","type-post","status-publish","format-standard","hentry","category-atletika"],"_links":{"self":[{"href":"https:\/\/www.caths.cz\/wordpress\/wp-json\/wp\/v2\/posts\/2062","targetHints":{"allow":["GET"]}}],"collection":[{"href":"https:\/\/www.caths.cz\/wordpress\/wp-json\/wp\/v2\/posts"}],"about":[{"href":"https:\/\/www.caths.cz\/wordpress\/wp-json\/wp\/v2\/types\/post"}],"author":[{"embeddable":true,"href":"https:\/\/www.caths.cz\/wordpress\/wp-json\/wp\/v2\/users\/1"}],"replies":[{"embeddable":true,"href":"https:\/\/www.caths.cz\/wordpress\/wp-json\/wp\/v2\/comments?post=2062"}],"version-history":[{"count":0,"href":"https:\/\/www.caths.cz\/wordpress\/wp-json\/wp\/v2\/posts\/2062\/revisions"}],"wp:attachment":[{"href":"https:\/\/www.caths.cz\/wordpress\/wp-json\/wp\/v2\/media?parent=2062"}],"wp:term":[{"taxonomy":"category","embeddable":true,"href":"https:\/\/www.caths.cz\/wordpress\/wp-json\/wp\/v2\/categories?post=2062"},{"taxonomy":"post_tag","embeddable":true,"href":"https:\/\/www.caths.cz\/wordpress\/wp-json\/wp\/v2\/tags?post=2062"}],"curies":[{"name":"wp","href":"https:\/\/api.w.org\/{rel}","templated":true}]}}