{"id":2061,"date":"2011-11-03T02:16:57","date_gmt":"2011-11-03T01:16:57","guid":{"rendered":"http:\/\/www.caths.cz\/wordpress\/?p=2061"},"modified":"2011-11-03T02:16:57","modified_gmt":"2011-11-03T01:16:57","slug":"mezinarodni-mistrovstvi-belgie-lodni-tridy-24mr-aneb-jak-se-plachti-na-belgickem-bolevaku","status":"publish","type":"post","link":"https:\/\/www.caths.cz\/wordpress\/mezinarodni-mistrovstvi-belgie-lodni-tridy-24mr-aneb-jak-se-plachti-na-belgickem-bolevaku\/","title":{"rendered":"Mezin\u00e1rodn\u00ed mistrovstv\u00ed Belgie lodn\u00ed t\u0159\u00eddy 2,4mR \u2013 aneb jak se placht\u00ed na belgick\u00e9m Bolev\u00e1ku"},"content":{"rendered":"<p align=\"justify\">\nOd 27. do 30. \u0159\u00edjna se pod z\u00e1\u0161titou Belgick\u00e9ho kr\u00e1lovsk\u00e9ho jachetn\u00edho klubu konalo mezin\u00e1rodn\u00ed<br \/>\nmistrovstv\u00ed Belgie. <\/p>\n<p align=\"justify\"> K v\u0161eobecn\u00e9mu p\u0159ekvapen\u00ed bylo vybr\u00e1no centrum na jeze\u0159e Galgenweel, prakticky v centru Antwerp. Voda rozm\u011bru plze\u0148sk\u00e9ho Bolev\u00e1ku, pouze lemov\u00e1na m\u00e9n\u011b vzrostl\u00fdmi stromy. Na startu se se\u0161la flotila \u010d\u00edtaj\u00edc\u00ed 20 lod\u00ed z 5 zem\u00ed. \u010cesk\u00e1 flotila p\u0159isp\u011bla 3 lod\u011bmi, obsazen\u00fdmi mnou, Sa\u0161ou a Viktorem Sad\u00edlkov\u00fdmi. <br \/> Ozdobou \u0161ampion\u00e1tu byl m\u00edstn\u00ed \u0161ampion, mnohon\u00e1sobn\u00fd olympionik, Fred Imhoff a dr\u017eitelka aktu\u00e1ln\u00ed st\u0159\u00edbrn\u00e9 pozice ve sv\u011btov\u00e9m poh\u00e1ru angli\u010danka Megan Pascoe. <br \/> \u010ctvrtek 27. \u0159\u00edjna n\u00e1s p\u0159iv\u00edtal polojasn\u00fdm po\u010das\u00edm, teplotou nad 17\u00b0C a sever\u00e1kem o s\u00edle cca.5m\/s, kter\u00fd v pr\u016fb\u011bhu dne postupn\u011b klesal a\u017e k nule. Vzhledem k s\u00edle v\u011btru a mal\u00e9 d\u00e9lce kursu se tento den jely v\u0161echny rozj\u00ed\u017e\u010fky na nezvykl\u00fd po\u010det p\u011bti kol. <br \/><img decoding=\"async\" src=\"\/wordpress\/image\/k_clankum\/jacht_belgie2011.jpg\" ALIGN=\"right\" HSPACE=5 VSPACE=5\"> V pr\u016fb\u011bhu prvn\u00ed rozj\u00ed\u017e\u010fky se mi povedlo hned v druh\u00e9m kole odjet m\u00edstn\u00edmu duu Fred Imhoff a Alex Helsen. Tud\u00ed\u017e rozj\u00ed\u017e\u010fku jsem vyhr\u00e1l p\u0159ed Fredem Imhoffem a Alexem Helsenem. Sa\u0161a dojel 6. a Viktor 9. <br \/>V druh\u00e9 rozj\u00ed\u017e\u010fce vzala v\u011bci pevn\u011b do rukou Megan. Od startu vyrazila jako prvn\u00ed a d\u00e1le u\u017e pouze zv\u011bt\u0161ovala sv\u016fj n\u00e1skok. Po dv\u011b kola jsem se ji sna\u017eil st\u00edhat s Fredem. Po\u010d\u00e1te\u010dn\u00ed ostra\u017eit\u00e1 spolupr\u00e1ce p\u0159erostla v taktick\u00fd duel, kter\u00fd jsem prohr\u00e1l o p\u016fl lod\u011b, tak\u017ee po\u0159ad\u00ed v c\u00edli bylo Megan, Fred a j\u00e1. Viktor dojel 6. a Sa\u0161a 8. <br \/>I ve t\u0159et\u00ed rozj\u00ed\u017e\u010fce Megan dala jasn\u011b najevo, kdo by m\u011bl vyhr\u00e1t a zv\u00edt\u011bzila s jasn\u00fdm n\u00e1skokem p\u0159ed jej\u00edm krajanem Stevem Bullmorem a Fredem Imhoffem. Viktor zopakoval 6. m\u00edsto n\u00e1sledov\u00e1n Sa\u0161ou na m\u00edst\u011b 7. J\u00e1 exceloval 16. m\u00edstem. <br \/>Na konci dne vedla Megan Pascoe n\u00e1sledov\u00e1na Fredem Imhoffem a Stevenem Bullmorem. J\u00e1 dr\u017eel 4. m\u00edsto, Sa\u0161a s Viktorem 6. a 7. pozici. <br \/>V p\u00e1tek bylo jasno, teplo a \u017e\u00e1dn\u00fd v\u00edtr. Tud\u00ed\u017e ani \u017e\u00e1dn\u00fd jachting. Teplo vydr\u017eelo i v sobotu, jen se k n\u011bmu p\u0159idal slab\u00fd v\u00edtr v\u00edcem\u00e9n\u011b ji\u017en\u00edho sm\u011bru. Po\u010det kol v jednotliv\u00fdch rozj\u00ed\u017e\u010fk\u00e1ch byl zkr\u00e1cen na 4, v posledn\u00ed rozj\u00ed\u017e\u010fce na 3 kola. <br \/> V prvn\u00ed rozj\u00ed\u017e\u010fce pokra\u010dovala Megan ve sv\u00e9 spanil\u00e9 j\u00edzd\u011b n\u00e1sledov\u00e1na holandsk\u00fdm p\u00e1rem Henk van Heuveln a Wieta Jonker. Viktor pokra\u010doval ve stabiln\u00edch v\u00fdkonech p\u011bkn\u00fdm 5. m\u00edstem. J\u00e1 dojel 8. a Sa\u0161a 9. V n\u00e1sleduj\u00edc\u00ed rozj\u00ed\u017e\u010fce jsem odsko\u010dil poli spole\u010dn\u011b s Megan a Corem de Grafem. V pr\u016fb\u011bhu Cor odpadl a mn\u011b se poda\u0159ilo vyman\u00e9vrovat Megan a zv\u00edt\u011bzit o d\u00e9lku lodi. Po\u0159ad\u00ed v c\u00edli bylo J\u00e1, Megan a Cor. Sa\u0161a dojel 5. a Viktor 7. <br \/>V posledn\u00ed rozj\u00ed\u017e\u010fce dne vzala Megan op\u011bt v\u011bci pevn\u011b do rukou. Druh\u00e1 dojela jej\u00ed krajanka Fiona Taylor t\u011bsn\u011b p\u0159ed Fredem Imhoffem. J\u00e1 pojistil svou pozici 4. m\u00edstem. Viktor dojel vyrovnan\u011b 6. a Sa\u0161a 11. P\u0159ed posledn\u00edm dnem jasn\u011b vedla Megan. N\u00e1sledoval Fred a s t\u0159\u00edbodov\u00fdm odstupem j\u00e1. Viktor dr\u017eel p\u011bkn\u00e9 5. m\u00edsto, Sa\u0161a byl 7.<br \/> Ned\u011ble byla podmra\u010den\u00e1, ji\u017en\u00ed v\u00edtr okolo 5 m\/s s postupn\u011b klesaj\u00edc\u00ed ke 2 m\/s. T\u0159\u00edkolovou rozj\u00ed\u017e\u010fku s n\u00e1skokem vyhr\u00e1l Holan\u010fan Hans Rottger. Megan dojela druh\u00e1, t\u011bsn\u011b p\u0159ed Sa\u0161ou. M\u016fj pl\u00e1novan\u00fd \u00fatok na t\u0159et\u00ed m\u00edsto skon\u010dil na 17. pozici. Viktor doplatil na p\u0159etr\u017een\u00e9 veden\u00ed kormidla a po provizorn\u00ed oprav\u011b obsadil posledn\u00ed pozici. <br \/>Posledn\u00ed rozj\u00ed\u017e\u010fku vyhr\u00e1l m\u00edstn\u00ed borec Alex Helsen p\u0159ed Fredem Imhoffem a Holan\u010fankou Jade Ottema. J\u00e1 dojel 6., Sa\u0161a 10. a Viktor 12. <\/p>\n<p><u>Celkov\u00e9 po\u0159ad\u00ed:<\/u><\/p>\n<p> 1. Megan Pascoe(GBR) <br \/>2. Fred Imhoff(BEL) <br \/>3. Steve Bullmore(GBR) <br \/>4. Daniel B\u00edna(CZE) <br \/>5. Alex Helsen(BEL) <br \/>6. Alex Sad\u00edlek(CZE) <br \/>7. Viktor Sad\u00edlek(CZE) <\/p>\n<p>Celkov\u00e9 v\u00fdsledku jsou k vid\u011bn\u00ed <a href=\"http:\/\/www.rycb.be\/UserFiles\/File\/Wedstrijden\/2011\/R.Y.C.B.Antwerp%20City%20Cup %202011%20for%202.4%20mR_Results.pdf\" target=\"_blank\"> zde<\/a> <\/p>\n<p> \/Daniel B\u00edna\/ <\/p>\n","protected":false},"excerpt":{"rendered":"<a href=\"https:\/\/www.caths.cz\/wordpress\/mezinarodni-mistrovstvi-belgie-lodni-tridy-24mr-aneb-jak-se-plachti-na-belgickem-bolevaku\/\"><img loading=\"lazy\" decoding=\"async\" width=\"100\" height=\"100\" src=\"https:\/\/www.caths.cz\/wordpress\/wp-content\/plugins\/thumbnail-for-excerpts\/tfe_no_thumb.png\" class=\"alignleft wp-post-image tfe\" alt=\"\" title=\"\" \/><\/a><p>Od 27. do 30. \u0159\u00edjna se pod z\u00e1\u0161titou Belgick\u00e9ho kr\u00e1lovsk\u00e9ho jachetn\u00edho klubu konalo mezin\u00e1rodn\u00ed mistrovstv\u00ed Belgie. K v\u0161eobecn\u00e9mu p\u0159ekvapen\u00ed bylo vybr\u00e1no centrum na jeze\u0159e Galgenweel, prakticky v centru Antwerp. Voda [&hellip;]<\/p>\n","protected":false},"author":1,"featured_media":0,"comment_status":"closed","ping_status":"closed","sticky":false,"template":"","format":"standard","meta":{"ngg_post_thumbnail":0,"footnotes":""},"categories":[11],"tags":[],"class_list":["post-2061","post","type-post","status-publish","format-standard","hentry","category-jachting"],"_links":{"self":[{"href":"https:\/\/www.caths.cz\/wordpress\/wp-json\/wp\/v2\/posts\/2061","targetHints":{"allow":["GET"]}}],"collection":[{"href":"https:\/\/www.caths.cz\/wordpress\/wp-json\/wp\/v2\/posts"}],"about":[{"href":"https:\/\/www.caths.cz\/wordpress\/wp-json\/wp\/v2\/types\/post"}],"author":[{"embeddable":true,"href":"https:\/\/www.caths.cz\/wordpress\/wp-json\/wp\/v2\/users\/1"}],"replies":[{"embeddable":true,"href":"https:\/\/www.caths.cz\/wordpress\/wp-json\/wp\/v2\/comments?post=2061"}],"version-history":[{"count":0,"href":"https:\/\/www.caths.cz\/wordpress\/wp-json\/wp\/v2\/posts\/2061\/revisions"}],"wp:attachment":[{"href":"https:\/\/www.caths.cz\/wordpress\/wp-json\/wp\/v2\/media?parent=2061"}],"wp:term":[{"taxonomy":"category","embeddable":true,"href":"https:\/\/www.caths.cz\/wordpress\/wp-json\/wp\/v2\/categories?post=2061"},{"taxonomy":"post_tag","embeddable":true,"href":"https:\/\/www.caths.cz\/wordpress\/wp-json\/wp\/v2\/tags?post=2061"}],"curies":[{"name":"wp","href":"https:\/\/api.w.org\/{rel}","templated":true}]}}