{"id":2060,"date":"2011-11-02T00:21:40","date_gmt":"2011-11-01T23:21:40","guid":{"rendered":"http:\/\/www.caths.cz\/wordpress\/?p=2060"},"modified":"2011-11-02T00:21:40","modified_gmt":"2011-11-01T23:21:40","slug":"vitezne-fotografie-michala-cerveneho-budou-doprovazet-reprezentacni-tym-ceske-republiky-telesne-a-zrakove-postizenych-cyklistu-az-do-londyna","status":"publish","type":"post","link":"https:\/\/www.caths.cz\/wordpress\/vitezne-fotografie-michala-cerveneho-budou-doprovazet-reprezentacni-tym-ceske-republiky-telesne-a-zrakove-postizenych-cyklistu-az-do-londyna\/","title":{"rendered":"V\u00edt\u011bzn\u00e9 fotografie Michala \u010cerven\u00e9ho budou doprov\u00e1zet reprezenta\u010dn\u00ed t\u00fdm \u010cesk\u00e9 republiky T\u011blesn\u011b a zrakov\u011b posti\u017een\u00fdch cyklist\u016f a\u017e do Lond\u00fdna"},"content":{"rendered":"<p align=\"justify\">Kdy\u017e fotograf zpravodajsk\u00e9ho serveru  www.mtbs.cz  Michal \u010cerven\u00fd p\u0159ijal nab\u00eddku reprezenta\u010dn\u00edho t\u00fdmu T\u011blesn\u011b a zrakov\u011b posti\u017een\u00fdch cyklist\u016f, aby se spole\u010dn\u011b s t\u00edmto t\u00fdmem z\u00fa\u010dastnil silni\u010dn\u00edho mistrovstv\u00ed sv\u011bta v d\u00e1nsk\u00e9m Roskilde, ur\u010dit\u011b netu\u0161il, kolik hlubok\u00fdch emoc\u00ed sv\u00fdmi fotografiemi zp\u016fsob\u00ed.<\/p>\n<p align=\"justify\">U\u017e prvotn\u00ed Michalova fotoreport\u00e1\u017e, kterou jsme na www.caths.cz otiskovali po ka\u017ed\u00e9m z\u00e1vodn\u00edm dni vzbudila opravdov\u00e9 nad\u0161en\u00ed. Ve velmi kr\u00e1tk\u00e9 dob\u011b pak p\u0159i\u0161lo ocen\u011bn\u00ed v \u010cesk\u00e9 republice nejv\u011bt\u0161\u00ed \u2013 fotografie Michala \u010cerven\u00e9ho z\u00edskaly presti\u017en\u00ed ocen\u011bn\u00ed Czech Press Photo v kategorii Canon Junior Award.<br \/> Tato skute\u010dnost je ale jen jak\u00fdmsi odrazov\u00fdm m\u016fstkem pro dal\u0161\u00ed projekt, kter\u00fd bude odstartov\u00e1n v sobotu 12.11.2011 v 10:00 hodin na brn\u011bnsk\u00e9 v\u00fdstav\u011b Sport Life ve st\u00e1nku firmy NUTREND, gener\u00e1ln\u00edho partnera \u010desk\u00e9 reprezentace t\u011blesn\u011b a zrakov\u011b handicapovan\u00fdch cyklist\u016f.<\/p>\n<p> Ze v\u0161ech fotografi\u00ed, kter\u00e9 Michal v D\u00e1nsku nafotil bylo vybr\u00e1no 25 nejzaj\u00edmav\u011bj\u0161\u00edch, v\u010detn\u011b fotografi\u00ed, kter\u00e9 obdr\u017eely cenu Czech Press Photo. Fotografie byly p\u0159eti\u0161t\u011bny do velkoform\u00e1tov\u00e9ho rozm\u011bru a tvo\u0159\u00ed velmi p\u016fsobivou galerii. Tato vernis\u00e1\u017e poputuje v pr\u016fb\u011bhu roku po v\u00fdznamn\u00fdch m\u00edstech a instituc\u00edch na\u0161\u00ed republiky a bude propagovat reprezenta\u010dn\u00ed t\u00fdm T\u011blesn\u011b a zrakov\u011b handicapovan\u00fdch cyklist\u016f na cest\u011b k paralympijsk\u00fdm hr\u00e1m v Lond\u00fdn\u011b 2012. Ov\u0161em smyslem v\u00fdstavy nebude pouze propagace t\u00fdmu a partner\u016f, kte\u0159\u00ed cyklistice handicapovan\u00fdch pom\u00e1haj\u00ed. Fotografie p\u0159edstavuj\u00ed p\u0159\u00edb\u011bh, velmi p\u016fsobiv\u00fd , velmi emotivn\u00ed, bud\u00ed nad\u0161en\u00ed, hrdost, l\u00edtost, respekt a p\u0159edev\u0161\u00edm obdiv. Obdiv k mimo\u0159\u00e1dn\u00fdm v\u00fdkon\u016fm handicapovan\u00fdch sportovc\u016f, kter\u00e9 jsou motivac\u00ed n\u00e1s v\u0161echny.<\/p>\n<p> Po cel\u00fd prosinec by v\u00fdstava m\u011bla b\u00fdt um\u00edst\u011bna ve vstupn\u00ed hale Fakultn\u00ed nemocnice Motol v Praze. V\u011bt\u0161ina akt\u00e9r\u016f, kter\u00e9 na fotografi\u00edch uvid\u00edte si toti\u017e t\u00edmto m\u00edstem pro\u0161la, kdy\u017e osudov\u00e1 skute\u010dnost zm\u011bnila jejich \u017eivoty.<br \/> V lednu pak budou fotografie vystaveny \u0161irok\u00e9 ve\u0159ejnosti na Magistr\u00e1tu Hlavn\u00edho m\u011bsta Prahy.<br \/> A pak u\u017e v\u00fdstava poputuje do dal\u0161\u00edch m\u011bst \u010cesk\u00e9 republiky. O cest\u011b v\u00fdstavy v\u00e1s budeme pravideln\u011b informovat. <\/p>\n<p> <img decoding=\"async\" src=\"\/wordpress\/image\/sekretarky\/MC\/4.jpg\"> <\/p>\n","protected":false},"excerpt":{"rendered":"<a href=\"https:\/\/www.caths.cz\/wordpress\/vitezne-fotografie-michala-cerveneho-budou-doprovazet-reprezentacni-tym-ceske-republiky-telesne-a-zrakove-postizenych-cyklistu-az-do-londyna\/\"><img loading=\"lazy\" decoding=\"async\" width=\"100\" height=\"100\" src=\"https:\/\/www.caths.cz\/wordpress\/wp-content\/plugins\/thumbnail-for-excerpts\/tfe_no_thumb.png\" class=\"alignleft wp-post-image tfe\" alt=\"\" title=\"\" \/><\/a><p>Kdy\u017e fotograf zpravodajsk\u00e9ho serveru www.mtbs.cz Michal \u010cerven\u00fd p\u0159ijal nab\u00eddku reprezenta\u010dn\u00edho t\u00fdmu T\u011blesn\u011b a zrakov\u011b posti\u017een\u00fdch cyklist\u016f, aby se spole\u010dn\u011b s t\u00edmto t\u00fdmem z\u00fa\u010dastnil silni\u010dn\u00edho mistrovstv\u00ed sv\u011bta v d\u00e1nsk\u00e9m Roskilde, ur\u010dit\u011b [&hellip;]<\/p>\n","protected":false},"author":1,"featured_media":0,"comment_status":"closed","ping_status":"closed","sticky":false,"template":"","format":"standard","meta":{"ngg_post_thumbnail":0,"footnotes":""},"categories":[6],"tags":[],"class_list":["post-2060","post","type-post","status-publish","format-standard","hentry","category-caths-info"],"_links":{"self":[{"href":"https:\/\/www.caths.cz\/wordpress\/wp-json\/wp\/v2\/posts\/2060","targetHints":{"allow":["GET"]}}],"collection":[{"href":"https:\/\/www.caths.cz\/wordpress\/wp-json\/wp\/v2\/posts"}],"about":[{"href":"https:\/\/www.caths.cz\/wordpress\/wp-json\/wp\/v2\/types\/post"}],"author":[{"embeddable":true,"href":"https:\/\/www.caths.cz\/wordpress\/wp-json\/wp\/v2\/users\/1"}],"replies":[{"embeddable":true,"href":"https:\/\/www.caths.cz\/wordpress\/wp-json\/wp\/v2\/comments?post=2060"}],"version-history":[{"count":0,"href":"https:\/\/www.caths.cz\/wordpress\/wp-json\/wp\/v2\/posts\/2060\/revisions"}],"wp:attachment":[{"href":"https:\/\/www.caths.cz\/wordpress\/wp-json\/wp\/v2\/media?parent=2060"}],"wp:term":[{"taxonomy":"category","embeddable":true,"href":"https:\/\/www.caths.cz\/wordpress\/wp-json\/wp\/v2\/categories?post=2060"},{"taxonomy":"post_tag","embeddable":true,"href":"https:\/\/www.caths.cz\/wordpress\/wp-json\/wp\/v2\/tags?post=2060"}],"curies":[{"name":"wp","href":"https:\/\/api.w.org\/{rel}","templated":true}]}}