{"id":2059,"date":"2011-10-31T21:30:57","date_gmt":"2011-10-31T20:30:57","guid":{"rendered":"http:\/\/www.caths.cz\/wordpress\/?p=2059"},"modified":"2011-10-31T21:30:57","modified_gmt":"2011-10-31T20:30:57","slug":"prazsky-cyklokros-pripraven-soucasti-programu-bude-i-finalovy-zavod-ceskeho-poharu-horskych-kol-handicapovanych-cyklistu-2011","status":"publish","type":"post","link":"https:\/\/www.caths.cz\/wordpress\/prazsky-cyklokros-pripraven-soucasti-programu-bude-i-finalovy-zavod-ceskeho-poharu-horskych-kol-handicapovanych-cyklistu-2011\/","title":{"rendered":"Pra\u017esk\u00fd cyklokros p\u0159ipraven, sou\u010d\u00e1st\u00ed programu bude i fin\u00e1lov\u00fd z\u00e1vod \u010cesk\u00e9ho poh\u00e1ru horsk\u00fdch kol handicapovan\u00fdch cyklist\u016f 2011"},"content":{"rendered":"<p align=\"justify\"> Pra\u017esk\u00fd cyklokros je vyps\u00e1n jako z\u00e1vod \u010cesk\u00e9ho poh\u00e1ru kategori\u00ed Masters. Pro \u010dleny pra\u017esk\u00fdch klub\u016f je z\u00e1vod z\u00e1rove\u0148 i presti\u017en\u00edm Mistrovstv\u00edm Prahy v cyklokrosu v\u0161ech v\u011bkov\u00fdch kategori\u00ed.<br \/> Dal\u0161\u00ed zaj\u00edmavost\u00ed je vlo\u017een\u00fd ve\u0159ejn\u00fd z\u00e1vod horsk\u00fdch kol pro v\u0161echny v\u011bkov\u00e9 kategorie, kter\u00fd se p\u0159i sv\u00e9 lo\u0148sk\u00e9 premi\u00e9\u0159e setkal s velmi pozitivn\u00edm ohlasem a pro tento rok se o\u010dek\u00e1v\u00e1 po\u010detn\u00e1 \u00fa\u010dast hobby biker\u016f z cel\u00e9 republiky. <\/p>\n<p> <strong><img decoding=\"async\" src=\"\/wordpress\/image\/k_clankum\/kocman_prazsky_cyklokros_min.jpg\" ALIGN=\"right\" HSPACE=5 VSPACE=5\"> Z\u00e1vod horsk\u00fdch kol bude vyps\u00e1n i pro kategorie handicapovan\u00fdch cyklist\u016f, pro kter\u00e9 bude tento podnik posledn\u00edm d\u00edlem \u010cesk\u00e9ho poh\u00e1ru horsk\u00fdch kol handicapovan\u00fdch cyklist\u016f 2011. V\u0161ichni z\u00e1jemci o start v kategorii handicapovan\u00fdch cyklist\u016f budou m\u00edt, jako v\u017edy, vytvo\u0159en\u00e9 z\u00e1zem\u00ed ve stanu \u010cern\u00fdch kon\u00ed, kter\u00fd naleznete na viditeln\u00e9m m\u00edst\u011b v prostoru startu a c\u00edle. Zde si tak\u00e9 budete moci prohl\u00e9dnout ter\u00e9nn\u00ed handbike a z\u00edskat informace o cel\u00e9m projektu \u010cesk\u00e9ho poh\u00e1ru horsk\u00fdch kol handicapovan\u00fdch cyklist\u016f. Handicapovan\u00ed cyklist\u00e9, jak je ji\u017e na z\u00e1vodech \u010cP MTB Handicap zvykem &#8211; nebudou platit startovn\u00e9. <br \/> Pro \u00faplnost je\u0161t\u011b dod\u00e1v\u00e1me, \u017ee celkov\u00e9 v\u00fdsledky \u010cesk\u00e9ho poh\u00e1ru horsk\u00fdch kol handicapovan\u00fdch cyklist\u016f 2011 budou vyhl\u00e1\u0161eny na Galave\u010deru HANDICUP 24.11. 2011. <br \/> V\u00edce o tomto p\u0159ineseme v samostatn\u00e9 report\u00e1\u017ei. <\/strong> <\/p>\n<p> Tra\u0165 cyklokrosu doznala oproti lo\u0148sku m\u00edrn\u00fdch zm\u011bn, kter\u00e9 ji je\u0161t\u011b v\u00edce zatraktivnily a po\u0159adatel\u00e9 se netaj\u00ed t\u00edm, \u017ee by z\u00e1vod m\u011bl v p\u0159\u00ed\u0161t\u00edch letech dostat v\u00fdznamn\u00fd mezin\u00e1rodn\u00ed rozm\u011br. V Praze bude v\u0161e, co s cyklokrosem souvis\u00ed, tedy i cyklokrosov\u00fd moder\u00e1tor Jind\u0159ich Pulman, legend\u00e1rn\u00ed \u201etvar\u016f\u017ekov\u00fd st\u00e1nek z Lo\u0161tic\u201c Emila Hekeleho a \u0159ada osobnost\u00ed \u010desk\u00e9ho cyklokrosu a \u010desk\u00e9 cyklistiky, kter\u00e9 uvid\u00edme z\u00e1vodit v kategori\u00edch Masters. <br \/> Ale i v ostatn\u00edch kategori\u00edch se o\u010dek\u00e1v\u00e1 \u00fa\u010dast \u010desk\u00e9 cyklokrosov\u00e9 \u0161pi\u010dky a pro nejlep\u0161\u00edho \u017e\u00e1ka maj\u00ed po\u0159adatel\u00e9 p\u0159ipravenou opravdu atraktivn\u00ed trofej \u2013 podepsan\u00fd duhov\u00fd dres mistra sv\u011bta Jaroslava Kulhav\u00e9ho. <br \/> Z\u00e1vody vyvrchol\u00ed startem kategorie Elite, kde se o\u010dek\u00e1v\u00e1, v Praze ji\u017e tradi\u010dn\u00ed souboj \u010desk\u00e9 bikov\u00e9 \u0161pi\u010dky s cyklokrosa\u0159i specialisty. Zat\u00edm to je 1:1. Prvn\u00ed Pra\u017esk\u00fd cyklokros se toti\u017e stal ko\u0159ist\u00ed Zde\u0148ka Mlyn\u00e1\u0159e, juniorsk\u00e9ho mistra sv\u011bta v cyklokrosu a v lo\u0148sk\u00e9m, druh\u00e9m ro\u010dn\u00edku zase zv\u00edt\u011bzil biker \u2013 Ji\u0159\u00ed Friedl. <br \/> Sou\u010d\u00e1st\u00ed programu bude neodmysliteln\u011b i ve\u0159ejn\u00fd z\u00e1vod BMX v\u0161ech v\u011bkov\u00fdch kategori\u00ed na nov\u011b zrekonstruovan\u00e9 trati Bikrosclubu \u0158epy. A i tady se div\u00e1ci maj\u00ed na co t\u011b\u0161it, tra\u0165 v \u0158ep\u00edch toti\u017e doznala zna\u010dn\u00fdch zm\u011bn a d\u00e1 se \u0159\u00edci, \u017ee v \u0158ep\u00edch roste opravdov\u00fd chr\u00e1m \u010desk\u00e9ho bikrosu se sv\u011btov\u00fdmi parametry skok\u016f. Autorem a architektem zm\u011bn je \u00fa\u0159aduj\u00edc\u00ed mistr republiky BMX Luk\u00e1\u0161 Tamme a podzimn\u00ed ve\u0159ejn\u00fd z\u00e1vod bude prvn\u00ed prov\u011brkou trati pro Mistrovstv\u00ed \u010cesk\u00e9 republiky BMX, kter\u00e9 se v \u0158ep\u00edch pojede 28.4. 2012. <\/p>\n<p> Propozice pro Pra\u017esk\u00fd cyklokros ke sta\u017een\u00ed <a href=\"http:\/\/www.caths.cz\/storage\/cyklistika\/propozice cyklokros 2011.pdf\" target=\"_blank\"> zde<\/a><br \/> Propozice pro BMX King of Prague ke sta\u017een\u00ed <a href=\"http:\/\/www.caths.cz\/storage\/cyklistika\/propozice_King_of_Prague_BMX_listopad_2011.pdf\" target=\"_blank\"> zde<\/a><\/p>\n","protected":false},"excerpt":{"rendered":"<a href=\"https:\/\/www.caths.cz\/wordpress\/prazsky-cyklokros-pripraven-soucasti-programu-bude-i-finalovy-zavod-ceskeho-poharu-horskych-kol-handicapovanych-cyklistu-2011\/\"><img loading=\"lazy\" decoding=\"async\" width=\"100\" height=\"100\" src=\"https:\/\/www.caths.cz\/wordpress\/wp-content\/plugins\/thumbnail-for-excerpts\/tfe_no_thumb.png\" class=\"alignleft wp-post-image tfe\" alt=\"\" title=\"\" \/><\/a><p>Pra\u017esk\u00fd cyklokros je vyps\u00e1n jako z\u00e1vod \u010cesk\u00e9ho poh\u00e1ru kategori\u00ed Masters. Pro \u010dleny pra\u017esk\u00fdch klub\u016f je z\u00e1vod z\u00e1rove\u0148 i presti\u017en\u00edm Mistrovstv\u00edm Prahy v cyklokrosu v\u0161ech v\u011bkov\u00fdch kategori\u00ed. Dal\u0161\u00ed zaj\u00edmavost\u00ed je vlo\u017een\u00fd [&hellip;]<\/p>\n","protected":false},"author":1,"featured_media":0,"comment_status":"closed","ping_status":"closed","sticky":false,"template":"","format":"standard","meta":{"ngg_post_thumbnail":0,"footnotes":""},"categories":[40],"tags":[],"class_list":["post-2059","post","type-post","status-publish","format-standard","hentry","category-pojed-s-nami"],"_links":{"self":[{"href":"https:\/\/www.caths.cz\/wordpress\/wp-json\/wp\/v2\/posts\/2059","targetHints":{"allow":["GET"]}}],"collection":[{"href":"https:\/\/www.caths.cz\/wordpress\/wp-json\/wp\/v2\/posts"}],"about":[{"href":"https:\/\/www.caths.cz\/wordpress\/wp-json\/wp\/v2\/types\/post"}],"author":[{"embeddable":true,"href":"https:\/\/www.caths.cz\/wordpress\/wp-json\/wp\/v2\/users\/1"}],"replies":[{"embeddable":true,"href":"https:\/\/www.caths.cz\/wordpress\/wp-json\/wp\/v2\/comments?post=2059"}],"version-history":[{"count":0,"href":"https:\/\/www.caths.cz\/wordpress\/wp-json\/wp\/v2\/posts\/2059\/revisions"}],"wp:attachment":[{"href":"https:\/\/www.caths.cz\/wordpress\/wp-json\/wp\/v2\/media?parent=2059"}],"wp:term":[{"taxonomy":"category","embeddable":true,"href":"https:\/\/www.caths.cz\/wordpress\/wp-json\/wp\/v2\/categories?post=2059"},{"taxonomy":"post_tag","embeddable":true,"href":"https:\/\/www.caths.cz\/wordpress\/wp-json\/wp\/v2\/tags?post=2059"}],"curies":[{"name":"wp","href":"https:\/\/api.w.org\/{rel}","templated":true}]}}