{"id":2058,"date":"2011-10-30T13:07:18","date_gmt":"2011-10-30T12:07:18","guid":{"rendered":"http:\/\/www.caths.cz\/wordpress\/?p=2058"},"modified":"2011-10-30T13:07:18","modified_gmt":"2011-10-30T12:07:18","slug":"evropsky-sampionat-atletu-2012-se-bude-konat-v-nizozemsku","status":"publish","type":"post","link":"https:\/\/www.caths.cz\/wordpress\/evropsky-sampionat-atletu-2012-se-bude-konat-v-nizozemsku\/","title":{"rendered":"Evropsk\u00fd \u0161ampion\u00e1t atlet\u016f 2012 se bude konat v Nizozemsku"},"content":{"rendered":"<p align=\"justify\">\nMezin\u00e1rodn\u00ed paralympijsk\u00fd v\u00fdbor v\u010dera zve\u0159ejnil po\u0159adatele atletick\u00e9ho evropsk\u00e9ho \u0161ampion\u00e1tu 2012, kter\u00fd bude ve dnech 24. a\u017e 27. \u010dervna 2012 prob\u00edhat ve m\u011bst\u011b Stadskanaal na severv\u00fdchod\u011b Nizozemska.<\/p>\n<p align=\"justify\"> Stadskanaal nen\u00ed pro atlety nezn\u00e1mou destinac\u00ed, proto\u017ee nap\u0159. v roce 2010 se zde konalo otev\u0159en\u00e9 mistrovstv\u00ed Evropy IWAS.<br \/> Po\u0159adatel\u00e9 o\u010dek\u00e1vaj\u00ed \u00fa\u010dast a\u017e 500 sportovc\u016f ze 40 zem\u00ed, pro kter\u00e9 bude \u0161ampion\u00e1t nejen velkou gener\u00e1lkou p\u0159ed paralympijsk\u00fdmi hrami v Lond\u00fdn\u011b, ale tak\u00e9 p\u0159\u00edle\u017eitost\u00ed ke spln\u011bn\u00ed kvalifika\u010dn\u00edch limit\u016f na hry.<br \/> Po \u00faspe\u0161n\u00fdch sv\u011btov\u00fdch mistrovstv\u00edch v atletice v Assenu v roce 2006 a v plav\u00e1n\u00ed v Eindhovenu 2010, tak bude Nizozemsko op\u011bt hostit vrcholnou akci IPC. <\/p>\n","protected":false},"excerpt":{"rendered":"<a href=\"https:\/\/www.caths.cz\/wordpress\/evropsky-sampionat-atletu-2012-se-bude-konat-v-nizozemsku\/\"><img loading=\"lazy\" decoding=\"async\" width=\"100\" height=\"100\" src=\"https:\/\/www.caths.cz\/wordpress\/wp-content\/plugins\/thumbnail-for-excerpts\/tfe_no_thumb.png\" class=\"alignleft wp-post-image tfe\" alt=\"\" title=\"\" \/><\/a><p>Mezin\u00e1rodn\u00ed paralympijsk\u00fd v\u00fdbor v\u010dera zve\u0159ejnil po\u0159adatele atletick\u00e9ho evropsk\u00e9ho \u0161ampion\u00e1tu 2012, kter\u00fd bude ve dnech 24. a\u017e 27. \u010dervna 2012 prob\u00edhat ve m\u011bst\u011b Stadskanaal na severv\u00fdchod\u011b Nizozemska. Stadskanaal nen\u00ed pro atlety [&hellip;]<\/p>\n","protected":false},"author":1,"featured_media":0,"comment_status":"closed","ping_status":"closed","sticky":false,"template":"","format":"standard","meta":{"ngg_post_thumbnail":0,"footnotes":""},"categories":[5],"tags":[],"class_list":["post-2058","post","type-post","status-publish","format-standard","hentry","category-atletika"],"_links":{"self":[{"href":"https:\/\/www.caths.cz\/wordpress\/wp-json\/wp\/v2\/posts\/2058","targetHints":{"allow":["GET"]}}],"collection":[{"href":"https:\/\/www.caths.cz\/wordpress\/wp-json\/wp\/v2\/posts"}],"about":[{"href":"https:\/\/www.caths.cz\/wordpress\/wp-json\/wp\/v2\/types\/post"}],"author":[{"embeddable":true,"href":"https:\/\/www.caths.cz\/wordpress\/wp-json\/wp\/v2\/users\/1"}],"replies":[{"embeddable":true,"href":"https:\/\/www.caths.cz\/wordpress\/wp-json\/wp\/v2\/comments?post=2058"}],"version-history":[{"count":0,"href":"https:\/\/www.caths.cz\/wordpress\/wp-json\/wp\/v2\/posts\/2058\/revisions"}],"wp:attachment":[{"href":"https:\/\/www.caths.cz\/wordpress\/wp-json\/wp\/v2\/media?parent=2058"}],"wp:term":[{"taxonomy":"category","embeddable":true,"href":"https:\/\/www.caths.cz\/wordpress\/wp-json\/wp\/v2\/categories?post=2058"},{"taxonomy":"post_tag","embeddable":true,"href":"https:\/\/www.caths.cz\/wordpress\/wp-json\/wp\/v2\/tags?post=2058"}],"curies":[{"name":"wp","href":"https:\/\/api.w.org\/{rel}","templated":true}]}}