{"id":2056,"date":"2011-10-28T18:45:09","date_gmt":"2011-10-28T17:45:09","guid":{"rendered":"http:\/\/www.caths.cz\/wordpress\/?p=2056"},"modified":"2011-10-28T18:45:09","modified_gmt":"2011-10-28T17:45:09","slug":"cesi-privezou-ze-splitu-tymove-stribro","status":"publish","type":"post","link":"https:\/\/www.caths.cz\/wordpress\/cesi-privezou-ze-splitu-tymove-stribro\/","title":{"rendered":"\u010ce\u0161i p\u0159ivezou ze Splitu t\u00fdmov\u00e9 st\u0159\u00edbro"},"content":{"rendered":"<p align=\"justify\">\nV z\u00e1v\u011bre\u010dn\u00e9 sout\u011b\u017ei dru\u017estev vybojovala \u010desk\u00e1 dvojice Jaroslav Hadrava &#8211; Ren\u00e9 Tau\u0161 st\u0159\u00edbrn\u00e9 medaile z evropsk\u00e9ho \u0161ampion\u00e1tu.<\/p>\n<p align=\"justify\"> \u010cesk\u00e1 dvojice nejd\u0159\u00edve ve velmi nap\u00ednav\u00e9m dopoledn\u00edm semifin\u00e1le postoupila p\u0159es Fracouze 3:2. Stejn\u00fdm rozd\u00edlem porazili Srbov\u00e9 N\u011bmce.<br \/> Odpoledne pak na\u0161i ve fin\u00e1le podlehli Srb\u016fm 1:3. Bronzov\u00e9 medaile vybojovali Francouzi. <\/p>\n<p>Fotografie ze \u0161ampion\u00e1tu si m\u016f\u017eete prohl\u00e9dnout <a href=\"http:\/\/www.flickr.com\/photos\/gmarziou\/collections\/72157627849343043\/\" target=\"_blank\"> zde<\/a><\/p>\n","protected":false},"excerpt":{"rendered":"<a href=\"https:\/\/www.caths.cz\/wordpress\/cesi-privezou-ze-splitu-tymove-stribro\/\"><img loading=\"lazy\" decoding=\"async\" width=\"100\" height=\"100\" src=\"https:\/\/www.caths.cz\/wordpress\/wp-content\/plugins\/thumbnail-for-excerpts\/tfe_no_thumb.png\" class=\"alignleft wp-post-image tfe\" alt=\"\" title=\"\" \/><\/a><p>V z\u00e1v\u011bre\u010dn\u00e9 sout\u011b\u017ei dru\u017estev vybojovala \u010desk\u00e1 dvojice Jaroslav Hadrava &#8211; Ren\u00e9 Tau\u0161 st\u0159\u00edbrn\u00e9 medaile z evropsk\u00e9ho \u0161ampion\u00e1tu. \u010cesk\u00e1 dvojice nejd\u0159\u00edve ve velmi nap\u00ednav\u00e9m dopoledn\u00edm semifin\u00e1le postoupila p\u0159es Fracouze 3:2. Stejn\u00fdm [&hellip;]<\/p>\n","protected":false},"author":1,"featured_media":0,"comment_status":"closed","ping_status":"closed","sticky":false,"template":"","format":"standard","meta":{"ngg_post_thumbnail":0,"footnotes":""},"categories":[19],"tags":[],"class_list":["post-2056","post","type-post","status-publish","format-standard","hentry","category-stolni-tenis"],"_links":{"self":[{"href":"https:\/\/www.caths.cz\/wordpress\/wp-json\/wp\/v2\/posts\/2056","targetHints":{"allow":["GET"]}}],"collection":[{"href":"https:\/\/www.caths.cz\/wordpress\/wp-json\/wp\/v2\/posts"}],"about":[{"href":"https:\/\/www.caths.cz\/wordpress\/wp-json\/wp\/v2\/types\/post"}],"author":[{"embeddable":true,"href":"https:\/\/www.caths.cz\/wordpress\/wp-json\/wp\/v2\/users\/1"}],"replies":[{"embeddable":true,"href":"https:\/\/www.caths.cz\/wordpress\/wp-json\/wp\/v2\/comments?post=2056"}],"version-history":[{"count":0,"href":"https:\/\/www.caths.cz\/wordpress\/wp-json\/wp\/v2\/posts\/2056\/revisions"}],"wp:attachment":[{"href":"https:\/\/www.caths.cz\/wordpress\/wp-json\/wp\/v2\/media?parent=2056"}],"wp:term":[{"taxonomy":"category","embeddable":true,"href":"https:\/\/www.caths.cz\/wordpress\/wp-json\/wp\/v2\/categories?post=2056"},{"taxonomy":"post_tag","embeddable":true,"href":"https:\/\/www.caths.cz\/wordpress\/wp-json\/wp\/v2\/tags?post=2056"}],"curies":[{"name":"wp","href":"https:\/\/api.w.org\/{rel}","templated":true}]}}