{"id":2053,"date":"2011-10-25T00:16:26","date_gmt":"2011-10-24T23:16:26","guid":{"rendered":"http:\/\/www.caths.cz\/wordpress\/?p=2053"},"modified":"2011-10-25T00:16:26","modified_gmt":"2011-10-24T23:16:26","slug":"bude-tereza-diepoldova-miss-cyklistiky-hlasovat-muzete-i-vy","status":"publish","type":"post","link":"https:\/\/www.caths.cz\/wordpress\/bude-tereza-diepoldova-miss-cyklistiky-hlasovat-muzete-i-vy\/","title":{"rendered":"Bude Tereza Diepoldov\u00e1 MISS cyklistiky? Hlasovat m\u016f\u017eete i vy!"},"content":{"rendered":"<p align=\"justify\">   Nejd\u0159\u00edve o sv\u00e9 \u00fa\u010dasti v anket\u011b Miss cyklistiky 2011 necht\u011bla sympatick\u00e1, dvojn\u00e1sobn\u00e1 medailistka leto\u0161n\u00edho mistrovstv\u00ed sv\u011bta a t\u0159et\u00ed \u017eena Sv\u011btov\u00e9ho poh\u00e1ru 2011, Tereza Diepoldov\u00e1 ani sly\u0161et&#8230;<\/p>\n<p align=\"justify\"> Nakonec ale na nal\u00e9h\u00e1n\u00ed sv\u00fdch cyklistick\u00fdch reprezenta\u010dn\u00edch koleg\u016f rezignovala a po\u0159adatel\u00e9 leto\u0161n\u00edho vyhl\u00e1\u0161en\u00ed Miss cyklistiky 2011 mohli Terezu za\u0159adit do sout\u011b\u017ee. <br \/> A porota rozhodla, \u017ee Terka postoup\u00ed do neju\u017e\u0161\u00ed fin\u00e1lov\u00e9 skupiny, kde o Miss cyklistiky 2011 m\u016f\u017eete rozhodnout i vy!<br \/> Tak nev\u00e1hejte a podpo\u0159te Terezu Diepoldovou sv\u00fdm hlasem. <\/p>\n<p> Vstup do sout\u011b\u017ee <a href=\"http:\/\/mtbs.cz\/clanek\/miss-cyklistiky-2011-hlasovani\/kategorie\/ostatni\" target=\"_blank\"> zde<\/a><\/p>\n<p> <img decoding=\"async\" src=\"\/wordpress\/image\/sekretarky\/tereza.jpg\"> <\/p>\n","protected":false},"excerpt":{"rendered":"<a href=\"https:\/\/www.caths.cz\/wordpress\/bude-tereza-diepoldova-miss-cyklistiky-hlasovat-muzete-i-vy\/\"><img loading=\"lazy\" decoding=\"async\" width=\"100\" height=\"100\" src=\"https:\/\/www.caths.cz\/wordpress\/wp-content\/plugins\/thumbnail-for-excerpts\/tfe_no_thumb.png\" class=\"alignleft wp-post-image tfe\" alt=\"\" title=\"\" \/><\/a><p>Nejd\u0159\u00edve o sv\u00e9 \u00fa\u010dasti v anket\u011b Miss cyklistiky 2011 necht\u011bla sympatick\u00e1, dvojn\u00e1sobn\u00e1 medailistka leto\u0161n\u00edho mistrovstv\u00ed sv\u011bta a t\u0159et\u00ed \u017eena Sv\u011btov\u00e9ho poh\u00e1ru 2011, Tereza Diepoldov\u00e1 ani sly\u0161et&#8230; Nakonec ale na nal\u00e9h\u00e1n\u00ed [&hellip;]<\/p>\n","protected":false},"author":1,"featured_media":0,"comment_status":"closed","ping_status":"closed","sticky":false,"template":"","format":"standard","meta":{"ngg_post_thumbnail":0,"footnotes":""},"categories":[6],"tags":[],"class_list":["post-2053","post","type-post","status-publish","format-standard","hentry","category-caths-info"],"_links":{"self":[{"href":"https:\/\/www.caths.cz\/wordpress\/wp-json\/wp\/v2\/posts\/2053","targetHints":{"allow":["GET"]}}],"collection":[{"href":"https:\/\/www.caths.cz\/wordpress\/wp-json\/wp\/v2\/posts"}],"about":[{"href":"https:\/\/www.caths.cz\/wordpress\/wp-json\/wp\/v2\/types\/post"}],"author":[{"embeddable":true,"href":"https:\/\/www.caths.cz\/wordpress\/wp-json\/wp\/v2\/users\/1"}],"replies":[{"embeddable":true,"href":"https:\/\/www.caths.cz\/wordpress\/wp-json\/wp\/v2\/comments?post=2053"}],"version-history":[{"count":0,"href":"https:\/\/www.caths.cz\/wordpress\/wp-json\/wp\/v2\/posts\/2053\/revisions"}],"wp:attachment":[{"href":"https:\/\/www.caths.cz\/wordpress\/wp-json\/wp\/v2\/media?parent=2053"}],"wp:term":[{"taxonomy":"category","embeddable":true,"href":"https:\/\/www.caths.cz\/wordpress\/wp-json\/wp\/v2\/categories?post=2053"},{"taxonomy":"post_tag","embeddable":true,"href":"https:\/\/www.caths.cz\/wordpress\/wp-json\/wp\/v2\/tags?post=2053"}],"curies":[{"name":"wp","href":"https:\/\/api.w.org\/{rel}","templated":true}]}}